{"id":1736,"date":"2024-01-28T19:55:36","date_gmt":"2024-01-28T19:55:36","guid":{"rendered":"https:\/\/www.automakers.cz\/?p=1736"},"modified":"2024-01-29T08:46:38","modified_gmt":"2024-01-29T08:46:38","slug":"audi-predvedlo-novinky-2024-ve-spindlu","status":"publish","type":"post","link":"https:\/\/www.automakers.cz\/?p=1736","title":{"rendered":"Audi p\u0159edvedlo novinky 2024 ve \u0160pindlu"},"content":{"rendered":"<p class=\"xmprfx_MsoNormal\"><strong>Hotel Savoy ve \u0160pindlerov\u011b Ml\u00fdn\u011b hostil ve \u010dtvrtek 25. ledna prezentaci modernizovan\u00fdch model\u016f Audi. \u0160\u00e9f zna\u010dky Marcel Archleb dal novin\u00e1\u0159\u016fm na otestov\u00e1n\u00ed Q8, SQ8, A7, A6 Avant, A6 Allroad, Q7 s kompozitn\u00ed ochranou a tak\u00e9 A4 Avant Perfection.<\/strong><!--more--><\/p>\n<p>\u201eV roce 2022 jsme v \u010cesku registrovali necel\u00fdch 3500 aut, loni jsme p\u0159ekonali\u00a0 \u010d\u00edslovku 4000,\u201c pochlubil se Archleb s t\u00edm, \u017ee \u0161lo o nejlep\u0161\u00ed v\u00fdsledek za 6 let.<\/p>\n<p>Tah\u00e1kem prodej\u016f podle n\u011bj byly modely Q7 a Q8, dob\u0159e \u0161la tak\u00e9 \u0159ada A6. K tomu se prodalo 200 elektromobil\u016f \u0159ady e-tron.<\/p>\n<p>\u201eKrom\u011b toho se chytla na\u0161e nab\u00eddka na model A4 kde jsme u\u017e v prosinci registrovali 500 objedn\u00e1vek,\u201c \u0159ekl \u0161\u00e9f zna\u010dky s t\u00edm, \u017ee siln\u00fdm prodej\u016fm loni pomohla odlo\u017een\u00e1 popt\u00e1vka z minul\u00fdch let, kdy se na nov\u00e1 auta \u010dekalo kv\u016fli logistick\u00fdm probl\u00e9m\u016fm.<\/p>\n<p><img loading=\"lazy\" decoding=\"async\" class=\"alignnone size-medium wp-image-1755\" src=\"http:\/\/www.automakers.cz\/wp-content\/uploads\/2024\/01\/Audi-TK-2024-Archleb-Savoy-900x675.jpg\" alt=\"\" width=\"900\" height=\"675\" srcset=\"https:\/\/www.automakers.cz\/wp-content\/uploads\/2024\/01\/Audi-TK-2024-Archleb-Savoy-900x675.jpg 900w, https:\/\/www.automakers.cz\/wp-content\/uploads\/2024\/01\/Audi-TK-2024-Archleb-Savoy-1024x768.jpg 1024w, https:\/\/www.automakers.cz\/wp-content\/uploads\/2024\/01\/Audi-TK-2024-Archleb-Savoy-768x576.jpg 768w, https:\/\/www.automakers.cz\/wp-content\/uploads\/2024\/01\/Audi-TK-2024-Archleb-Savoy-1536x1152.jpg 1536w, https:\/\/www.automakers.cz\/wp-content\/uploads\/2024\/01\/Audi-TK-2024-Archleb-Savoy.jpg 2040w\" sizes=\"auto, (max-width: 900px) 100vw, 900px\" \/><\/p>\n<p>Audi letos nasad\u00ed \u0159adu modernizac\u00ed, z nich\u017e v\u011bt\u0161ina se podle importu dostane pod dva miliony bez DPH.<\/p>\n<p><strong>Audi Q8<\/strong><\/p>\n<p>Vlajkov\u00e1 lo\u010f rodiny Q a tahoun prodej\u016f zna\u010dky v \u010cR, loni se prodalo osm stovek kus\u016f.<\/p>\n<p>Letos bude na p\u0159\u00e1n\u00ed dod\u00e1van\u00fd exteri\u00e9rov\u00fd paket S line se sportovn\u011bj\u0161\u00edm vzez\u0159en\u00edm. Audi poprv\u00e9 za\u0159azuje do v\u00fdbavy modelu Q8 sv\u011btlomety HD Matrix LED s laserov\u00fdmi d\u00e1lkov\u00fdmi sv\u011btly. Tyto sv\u011btlomety nav\u00edc disponuj\u00ed digit\u00e1ln\u00edmi sv\u011btly pro denn\u00ed sv\u00edcen\u00ed s voliteln\u00fdm sv\u011bteln\u00fdm designem. Digit\u00e1ln\u00ed zadn\u00ed sv\u00edtilny OLED se \u010dty\u0159mi voliteln\u00fdmi designy koncov\u00fdch sv\u011btel zavr\u0161uj\u00ed roz\u0161\u00ed\u0159enou nab\u00eddku osv\u011btlen\u00ed. Vrcholn\u00e9 postaven\u00ed mezi modely Q zd\u016fraz\u0148uj\u00ed nov\u00e1 kola, barvy, ozdobn\u00e1 oblo\u017een\u00ed a sedadla s kontrastn\u00edm pro\u0161\u00edv\u00e1n\u00edm.<\/p>\n<p><img loading=\"lazy\" decoding=\"async\" class=\"alignnone size-medium wp-image-1759\" src=\"http:\/\/www.automakers.cz\/wp-content\/uploads\/2024\/01\/Audi-cervene-snih-Spindl-900x600.jpg\" alt=\"\" width=\"900\" height=\"600\" srcset=\"https:\/\/www.automakers.cz\/wp-content\/uploads\/2024\/01\/Audi-cervene-snih-Spindl-900x600.jpg 900w, https:\/\/www.automakers.cz\/wp-content\/uploads\/2024\/01\/Audi-cervene-snih-Spindl-1024x682.jpg 1024w, https:\/\/www.automakers.cz\/wp-content\/uploads\/2024\/01\/Audi-cervene-snih-Spindl-768x512.jpg 768w, https:\/\/www.automakers.cz\/wp-content\/uploads\/2024\/01\/Audi-cervene-snih-Spindl.jpg 1238w\" sizes=\"auto, (max-width: 900px) 100vw, 900px\" \/><\/p>\n<p>Ceny nov\u00e9ho modelu Audi Q8 za\u010d\u00ednaj\u00ed od 2 039 900 K\u010d v\u010detn\u011b DPH.<\/p>\n<p><strong>Limitovan\u00e1 edice O5 Perfection<\/strong><\/p>\n<p>Audi letos roz\u0161i\u0159uje nab\u00eddku model\u016f v limitovan\u00e9 edici Perfection o Q5 v obou karos\u00e1\u0159sk\u00fdch verz\u00edch SUV i Sportback. Koncept limitovan\u00e9 edice Audi Q5 Perfection vych\u00e1z\u00ed z limitovan\u00fdch edic\u00ed Audi A4 Perfection a Audi A5 Perfection.<b> <\/b><\/p>\n<p>\u201eM\u00e1m velkou radost, \u017ee se n\u00e1m poda\u0159ilo roz\u0161\u00ed\u0159it nab\u00eddku limitovan\u00e9 edice Perfection o modely Audi Q5 a Audi Q5 Sportback. M\u016f\u017eeme tak na\u0161im z\u00e1kazn\u00edk\u016fm nab\u00eddnout za mimo\u0159\u00e1dn\u011b v\u00fdhodn\u00fdch podm\u00ednek ji\u017e t\u0159et\u00ed modelovou \u0159adu z na\u0161eho \u0161irok\u00e9ho produktov\u00e9ho portfolia,\u201c \u0159\u00edk\u00e1 Marcel Archleb a dod\u00e1v\u00e1:<\/p>\n<p>\u201eStejn\u011b jako ji\u017e v z\u00e1v\u011bru lo\u0148sk\u00e9ho roku \u00fasp\u011b\u0161n\u011b uveden\u00e9 limitovan\u00e9 edice Audi A4 Perfection a Audi A5 Perfection kombinuje i Q5 Perfection vyt\u0159\u00edben\u00fd sportovn\u00ed styl s praktick\u00fdmi vlastnostmi a pr\u00e9miovou sofistikovanost\u00ed. Nov\u00e9 Audi Q5 Perfection je tak ide\u00e1ln\u00ed volbou pro \u0159idi\u010de, kte\u0159\u00ed tou\u017e\u00ed po reprezentativn\u00edm vzhledu, komfortn\u00edm interi\u00e9ru, roz\u0161\u00ed\u0159en\u00e9 v\u00fdbav\u011b S line a vynikaj\u00edc\u00edch j\u00edzdn\u00edch vlastnostech d\u00edky pohonu v\u0161ech kol quattro za skv\u011blou cenu.\u201c<\/p>\n<p><img loading=\"lazy\" decoding=\"async\" class=\"alignnone size-medium wp-image-1764\" src=\"http:\/\/www.automakers.cz\/wp-content\/uploads\/2024\/01\/Audi-Q5-blue-900x600.jpg\" alt=\"\" width=\"900\" height=\"600\" srcset=\"https:\/\/www.automakers.cz\/wp-content\/uploads\/2024\/01\/Audi-Q5-blue-900x600.jpg 900w, https:\/\/www.automakers.cz\/wp-content\/uploads\/2024\/01\/Audi-Q5-blue-1024x682.jpg 1024w, https:\/\/www.automakers.cz\/wp-content\/uploads\/2024\/01\/Audi-Q5-blue-768x512.jpg 768w, https:\/\/www.automakers.cz\/wp-content\/uploads\/2024\/01\/Audi-Q5-blue.jpg 1238w\" sizes=\"auto, (max-width: 900px) 100vw, 900px\" \/><\/p>\n<p>Nov\u00e9 Audi Q5 Perfection lze objedn\u00e1vat ve verzi S line 40 TDI quattro za ak\u010dn\u00ed cenu 1 269 900 K\u010d (1 049 504,13 K\u010d bez DPH). V karos\u00e1\u0159sk\u00e9 variant\u011b Sportback vyjde Q5 Perfection s uveden\u00fdm pohonem na 1 354 900 K\u010d (1 119 752,07 K\u010d bez DPH). V obou p\u0159\u00edpadech zahrnuje s\u00e9riov\u00e1 v\u00fdbava limitovan\u00e9 edice Audi Perfection mimo jin\u00e9 pakety Gravity a Sport Edition, \u010dern\u00e9 pod\u00e9ln\u00e9 st\u0159e\u0161n\u00ed nosi\u010de, leskle \u010dern\u00e9 kryty vn\u011bj\u0161\u00edch zp\u011btn\u00fdch zrc\u00e1tek, le\u0161t\u011bn\u00e1 19\u201c kola z lehk\u00e9 slitiny v p\u011btipaprskov\u00e9m designu S obut\u00e1 do pneumatik 235\/55 R 19, interi\u00e9rov\u00fd paket S line a metalick\u00fd lak.<\/p>\n<p>Ak\u010dn\u00ed paket Gravity roz\u0161\u00ed\u0159\u00ed s\u00e9riovou v\u00fdbavu o funkci Audi Hold assist, komfortn\u00ed t\u0159\u00edz\u00f3novou automatickou klimatizaci, zvukovou aparaturu Audi Sound syst\u00e9m, adaptivn\u00ed tempomat a paket asisten\u010dn\u00edch syst\u00e9m\u016f City. Interi\u00e9rov\u00fd paket S line pot\u011b\u0161\u00ed z\u00e1kazn\u00edky sportovn\u00edmi sedadly vp\u0159edu a \u010daloun\u011bn\u00edm v kombinac\u00ed mikrovl\u00e1kna Dinamica a k\u016f\u017ee. Sportovn\u00ed atmosf\u00e9ru v interi\u00e9ru dotv\u00e1\u0159\u00ed ozdobn\u00e1 oblo\u017een\u00ed z brou\u0161en\u00e9ho hlin\u00edku.<\/p>\n<figure id=\"attachment_1756\" aria-describedby=\"caption-attachment-1756\" style=\"width: 900px\" class=\"wp-caption alignnone\"><img loading=\"lazy\" decoding=\"async\" class=\"size-medium wp-image-1756\" src=\"http:\/\/www.automakers.cz\/wp-content\/uploads\/2024\/01\/Audi-Spindlerovka-Handl-900x675.jpg\" alt=\"\" width=\"900\" height=\"675\" srcset=\"https:\/\/www.automakers.cz\/wp-content\/uploads\/2024\/01\/Audi-Spindlerovka-Handl-900x675.jpg 900w, https:\/\/www.automakers.cz\/wp-content\/uploads\/2024\/01\/Audi-Spindlerovka-Handl-1024x768.jpg 1024w, https:\/\/www.automakers.cz\/wp-content\/uploads\/2024\/01\/Audi-Spindlerovka-Handl-768x576.jpg 768w, https:\/\/www.automakers.cz\/wp-content\/uploads\/2024\/01\/Audi-Spindlerovka-Handl-1536x1152.jpg 1536w, https:\/\/www.automakers.cz\/wp-content\/uploads\/2024\/01\/Audi-Spindlerovka-Handl.jpg 2040w\" sizes=\"auto, (max-width: 900px) 100vw, 900px\" \/><figcaption id=\"caption-attachment-1756\" class=\"wp-caption-text\">Jedna z testovac\u00edch tras panc\u00e9\u0159ovan\u00e9 Q7 vedla ke \u0160pindlerov\u011b boud\u011b<\/figcaption><\/figure>\n<p><strong>Modely A6 a A7<\/strong><\/p>\n<p>Modely Audi A6 a Audi A7 v\u010detn\u011b p\u0159\u00edslu\u0161n\u00fdch model\u016f letos obdr\u017eely krom\u011b nov\u011b koncipovan\u00fdch v\u00fdbavov\u00fdch lini\u00ed s origin\u00e1ln\u00edmi designov\u00fdmi prvky na p\u0159\u00eddi a z\u00e1di modely tak\u00e9 nov\u00e9 barvy karoserie a interi\u00e9ru, nov\u00e9 designy kol a roz\u0161\u00ed\u0159enou s\u00e9riovou v\u00fdbavu.<\/p>\n<p><img loading=\"lazy\" decoding=\"async\" class=\"alignnone size-medium wp-image-1758\" src=\"http:\/\/www.automakers.cz\/wp-content\/uploads\/2024\/01\/Audi-A6-Fort-900x675.jpg\" alt=\"\" width=\"900\" height=\"675\" srcset=\"https:\/\/www.automakers.cz\/wp-content\/uploads\/2024\/01\/Audi-A6-Fort-900x675.jpg 900w, https:\/\/www.automakers.cz\/wp-content\/uploads\/2024\/01\/Audi-A6-Fort-1024x768.jpg 1024w, https:\/\/www.automakers.cz\/wp-content\/uploads\/2024\/01\/Audi-A6-Fort-768x576.jpg 768w, https:\/\/www.automakers.cz\/wp-content\/uploads\/2024\/01\/Audi-A6-Fort-1536x1152.jpg 1536w, https:\/\/www.automakers.cz\/wp-content\/uploads\/2024\/01\/Audi-A6-Fort.jpg 2040w\" sizes=\"auto, (max-width: 900px) 100vw, 900px\" \/><br \/>\nModernizovan\u00e9 modely Audi A6 lze objedn\u00e1vat za ceny od 53 800 eur. Ceny Audi A7 za\u010d\u00ednaj\u00ed od 63 500 eur.<\/p>\n<p><strong>Zdroj: Audi Winter Test Drives, Erich Handl, \u0160pindler\u016fv Ml\u00fdn<\/strong><\/p>\n<figure class=\"wp-block-embed wp-block-embed-youtube is-type-video is-provider-youtube epyt-figure\"><div class=\"wp-block-embed__wrapper\"><iframe loading=\"lazy\"  id=\"_ytid_89862\"  width=\"640\" height=\"360\"  data-origwidth=\"640\" data-origheight=\"360\" src=\"https:\/\/www.youtube.com\/embed\/ySIh1Tds-A8?enablejsapi=1&autoplay=0&cc_load_policy=0&cc_lang_pref=&iv_load_policy=1&loop=0&modestbranding=0&rel=1&fs=1&playsinline=0&autohide=2&theme=dark&color=red&controls=1&\" class=\"__youtube_prefs__  no-lazyload\" title=\"YouTube player\"  allow=\"accelerometer; autoplay; clipboard-write; encrypted-media; gyroscope; picture-in-picture\" allowfullscreen data-no-lazy=\"1\" data-skipgform_ajax_framebjll=\"\"><\/iframe><\/div><\/figure>\n<p>&nbsp;<\/p>\n","protected":false},"excerpt":{"rendered":"<p>Hotel Savoy ve \u0160pindlerov\u011b Ml\u00fdn\u011b hostil ve \u010dtvrtek 25. ledna prezentaci modernizovan\u00fdch model\u016f Audi. \u0160\u00e9f&#8230;<\/p>\n","protected":false},"author":1,"featured_media":1757,"comment_status":"open","ping_status":"open","sticky":false,"template":"","format":"standard","meta":{"footnotes":""},"categories":[1],"tags":[],"class_list":["post-1736","post","type-post","status-publish","format-standard","has-post-thumbnail","hentry","category-uncategorized"],"_links":{"self":[{"href":"https:\/\/www.automakers.cz\/index.php?rest_route=\/wp\/v2\/posts\/1736","targetHints":{"allow":["GET"]}}],"collection":[{"href":"https:\/\/www.automakers.cz\/index.php?rest_route=\/wp\/v2\/posts"}],"about":[{"href":"https:\/\/www.automakers.cz\/index.php?rest_route=\/wp\/v2\/types\/post"}],"author":[{"embeddable":true,"href":"https:\/\/www.automakers.cz\/index.php?rest_route=\/wp\/v2\/users\/1"}],"replies":[{"embeddable":true,"href":"https:\/\/www.automakers.cz\/index.php?rest_route=%2Fwp%2Fv2%2Fcomments&post=1736"}],"version-history":[{"count":16,"href":"https:\/\/www.automakers.cz\/index.php?rest_route=\/wp\/v2\/posts\/1736\/revisions"}],"predecessor-version":[{"id":1773,"href":"https:\/\/www.automakers.cz\/index.php?rest_route=\/wp\/v2\/posts\/1736\/revisions\/1773"}],"wp:featuredmedia":[{"embeddable":true,"href":"https:\/\/www.automakers.cz\/index.php?rest_route=\/wp\/v2\/media\/1757"}],"wp:attachment":[{"href":"https:\/\/www.automakers.cz\/index.php?rest_route=%2Fwp%2Fv2%2Fmedia&parent=1736"}],"wp:term":[{"taxonomy":"category","embeddable":true,"href":"https:\/\/www.automakers.cz\/index.php?rest_route=%2Fwp%2Fv2%2Fcategories&post=1736"},{"taxonomy":"post_tag","embeddable":true,"href":"https:\/\/www.automakers.cz\/index.php?rest_route=%2Fwp%2Fv2%2Ftags&post=1736"}],"curies":[{"name":"wp","href":"https:\/\/api.w.org\/{rel}","templated":true}]}}