{"id":17368,"date":"2025-10-23T15:38:56","date_gmt":"2025-10-23T15:38:56","guid":{"rendered":"https:\/\/www.automakers.cz\/?p=17368"},"modified":"2025-10-23T15:38:56","modified_gmt":"2025-10-23T15:38:56","slug":"vsb-tuo-posiluje-v-energetickem-vyzkumu","status":"publish","type":"post","link":"https:\/\/www.automakers.cz\/?p=17368","title":{"rendered":"V\u0160B-TUO posiluje v energetick\u00e9m v\u00fdzkumu"},"content":{"rendered":"<p><strong>Technick\u00e1 univerzita Ostrava se bude je\u0161t\u011b intenzivn\u011bji pod\u00edlet na sm\u011b\u0159ov\u00e1n\u00ed \u010desk\u00e9 energetiky. Posiluje svou roli v energetick\u00e9m v\u00fdzkumu propojen\u00edm dvou \u010desk\u00fdch n\u00e1rodn\u00edch center zam\u011b\u0159en\u00fdch na modern\u00ed sm\u011bry energetiky. <\/strong><!--more--><\/p>\n<p>Hlavn\u00ed \u0159e\u0161itel\u00e9 z technick\u00e9 univerzity v Ostrav\u011b a Z\u00e1pado\u010desk\u00e9 univerzity v Plzni se dohodli na spole\u010dn\u00e9 strategii. V\u0160B-TUO se tak st\u00e1v\u00e1 vedouc\u00ed instituc\u00ed v\u00fdzkumu udr\u017eiteln\u00e9 energetiky a roz\u0161i\u0159uje z\u00e1b\u011br od obnoviteln\u00fdch zdroj\u016f po jadernou energetiku.<\/p>\n<p>Na propojen\u00ed N\u00e1rodn\u00edho centra pro energetiku (NCE II) pod V\u0160B-TUO a Centra pokro\u010dil\u00fdch jadern\u00fdch technologi\u00ed (CANUT II) pod Z\u00e1pado\u010deskou univerzitou v Plzni se dohodli jejich hlavn\u00ed p\u0159edstavitel\u00e9 s c\u00edlem pos\u00edlit dal\u0161\u00ed rozvoj modern\u00ed, n\u00edzkouhl\u00edkov\u00e9 a udr\u017eiteln\u00e9 energetiky v \u010cesk\u00e9 republice. D\u00edky t\u00e9to spolupr\u00e1ci vznikne komplexn\u00ed v\u00fdzkumn\u00fd ekosyst\u00e9m propojuj\u00edc\u00ed \u0161pi\u010dkov\u00e9 odborn\u00edky z univerzit, v\u00fdzkumn\u00fdch \u00fastav\u016f a pr\u016fmyslov\u00fdch partner\u016f, kte\u0159\u00ed spole\u010dn\u011b p\u0159isp\u011bj\u00ed k dosa\u017een\u00ed energetick\u00e9 sob\u011bsta\u010dnosti a bezpe\u010dn\u00e9 dekarbonizace \u010cesk\u00e9 republiky.<\/p>\n<p>\u201eSpojen\u00ed t\u011bchto dvou center prost\u0159ednictv\u00edm spole\u010dn\u00e9 strategie je p\u0159irozen\u00fd prvn\u00ed krok k vytvo\u0159en\u00ed jednotn\u00e9 n\u00e1rodn\u00ed platformy, kter\u00e1 bude schopna komplexn\u011b \u0159e\u0161it ot\u00e1zky spolehlivosti, bezpe\u010dnosti a udr\u017eitelnosti \u010desk\u00e9 energetiky \u2013 tedy nejen z pohledu technologick\u00e9ho, ale i legislativn\u00edho a ekonomick\u00e9ho. T\u00edmto krokem vytv\u00e1\u0159\u00edme prostor pro koordinovan\u00fd p\u0159\u00edstup k v\u00fdzkumu a inovac\u00edm, kter\u00fd umo\u017en\u00ed l\u00e9pe reagovat na pot\u0159eby pr\u016fmyslu, st\u00e1tu i spole\u010dnosti,\u201c uvedl Stanislav Mi\u0161\u00e1k, \u0159editel Centra energetick\u00fdch a environment\u00e1ln\u00edch technologi\u00ed (CEET) na V\u0160B-TUO a hlavn\u00ed \u0159e\u0161itel projektu NCE II.<\/p>\n<p>Projekt CANUT II, jeho\u017e hlavn\u00edm \u0159e\u0161itelem je Zden\u011bk Peroutka ze Z\u00e1pado\u010desk\u00e9 univerzity v Plzni, se dlouhodob\u011b zam\u011b\u0159uje na rozvoj modern\u00edch jadern\u00fdch technologi\u00ed, v\u00fdzkum mal\u00fdch modul\u00e1rn\u00edch reaktor\u016f (SMR) a bezpe\u010dnostn\u00ed aspekty jadern\u00e9 energetiky. Za\u010dlen\u011bn\u00ed jeho v\u00fdzkumn\u00fdch aktivit pod NCE II p\u0159in\u00e1\u0161\u00ed v\u00fdznamn\u00e9 synergie zejm\u00e9na v oblastech modelov\u00e1n\u00ed, diagnostiky a \u0159\u00edzen\u00ed energetick\u00fdch syst\u00e9m\u016f.<\/p>\n<p>\u201eV konsorci\u00edch NCE II a CANUT II jsou zastoupeni v\u0161ichni v\u00fdznamn\u00ed hr\u00e1\u010di z oblasti energetiky, a\u0165 u\u017e jde o provozovatele, pr\u016fmyslov\u00e9 podniky, univerzity, v\u00fdzkumn\u00e9 organizace nebo \u00fastavy Akademie v\u011bd, kter\u00e9 se v obou centrech prol\u00ednaj\u00ed. Je tak\u00e9 evidentn\u00ed, \u017ee d\u00edl\u010d\u00ed projekty \u0159e\u0161en\u00e9 v r\u00e1mci NCE II maj\u00ed velmi \u010dasto p\u0159esah do jadern\u00e9 energetiky a stejn\u011b tak v\u00fdstupy centra CANUT II jsou vyu\u017eiteln\u00e9 i v klasick\u00e9 a obnoviteln\u00e9 energetice, co\u017e se ukazuje nap\u0159\u00edklad v t\u00e9matech zam\u011b\u0159en\u00fdch na flexibilitu provozu nebo akumulaci energie,\u201c uvedl Dane\u0161 Burket, \u0159editel sekce Strategie v\u00fdzkumu a v\u00fdvoje v Centru v\u00fdzkumu \u0158e\u017e.<\/p>\n<p>Dal\u0161\u00edm logick\u00fdm krokem bude ustaven\u00ed nov\u00fdch t\u00e9mat pro oblast udr\u017eiteln\u00e9 energetiky na p\u016fdorysu spolupr\u00e1ce obou center kompetence, kter\u00e1 p\u0159isp\u011bj\u00ed k energetick\u00e9 sob\u011bsta\u010dnosti, bezpe\u010dnosti a technologick\u00e9 suverenit\u011b \u010cesk\u00e9 republiky.<\/p>\n<p>N\u00e1rodn\u00ed centrum pro energetiku II je projekt spolufinancovan\u00fd Technologickou agenturou \u010cR v r\u00e1mci Programu N\u00e1rodn\u00ed centra kompetence a z prost\u0159edk\u016f N\u00e1rodn\u00edho pl\u00e1nu obnovy. Na projektu se pod\u00edl\u00ed 34 partner\u016f z akademick\u00e9 i pr\u016fmyslov\u00e9 sf\u00e9ry. \u0158e\u0161\u00ed nap\u0159\u00edklad nov\u00e9 p\u0159\u00edstupy k v\u00fdrob\u011b a \u010di\u0161t\u011bn\u00ed vod\u00edku nebo vyu\u017eit\u00ed term\u00e1ln\u00edho plazmatu pro optimalizaci energeticky n\u00e1ro\u010dn\u00fdch proces\u016f. Odborn\u00edci se zab\u00fdvaj\u00ed tak\u00e9 novou koncepc\u00ed pro zvy\u0161ov\u00e1n\u00ed spolehlivosti a odolnosti p\u0159enosov\u00fdch soustav \u010di akumulac\u00ed energie. Mimo jin\u00e9 vznik\u00e1 i spin-off zam\u011b\u0159en\u00fd na simulaci energetick\u00fdch bilanc\u00ed.<\/p>\n","protected":false},"excerpt":{"rendered":"<p>Technick\u00e1 univerzita Ostrava se bude je\u0161t\u011b intenzivn\u011bji pod\u00edlet na sm\u011b\u0159ov\u00e1n\u00ed \u010desk\u00e9 energetiky. Posiluje svou roli&#8230;<\/p>\n","protected":false},"author":2,"featured_media":17369,"comment_status":"closed","ping_status":"closed","sticky":false,"template":"","format":"standard","meta":{"footnotes":""},"categories":[40,95,46],"tags":[],"class_list":["post-17368","post","type-post","status-publish","format-standard","has-post-thumbnail","hentry","category-technologie","category-vyzkum","category-vzdelani"],"_links":{"self":[{"href":"https:\/\/www.automakers.cz\/index.php?rest_route=\/wp\/v2\/posts\/17368","targetHints":{"allow":["GET"]}}],"collection":[{"href":"https:\/\/www.automakers.cz\/index.php?rest_route=\/wp\/v2\/posts"}],"about":[{"href":"https:\/\/www.automakers.cz\/index.php?rest_route=\/wp\/v2\/types\/post"}],"author":[{"embeddable":true,"href":"https:\/\/www.automakers.cz\/index.php?rest_route=\/wp\/v2\/users\/2"}],"replies":[{"embeddable":true,"href":"https:\/\/www.automakers.cz\/index.php?rest_route=%2Fwp%2Fv2%2Fcomments&post=17368"}],"version-history":[{"count":3,"href":"https:\/\/www.automakers.cz\/index.php?rest_route=\/wp\/v2\/posts\/17368\/revisions"}],"predecessor-version":[{"id":17382,"href":"https:\/\/www.automakers.cz\/index.php?rest_route=\/wp\/v2\/posts\/17368\/revisions\/17382"}],"wp:featuredmedia":[{"embeddable":true,"href":"https:\/\/www.automakers.cz\/index.php?rest_route=\/wp\/v2\/media\/17369"}],"wp:attachment":[{"href":"https:\/\/www.automakers.cz\/index.php?rest_route=%2Fwp%2Fv2%2Fmedia&parent=17368"}],"wp:term":[{"taxonomy":"category","embeddable":true,"href":"https:\/\/www.automakers.cz\/index.php?rest_route=%2Fwp%2Fv2%2Fcategories&post=17368"},{"taxonomy":"post_tag","embeddable":true,"href":"https:\/\/www.automakers.cz\/index.php?rest_route=%2Fwp%2Fv2%2Ftags&post=17368"}],"curies":[{"name":"wp","href":"https:\/\/api.w.org\/{rel}","templated":true}]}}