{"id":17385,"date":"2025-10-24T07:28:02","date_gmt":"2025-10-24T07:28:02","guid":{"rendered":"https:\/\/www.automakers.cz\/?p=17385"},"modified":"2025-10-24T08:27:26","modified_gmt":"2025-10-24T08:27:26","slug":"bmw-ukazalo-model-ix3-v-uhelnem-mlyne","status":"publish","type":"post","link":"https:\/\/www.automakers.cz\/?p=17385","title":{"rendered":"BMW uk\u00e1zalo model iX3 v Uheln\u00e9m ml\u00fdn\u011b"},"content":{"rendered":"<h4 class=\"teaser clear\">BMW iX3 z generace Neue Klasse m\u011blo \u010deskou premi\u00e9ru v Uheln\u00e9m ml\u00fdn\u011b v Lib\u010dic\u00edch nad Vltavou. Prodej v \u010cesku startuje s cenou od 1 725 100 K\u010d v\u010detn\u011b DPH. K vid\u011bn\u00ed byly i veter\u00e1nsk\u00e9 BMW 1800 a BMW 1600.<\/h4>\n<p><!--more--><\/p>\n<p>Nov\u00e9 BMW iX3 bylo p\u0159edvedeno jako prvn\u00ed model z nov\u00e9 generace voz\u016f Neue Klasse. P\u0159edstaven\u00fd v\u016fz byl ve verzi iX3 50 xDrive, tedy v \u00favodn\u00edm proveden\u00ed, kter\u00e9 zahajuje nab\u00eddku nov\u00e9 modelov\u00e9 \u0159ady.<\/p>\n<p>&#8222;V nadch\u00e1zej\u00edc\u00edch m\u011bs\u00edc\u00edch na n\u011bj nav\u00e1\u017eou dal\u0161\u00ed v\u00fdkonov\u00e9 varianty,&#8220; up\u0159esnil mluv\u010d\u00ed zna\u010dky <strong>David Haidinger.<\/strong><\/p>\n<p><img loading=\"lazy\" decoding=\"async\" class=\"alignnone size-medium wp-image-17345\" src=\"http:\/\/www.automakers.cz\/wp-content\/uploads\/2025\/10\/BMW-iX3-Haidinger-900x600.jpg\" alt=\"\" width=\"900\" height=\"600\" \/><strong>Sou\u010d\u00e1st\u00ed expozice byly tak\u00e9 dva historick\u00e9 vozy p\u0159ipom\u00ednaj\u00edc\u00ed v\u00fdznam \u00e9ry Neue Klasse<\/strong> \u2013 BMW 1800, prvn\u00ed z\u00e1stupce t\u00e9to p\u0159elomov\u00e9 modelov\u00e9 generace, a\u00a0odvozen\u00fd men\u0161\u00ed dvoudve\u0159ov\u00fd model BMW 1600. Oba expon\u00e1ty poch\u00e1zely ze sb\u00edrky muzea Renocar v Brn\u011b.<\/p>\n<p><img loading=\"lazy\" decoding=\"async\" class=\"alignnone size-medium wp-image-17389\" src=\"http:\/\/www.automakers.cz\/wp-content\/uploads\/2025\/10\/BMW-1800-Neue-Klasse-900x600.jpg\" alt=\"\" width=\"900\" height=\"600\" \/><strong>Uveden\u00ed nov\u00e9ho BMW iX3 na \u010desk\u00fd trh<\/strong> je pl\u00e1nov\u00e1no na b\u0159ezen 2026. Objedn\u00e1vky u autorizovan\u00fdch dealer\u016f ji\u017e byly zah\u00e1jeny. Z\u00e1kladn\u00ed cena verze iX3 50 xDrive \u010din\u00ed 1\u00a0725\u00a0100 K\u010d v\u010detn\u011b DPH, p\u0159i\u010dem\u017e v p\u0159\u00ed\u0161t\u00edm roce nab\u00eddku dopln\u00ed i cenov\u011b dostupn\u011bj\u0161\u00ed varianty.<\/p>\n<p><img loading=\"lazy\" decoding=\"async\" class=\"alignnone size-medium wp-image-17305\" src=\"http:\/\/www.automakers.cz\/wp-content\/uploads\/2025\/10\/BMW-iX3-Libcice-novinari-orez-900x542.jpg\" alt=\"\" width=\"900\" height=\"542\" \/><\/p>\n<p><strong>Erich Handl, Uheln\u00fd ml\u00fdn; Lib\u010dice n. Vlt.<\/strong><\/p>\n<p><img loading=\"lazy\" decoding=\"async\" class=\"alignnone size-medium wp-image-17395\" src=\"http:\/\/www.automakers.cz\/wp-content\/uploads\/2025\/10\/BMW-logo-Uhelny-mlyn-orez-900x575.jpg\" alt=\"\" width=\"900\" height=\"575\" srcset=\"https:\/\/www.automakers.cz\/wp-content\/uploads\/2025\/10\/BMW-logo-Uhelny-mlyn-orez-900x575.jpg 900w, https:\/\/www.automakers.cz\/wp-content\/uploads\/2025\/10\/BMW-logo-Uhelny-mlyn-orez-1024x654.jpg 1024w, https:\/\/www.automakers.cz\/wp-content\/uploads\/2025\/10\/BMW-logo-Uhelny-mlyn-orez-768x490.jpg 768w, https:\/\/www.automakers.cz\/wp-content\/uploads\/2025\/10\/BMW-logo-Uhelny-mlyn-orez-1536x981.jpg 1536w, https:\/\/www.automakers.cz\/wp-content\/uploads\/2025\/10\/BMW-logo-Uhelny-mlyn-orez.jpg 1804w\" sizes=\"auto, (max-width: 900px) 100vw, 900px\" \/><\/p>\n<p>&nbsp;<\/p>\n","protected":false},"excerpt":{"rendered":"<p>BMW iX3 z generace Neue Klasse m\u011blo \u010deskou premi\u00e9ru v Uheln\u00e9m ml\u00fdn\u011b v Lib\u010dic\u00edch nad&#8230;<\/p>\n","protected":false},"author":1,"featured_media":17387,"comment_status":"closed","ping_status":"closed","sticky":false,"template":"","format":"standard","meta":{"footnotes":""},"categories":[9,12],"tags":[],"class_list":["post-17385","post","type-post","status-publish","format-standard","has-post-thumbnail","hentry","category-elektromobily","category-premiery"],"_links":{"self":[{"href":"https:\/\/www.automakers.cz\/index.php?rest_route=\/wp\/v2\/posts\/17385","targetHints":{"allow":["GET"]}}],"collection":[{"href":"https:\/\/www.automakers.cz\/index.php?rest_route=\/wp\/v2\/posts"}],"about":[{"href":"https:\/\/www.automakers.cz\/index.php?rest_route=\/wp\/v2\/types\/post"}],"author":[{"embeddable":true,"href":"https:\/\/www.automakers.cz\/index.php?rest_route=\/wp\/v2\/users\/1"}],"replies":[{"embeddable":true,"href":"https:\/\/www.automakers.cz\/index.php?rest_route=%2Fwp%2Fv2%2Fcomments&post=17385"}],"version-history":[{"count":8,"href":"https:\/\/www.automakers.cz\/index.php?rest_route=\/wp\/v2\/posts\/17385\/revisions"}],"predecessor-version":[{"id":17399,"href":"https:\/\/www.automakers.cz\/index.php?rest_route=\/wp\/v2\/posts\/17385\/revisions\/17399"}],"wp:featuredmedia":[{"embeddable":true,"href":"https:\/\/www.automakers.cz\/index.php?rest_route=\/wp\/v2\/media\/17387"}],"wp:attachment":[{"href":"https:\/\/www.automakers.cz\/index.php?rest_route=%2Fwp%2Fv2%2Fmedia&parent=17385"}],"wp:term":[{"taxonomy":"category","embeddable":true,"href":"https:\/\/www.automakers.cz\/index.php?rest_route=%2Fwp%2Fv2%2Fcategories&post=17385"},{"taxonomy":"post_tag","embeddable":true,"href":"https:\/\/www.automakers.cz\/index.php?rest_route=%2Fwp%2Fv2%2Ftags&post=17385"}],"curies":[{"name":"wp","href":"https:\/\/api.w.org\/{rel}","templated":true}]}}