{"id":174,"date":"2023-11-11T12:45:01","date_gmt":"2023-11-11T12:45:01","guid":{"rendered":"https:\/\/www.automakers.cz\/?p=174"},"modified":"2023-11-14T09:06:13","modified_gmt":"2023-11-14T09:06:13","slug":"martin-laur-ziskal-cenu-za-vzdelavani-ridicu","status":"publish","type":"post","link":"https:\/\/www.automakers.cz\/?p=174","title":{"rendered":"Martin Laur m\u00e1 cenu za vzd\u011bl\u00e1v\u00e1n\u00ed \u0159idi\u010d\u016f"},"content":{"rendered":"<p><strong>Ministerstvo dopravy uspo\u0159\u00e1dalo v Praze konferenci, jej\u00edm\u017e c\u00edlem bylo sezn\u00e1men\u00ed u\u010ditel\u016f auto\u0161kol a zku\u0161ebn\u00edch komisa\u0159\u016f s aktu\u00e1ln\u00ed novelou Z\u00e1kona \u010d. 247\/2000 Sb. Z\u00e1rove\u0148 zde byly ocen\u011bny osoby s p\u0159\u00ednosem pro \u010desk\u00e9 vzd\u011bl\u00e1v\u00e1n\u00ed \u0159idi\u010d\u016f, a to ve 4 kategori\u00edch (nest\u00e1tn\u00ed organizace, auto\u0161koly, zku\u0161ebn\u00ed komisa\u0159i a st\u00e1tn\u00ed organizace).<\/strong><!--more--><\/p>\n<p>\u010clen p\u0159edstavenstva poji\u0161\u0165ovny Kooperativa a \u0159editel Platformy VIZE 0 Martin Laur obdr\u017eel z\u00a0rukou ministra dopravy Martina Kupky ocen\u011bn\u00ed za svou \u010dinnost v\u00a0kategorii nest\u00e1tn\u00ed organizace.<\/p>\n<p>Ocen\u011bn\u00ed z\u00edskal p\u0159edev\u0161\u00edm za zalo\u017een\u00ed Platformy VIZE 0 prost\u0159ednictv\u00edm Nadace Kooperativy, kter\u00e1 se rozvinula do uskupen\u00ed v\u00edce ne\u017e 20 ve\u0159ejn\u00fdch i soukrom\u00fdch subjekt\u016f. Platforma VIZE 0 usiluje o pozitivn\u00ed vliv na dopravn\u00ed bezpe\u010dnost a svou \u010dinnost zam\u011b\u0159uje na syst\u00e9mov\u00e9 zm\u011bny a podporu projekt\u016f pro nejohro\u017een\u011bj\u0161\u00ed skupiny \u00fa\u010dastn\u00edk\u016f silni\u010dn\u00edho provozu.<\/p>\n<p><em>\u201eJsem r\u00e1d, \u017ee se n\u00e1m poda\u0159ilo za 5 let od vzniku Platformy VIZE 0 realizovat a podpo\u0159it mnoho u\u017eite\u010dn\u00fdch projekt\u016f, kter\u00e9 sm\u011b\u0159ovali nap\u0159\u00edklad k nastaven\u00ed parametr\u016f nov\u00e9 legislativy v\u00a0ot\u00e1zce mlad\u00fdch \u0159idi\u010d\u016f, za v\u00fdznamn\u00e9 podpory z fondu z\u00e1brany \u0161kod \u010cesk\u00e9 kancel\u00e1\u0159e pojistitel\u016f. D\u00e1le jsme s\u00a0Asociac\u00ed auto\u0161kol podnikli vzd\u011bl\u00e1vac\u00ed exkurze do zahrani\u010d\u00ed a z\u00e1rove\u0148 po\u0159\u00e1dali odborn\u00fd semin\u00e1\u0159 v\u00a0\u010cR pro p\u0159ibl\u00ed\u017een\u00ed fungov\u00e1n\u00ed rakousk\u00e9ho vzd\u011bl\u00e1vac\u00edho syst\u00e9m\u016f za\u010d\u00ednaj\u00edc\u00edch \u0159idi\u010d\u016f v\u00a0Rakousku. V\u011b\u0159\u00edm, \u017ee tyto aktivity pomohli pro restartov\u00e1n\u00ed \u00favah o zaveden\u00ed syst\u00e9mov\u00fdch zm\u011bn\u201c, <\/em><strong>uv\u00e1d\u00ed Martin Laur.<\/strong><\/p>\n<p>V\u00a0posledn\u00edch letech se rakousk\u00fd syst\u00e9m vzd\u011bl\u00e1v\u00e1n\u00ed sna\u017eil nejv\u00edce p\u0159ibl\u00ed\u017eit projekt START DRIVING, kter\u00fd popularizoval kurzy pro mlad\u00e9 za\u010d\u00ednaj\u00edc\u00ed \u0159idi\u010de, ale i jejich rodi\u010de a byl pro v\u0161echny z\u00fa\u010dastn\u011bn\u00e9 zdarma. Na projektu z\u00e1rove\u0148 spolupracuj\u00ed nejr\u016fzn\u011bj\u0161\u00ed subjekty ze st\u00e1tn\u00ed i soukrom\u00e9 sf\u00e9ry. To je i jeden z\u00a0d\u016fvod\u016f a akceler\u00e1tor\u016f vzniku nov\u00e9 legislativy v\u00a0ot\u00e1zce tzv. \u0159idi\u010d\u00e1ku na zkou\u0161ku a re\u017eimu L17 s\u00a0postupn\u00fdm seznamov\u00e1n\u00edm mo\u017enostmi dal\u0161\u00edho vzd\u011bl\u00e1v\u00e1n\u00ed u \u0161irok\u00e9 ve\u0159ejnosti.<\/p>\n<p><strong>Martin Laur na z\u00e1v\u011br dod\u00e1v\u00e1: <\/strong><em>\u201eChci pod\u011bkovat za toto ocen\u011bn\u00ed obzvl\u00e1\u0161t\u011b pak p\u0159i p\u0159\u00edle\u017eitosti t\u00e9to skv\u011bl\u00e9 akce, kterou Ministerstvo dopravy a Asociace auto\u0161kol uspo\u0159\u00e1dali.<\/em> <em>D\u011bkuji tak\u00e9 v\u0161em \u010dlen\u016fm a partner\u016fm Platformy VIZE 0, se kter\u00fdmi jsme v\u00a0uplynul\u00e9m obdob\u00ed spolupracovali. Je d\u016fle\u017eit\u00e9 v\u0161echny spojovat a propojovat nejr\u016fzn\u011bj\u0161\u00ed aktivity a dos\u00e1hnout tak spole\u010dn\u00e9ho c\u00edle dan\u00e9ho filozofi\u00ed Vize 0: systematick\u00e9ho a v\u00fdrazn\u00e9ho sni\u017eov\u00e1n\u00ed po\u010dtu lid\u00ed, kte\u0159\u00ed zbyte\u010dn\u011b zem\u0159ou nebo jsou v\u00e1\u017en\u011b zran\u011bni na silnic\u00edch\u201c.<\/em><\/p>\n<p><strong>Zdroj: Milan K\u00e1\u0148a, tiskov\u00fd mluv\u010d\u00ed, Kooperativa poji\u0161\u0165ovna<\/strong><\/p>\n","protected":false},"excerpt":{"rendered":"<p>Ministerstvo dopravy uspo\u0159\u00e1dalo v Praze konferenci, jej\u00edm\u017e c\u00edlem bylo sezn\u00e1men\u00ed u\u010ditel\u016f auto\u0161kol a zku\u0161ebn\u00edch komisa\u0159\u016f&#8230;<\/p>\n","protected":false},"author":1,"featured_media":175,"comment_status":"open","ping_status":"open","sticky":false,"template":"","format":"standard","meta":{"footnotes":""},"categories":[26,5],"tags":[],"class_list":["post-174","post","type-post","status-publish","format-standard","has-post-thumbnail","hentry","category-eventy","category-personalie"],"_links":{"self":[{"href":"https:\/\/www.automakers.cz\/index.php?rest_route=\/wp\/v2\/posts\/174","targetHints":{"allow":["GET"]}}],"collection":[{"href":"https:\/\/www.automakers.cz\/index.php?rest_route=\/wp\/v2\/posts"}],"about":[{"href":"https:\/\/www.automakers.cz\/index.php?rest_route=\/wp\/v2\/types\/post"}],"author":[{"embeddable":true,"href":"https:\/\/www.automakers.cz\/index.php?rest_route=\/wp\/v2\/users\/1"}],"replies":[{"embeddable":true,"href":"https:\/\/www.automakers.cz\/index.php?rest_route=%2Fwp%2Fv2%2Fcomments&post=174"}],"version-history":[{"count":2,"href":"https:\/\/www.automakers.cz\/index.php?rest_route=\/wp\/v2\/posts\/174\/revisions"}],"predecessor-version":[{"id":178,"href":"https:\/\/www.automakers.cz\/index.php?rest_route=\/wp\/v2\/posts\/174\/revisions\/178"}],"wp:featuredmedia":[{"embeddable":true,"href":"https:\/\/www.automakers.cz\/index.php?rest_route=\/wp\/v2\/media\/175"}],"wp:attachment":[{"href":"https:\/\/www.automakers.cz\/index.php?rest_route=%2Fwp%2Fv2%2Fmedia&parent=174"}],"wp:term":[{"taxonomy":"category","embeddable":true,"href":"https:\/\/www.automakers.cz\/index.php?rest_route=%2Fwp%2Fv2%2Fcategories&post=174"},{"taxonomy":"post_tag","embeddable":true,"href":"https:\/\/www.automakers.cz\/index.php?rest_route=%2Fwp%2Fv2%2Ftags&post=174"}],"curies":[{"name":"wp","href":"https:\/\/api.w.org\/{rel}","templated":true}]}}