{"id":17416,"date":"2025-10-27T15:30:20","date_gmt":"2025-10-27T15:30:20","guid":{"rendered":"https:\/\/www.automakers.cz\/?p=17416"},"modified":"2025-10-27T15:30:35","modified_gmt":"2025-10-27T15:30:35","slug":"orbion-otevira-v-cestlicich-showroom-lynk-co","status":"publish","type":"post","link":"https:\/\/www.automakers.cz\/?p=17416","title":{"rendered":"Orbion otev\u00edr\u00e1 v \u010cestlic\u00edch showroom zna\u010dky Lynk &#038; Co"},"content":{"rendered":"<p><strong>Automobilka Lynk &amp; Co otev\u00edr\u00e1 sv\u016fj prvn\u00ed tuzemsk\u00fd showroom. V\u00fdhradn\u00edm \u010desk\u00fdm prodejcem t\u011bchto elektro <\/strong><strong>a hybridn\u00edch voz\u016f je Orbion Cars, spadaj\u00edc\u00ed do skupiny Autorion, prod\u00e1vaj\u00edc\u00ed na \u010desk\u00e9m trhu vedle \u0161v\u00e9dsk\u00e9ho Volva tak\u00e9 nap\u0159\u00edklad zna\u010dky Land Rover \u010di Jaguar.<\/strong><!--more--><\/p>\n<p>Automobilka Lynk &amp; Co ozn\u00e1mila vstup na \u010desk\u00fd trh po\u010d\u00e1tkem z\u00e1\u0159\u00ed b\u011bhem kon\u00e1n\u00ed autosalonu IAA Mobility v n\u011bmeck\u00e9m Mnichov\u011b.<\/p>\n<p>Nyn\u00ed ve spolupr\u00e1ci se skupinou<strong> Autorion<\/strong> otev\u00edr\u00e1 prodejn\u00ed prostory, kam se z\u00e1jemci mohou p\u0159ij\u00edt na vybran\u00e9 modely t\u00e9to progresivn\u00ed, technologiemi Volvo podporovan\u00e9 zna\u010dky osobn\u011b pod\u00edvat a vozy otestovat.<\/p>\n<p><img loading=\"lazy\" decoding=\"async\" class=\"alignnone size-medium wp-image-17422\" src=\"http:\/\/www.automakers.cz\/wp-content\/uploads\/2025\/10\/Lynk-opening-900x600.jpg\" alt=\"\" width=\"900\" height=\"600\" \/><strong>Prodejn\u00ed prostory maj\u00ed v\u00edce ne\u017e automobilov\u00fd showroom p\u0159ipom\u00ednat v\u00fdstavn\u00ed designov\u00fd ateli\u00e9r.<\/strong> Ten v \u010cestlic\u00edch nab\u00eddne klient\u016fm hned 460 m\u00b2 prodejn\u00ed plochy.<\/p>\n<p><img loading=\"lazy\" decoding=\"async\" class=\"alignnone size-medium wp-image-17420\" src=\"http:\/\/www.automakers.cz\/wp-content\/uploads\/2025\/10\/Lynk-01-900x600.jpg\" alt=\"\" width=\"900\" height=\"600\" \/><\/p>\n<p>\u201eSpole\u010dn\u011b s Orbion Cars jsme nad\u0161en\u00ed, \u017ee m\u016f\u017eeme p\u0159iv\u00e9st Lynk &amp; Co do \u010cesk\u00e9 republiky a propojit se s novou komunitou \u0159idi\u010d\u016f,\u201c uvedl u p\u0159\u00edle\u017eitosti uveden\u00ed zna\u010dky na \u010desk\u00fd trh <strong>Keith Sch\u00e4fer,<\/strong> viceprezident pro obchodn\u00ed operace ve spole\u010dnosti Lynk &amp; Co International.<\/p>\n<p>\u201eJsem r\u00e1d, \u017ee d\u00edky Lynk &amp; Co m\u00e1me v na\u0161em portfoliu u\u017e druhou automobilku se \u0161v\u00e9dsk\u00fdmi ko\u0159eny,\u201c \u0159\u00edk\u00e1 <strong>Du\u0161an Chlad,<\/strong> v\u00fdkonn\u00fd \u0159editel skupiny Autorion, a dod\u00e1v\u00e1: \u201eDo budoucna pl\u00e1nujeme otev\u0159en\u00ed dal\u0161\u00edch prodejn\u00edch m\u00edst zna\u010dky v Praze i Brn\u011b.\u201c<\/p>\n<p><img loading=\"lazy\" decoding=\"async\" class=\"alignnone size-medium wp-image-17421\" src=\"http:\/\/www.automakers.cz\/wp-content\/uploads\/2025\/10\/Lynk-showroom-900x600.jpg\" alt=\"\" width=\"900\" height=\"600\" \/><strong>Lynk &amp; Co nab\u00edz\u00ed v sou\u010dasnosti na \u010desk\u00e9m trhu t\u0159i modely:<\/strong><br \/>\n\u2022 plug-in hybridn\u00ed SUV 01,<br \/>\n\u2022 elektrick\u00e9 crossover-coup\u00e9 02,<br \/>\n\u2022 plug-in hybridn\u00ed vlajkovou lo\u010f 08 s kombinovan\u00fdm dojezdem a\u017e 1100 kilometr\u016f, p\u0159i\u010dem\u017e 200 kilometr\u016f zvl\u00e1dne toto rodinn\u00e9 SUV \u010dist\u011b na elekt\u0159inu.<\/p>\n<p><strong>Zna\u010dka odhalila kompletn\u00ed \u010desk\u00fd cen\u00edk,<\/strong> kter\u00fd za\u010d\u00edn\u00e1 pro \u010desk\u00e9 \u0159idi\u010de na dostupn\u00e9 \u010d\u00e1stce 899 995 K\u010d s DPH za model 02 ve v\u00fdbav\u011b Core a kon\u010d\u00ed na \u010d\u00e1stce 1 449 995 K\u010d s DPH za nejvy\u0161\u0161\u00ed model 08 ve v\u00fdbav\u011b More. V nab\u00eddce jsou v\u017edy dva v\u00fdbavov\u00e9 stupn\u011b a rozd\u00edl mezi nimi \u010din\u00ed u v\u0161ech model\u016f 100 tis\u00edc korun.<\/p>\n<p><strong>Orbion Cars tak\u00e9 ozn\u00e1mila prvn\u00edho z ambasador\u016f,<\/strong> kter\u00fd bude v \u010cesku zna\u010dku Lynk &amp; Co reprezentovat. Jedn\u00e1 se o design\u00e9ra Vratislava Pecku vystupuj\u00edc\u00edho pod pseudonymem PosterLad. Specializuje se na tvorbu origin\u00e1ln\u00edch geometrick\u00fdch a minimalistick\u00fdch plak\u00e1t\u016f, kter\u00fdmi si vydobyl renom\u00e9 v \u010cesku i po cel\u00e9m sv\u011bt\u011b.<\/p>\n<p><strong>Zdroj: lynkac.cz<\/strong><\/p>\n<p><img loading=\"lazy\" decoding=\"async\" class=\"alignnone size-medium wp-image-17419\" src=\"http:\/\/www.automakers.cz\/wp-content\/uploads\/2025\/10\/Lynk-parkoviste-orez-900x472.jpg\" alt=\"\" width=\"900\" height=\"472\" srcset=\"https:\/\/www.automakers.cz\/wp-content\/uploads\/2025\/10\/Lynk-parkoviste-orez-900x472.jpg 900w, https:\/\/www.automakers.cz\/wp-content\/uploads\/2025\/10\/Lynk-parkoviste-orez-1024x538.jpg 1024w, https:\/\/www.automakers.cz\/wp-content\/uploads\/2025\/10\/Lynk-parkoviste-orez-768x403.jpg 768w, https:\/\/www.automakers.cz\/wp-content\/uploads\/2025\/10\/Lynk-parkoviste-orez-1536x806.jpg 1536w, https:\/\/www.automakers.cz\/wp-content\/uploads\/2025\/10\/Lynk-parkoviste-orez.jpg 2004w\" sizes=\"auto, (max-width: 900px) 100vw, 900px\" \/><\/p>\n","protected":false},"excerpt":{"rendered":"<p>Automobilka Lynk &amp; Co otev\u00edr\u00e1 sv\u016fj prvn\u00ed tuzemsk\u00fd showroom. V\u00fdhradn\u00edm \u010desk\u00fdm prodejcem t\u011bchto elektro a&#8230;<\/p>\n","protected":false},"author":1,"featured_media":17418,"comment_status":"closed","ping_status":"closed","sticky":false,"template":"","format":"standard","meta":{"footnotes":""},"categories":[37,17,73],"tags":[],"class_list":["post-17416","post","type-post","status-publish","format-standard","has-post-thumbnail","hentry","category-ceny-novinek","category-dealeri","category-opening"],"_links":{"self":[{"href":"https:\/\/www.automakers.cz\/index.php?rest_route=\/wp\/v2\/posts\/17416","targetHints":{"allow":["GET"]}}],"collection":[{"href":"https:\/\/www.automakers.cz\/index.php?rest_route=\/wp\/v2\/posts"}],"about":[{"href":"https:\/\/www.automakers.cz\/index.php?rest_route=\/wp\/v2\/types\/post"}],"author":[{"embeddable":true,"href":"https:\/\/www.automakers.cz\/index.php?rest_route=\/wp\/v2\/users\/1"}],"replies":[{"embeddable":true,"href":"https:\/\/www.automakers.cz\/index.php?rest_route=%2Fwp%2Fv2%2Fcomments&post=17416"}],"version-history":[{"count":4,"href":"https:\/\/www.automakers.cz\/index.php?rest_route=\/wp\/v2\/posts\/17416\/revisions"}],"predecessor-version":[{"id":17424,"href":"https:\/\/www.automakers.cz\/index.php?rest_route=\/wp\/v2\/posts\/17416\/revisions\/17424"}],"wp:featuredmedia":[{"embeddable":true,"href":"https:\/\/www.automakers.cz\/index.php?rest_route=\/wp\/v2\/media\/17418"}],"wp:attachment":[{"href":"https:\/\/www.automakers.cz\/index.php?rest_route=%2Fwp%2Fv2%2Fmedia&parent=17416"}],"wp:term":[{"taxonomy":"category","embeddable":true,"href":"https:\/\/www.automakers.cz\/index.php?rest_route=%2Fwp%2Fv2%2Fcategories&post=17416"},{"taxonomy":"post_tag","embeddable":true,"href":"https:\/\/www.automakers.cz\/index.php?rest_route=%2Fwp%2Fv2%2Ftags&post=17416"}],"curies":[{"name":"wp","href":"https:\/\/api.w.org\/{rel}","templated":true}]}}