{"id":17516,"date":"2025-10-31T10:55:52","date_gmt":"2025-10-31T10:55:52","guid":{"rendered":"https:\/\/www.automakers.cz\/?p=17516"},"modified":"2025-10-31T10:55:52","modified_gmt":"2025-10-31T10:55:52","slug":"anketa-coty-2026-ma-sedm-finalistu","status":"publish","type":"post","link":"https:\/\/www.automakers.cz\/?p=17516","title":{"rendered":"Anketa COTY 2026 m\u00e1 sedm finalist\u016f"},"content":{"rendered":"<div class=\"elementToProof\"><strong>Mezin\u00e1rodn\u00ed odborn\u00e1 porota vol\u00edc\u00ed evropsk\u00fd V\u016fz roku (The Car of the Year, COTY) ozn\u00e1mila jm\u00e9na sedmi automobilov\u00fdch novinek, je\u017e se utkaj\u00ed o titul COTY 2026.<\/strong><\/div>\n<p><!--more--><\/p>\n<div class=\"elementToProof\">Tak\u00e9 letos tento v\u00fdb\u011br odr\u00e1\u017e\u00ed sou\u010dasn\u00fd v\u00fdvoj cel\u00e9ho segmentu. Zat\u00edmco t\u0159eba v ro\u010dn\u00edku 2022 bylo \u0161est ze sedmi voz\u016f pln\u011b elektrick\u00fdch a p\u0159edloni se do fin\u00e1le dostaly \u010dty\u0159i elektromobily, letos jsou jen t\u0159i, Kia EV4, Renault 4 a \u0160koda Elroq. Nutno ale dodat, \u017ee tak\u00e9 typy Citro\u00ebn C5 Aircross, Fiat Grande Panda a Mercedes-Benz CLA maj\u00ed sv\u00e9 \u010dist\u011b elektrick\u00e9 modely.<\/div>\n<div class=\"elementToProof\"><\/div>\n<div class=\"elementToProof\"><u>Finalist\u00e9 COTY 2026<\/u><\/div>\n<div class=\"elementToProof\"><\/div>\n<div class=\"elementToProof\"><b>Citro\u00ebn C5 Aircross<\/b><\/div>\n<div class=\"elementToProof\"><b>Dacia Bigster<\/b><\/div>\n<div class=\"elementToProof\"><b>Fiat Grande Panda<\/b><\/div>\n<div class=\"elementToProof\"><b>Kia EV4<\/b><\/div>\n<div class=\"elementToProof\"><b>Mercedes-Benz CLA<\/b><\/div>\n<div class=\"elementToProof\"><b>Renault 4<\/b><\/div>\n<div class=\"elementToProof\"><b>\u0160koda Elroq<\/b><\/div>\n<div class=\"elementToProof\"><\/div>\n<div class=\"elementToProof\"><strong>V\u00a0seznamu uchaze\u010d\u016f o presti\u017en\u00ed titul Car of the Year 2026 se nakonec objevilo 35 nov\u00fdch automobil\u016f<\/strong>, kter\u00e9 splnily po\u017eadavky pro za\u0159azen\u00ed do leto\u0161n\u00edho ro\u010dn\u00edku. Z\u00a0nich nakonec 59 porotc\u016f z\u00a023 zem\u00ed vybralo sedm, je\u017e se utkaj\u00ed o prvenstv\u00ed. Dosud se nebobovalo, ka\u017ed\u00fd porotce pouze napsal sedm sv\u00fdch favorit\u016f. T\u011bm se pak jednodu\u0161e spo\u010d\u00edtaly \u201e\u010d\u00e1rky\u201c a pod sedm\u00fdm s\u00a0jejich nejvy\u0161\u0161\u00edm po\u010dtem ud\u011blalo veden\u00ed \u010d\u00e1ru. V\u0161echny tyto vozy m\u011bli \u010dlenov\u00e9 poroty k\u00a0dispozici na z\u00e1\u0159ijov\u00fdch velk\u00fdch zkou\u0161k\u00e1ch v d\u00e1nsk\u00e9m Tannisu, kam se letos sjelo 72 automobil\u016f 28 typ\u016f od 24 zna\u010dek.<\/div>\n<div class=\"elementToProof\"><\/div>\n<div class=\"elementToProof\"><strong>Jak bude volba evropsk\u00e9ho Vozu roku (COTY) pro rok 2026 prob\u00edhat?<\/strong> Ve dnech 16. a 17. prosince bude porota naposledy d\u016fkladn\u011b zkou\u0161et v\u0161echny finalisty na katal\u00e1nsk\u00e9m okruhu Parcmotor Castellol\u00ed, druh\u00fd den tam prob\u011bhne i prezentace v\u00fdrobc\u016f a valn\u00e1 hromada organizace COTY. V\u00a0p\u00e1tek 9. ledna 2026 bude v\u00edt\u011bzn\u00fd automobil slavnostn\u011b vyhl\u00e1\u0161en na \u00favod autosalonu v\u00a0Bruselu.<\/div>\n<div class=\"elementToProof\"><\/div>\n<div class=\"elementToProof\"><strong>Odborn\u00e1 anketa vol\u00edc\u00ed evropsk\u00fd V\u016fz roku (The Car of the Year, COTY) b\u011b\u017e\u00ed bez p\u0159eru\u0161en\u00ed od roku 1964.<\/strong> Organizaci tradi\u010dn\u011b zaji\u0161\u0165uj\u00ed \u010dasopisy Auto (It\u00e1lie), Autocar (Velk\u00e1 Brit\u00e1nie), Autopista (\u0160pan\u011blsko), Autovisie (Holandsko), L\u00b4Automobile (Francie) a Vi Bilagare (\u0160v\u00e9dsko). Kdy\u017e n\u011bmeck\u00fd Stern se svoj\u00ed podporou skon\u010dil, nahradily jej Automobil Revue (\u0160v\u00fdcarsko), Autotrends (Belgie) a Firmenauto (N\u011bmecko). Porota v sou\u010dasnosti sest\u00e1v\u00e1 z 61 \u010dlen\u016f z 24 zem\u00ed zejm\u00e9na z\u00e1padn\u00ed a st\u0159edn\u00ed Evropy. Dv\u011bma porotc\u016fm z\u00a0Ruska z\u00a0pochopiteln\u00fdch d\u016fvod\u016f z\u016fst\u00e1v\u00e1 \u010dlenstv\u00ed pozastaveno. \u010cesk\u00e1 republika m\u00e1 v COTY jednoho z\u00e1stupce od roku 1993, v\u017edy \u0161\u00e9fredaktora magaz\u00ednu Automobil. Do roku 2000 j\u00edm byl Milan Joz\u00edf, do ro\u010dn\u00edku 2015 Tom\u00e1\u0161 Hyan a od t\u00e9 doby za \u010ceskou republiku vol\u00ed autor \u010dl\u00e1nku.<\/div>\n<div class=\"elementToProof\">\n<div id=\"divtagdefaultwrapper\">\n<div id=\"divtagdefaultwrapper\">\n<p><b>Mgr. Ji\u0159\u00ed Ducho\u0148, porotce COTY<\/b><\/p>\n<\/div>\n<\/div>\n<\/div>\n","protected":false},"excerpt":{"rendered":"<p>Mezin\u00e1rodn\u00ed odborn\u00e1 porota vol\u00edc\u00ed evropsk\u00fd V\u016fz roku (The Car of the Year, COTY) ozn\u00e1mila jm\u00e9na&#8230;<\/p>\n","protected":false},"author":1,"featured_media":17517,"comment_status":"closed","ping_status":"closed","sticky":false,"template":"","format":"standard","meta":{"footnotes":""},"categories":[32,27],"tags":[],"class_list":["post-17516","post","type-post","status-publish","format-standard","has-post-thumbnail","hentry","category-ankety","category-novinari"],"_links":{"self":[{"href":"https:\/\/www.automakers.cz\/index.php?rest_route=\/wp\/v2\/posts\/17516","targetHints":{"allow":["GET"]}}],"collection":[{"href":"https:\/\/www.automakers.cz\/index.php?rest_route=\/wp\/v2\/posts"}],"about":[{"href":"https:\/\/www.automakers.cz\/index.php?rest_route=\/wp\/v2\/types\/post"}],"author":[{"embeddable":true,"href":"https:\/\/www.automakers.cz\/index.php?rest_route=\/wp\/v2\/users\/1"}],"replies":[{"embeddable":true,"href":"https:\/\/www.automakers.cz\/index.php?rest_route=%2Fwp%2Fv2%2Fcomments&post=17516"}],"version-history":[{"count":1,"href":"https:\/\/www.automakers.cz\/index.php?rest_route=\/wp\/v2\/posts\/17516\/revisions"}],"predecessor-version":[{"id":17518,"href":"https:\/\/www.automakers.cz\/index.php?rest_route=\/wp\/v2\/posts\/17516\/revisions\/17518"}],"wp:featuredmedia":[{"embeddable":true,"href":"https:\/\/www.automakers.cz\/index.php?rest_route=\/wp\/v2\/media\/17517"}],"wp:attachment":[{"href":"https:\/\/www.automakers.cz\/index.php?rest_route=%2Fwp%2Fv2%2Fmedia&parent=17516"}],"wp:term":[{"taxonomy":"category","embeddable":true,"href":"https:\/\/www.automakers.cz\/index.php?rest_route=%2Fwp%2Fv2%2Fcategories&post=17516"},{"taxonomy":"post_tag","embeddable":true,"href":"https:\/\/www.automakers.cz\/index.php?rest_route=%2Fwp%2Fv2%2Ftags&post=17516"}],"curies":[{"name":"wp","href":"https:\/\/api.w.org\/{rel}","templated":true}]}}