{"id":17524,"date":"2025-11-03T12:06:42","date_gmt":"2025-11-03T12:06:42","guid":{"rendered":"https:\/\/www.automakers.cz\/?p=17524"},"modified":"2025-11-03T12:06:42","modified_gmt":"2025-11-03T12:06:42","slug":"mercedes-benz-predvedl-glc-v-karline","status":"publish","type":"post","link":"https:\/\/www.automakers.cz\/?p=17524","title":{"rendered":"Mercedes-Benz p\u0159edvedl GLC v Karl\u00edn\u011b"},"content":{"rendered":"\r\n<p><strong>Motoristi\u010dt\u00ed novin\u00e1\u0159i se 30. \u0159\u00edjna \u00fa\u010dastnili v karl\u00ednsk\u00e9 LL Gallery pracovn\u00ed p\u0159edpremi\u00e9rov\u00e9 Sneak Preview prezentace nov\u00e9ho Mercedesu-Benz GLC s technologi\u00ed EQ. S novinkou sezn\u00e1mil p\u0159\u00edtomn\u00e9 mana\u017eer komunikace zna\u010dky Josef Hl\u00e1vka. Prodejci u\u017e p\u0159ij\u00edmaj\u00ed objedn\u00e1vky, cena za\u010d\u00edn\u00e1 od 1 778 700 K\u010d.<\/strong><!--more--><\/p>\r\n<p><strong>GLC \u2013 bestseller zna\u010dky s 952 \u010desk\u00fdmi registracemi<\/strong><br \/>Nejobl\u00edben\u011bj\u0161\u00edm, a tak\u00e9 nejprod\u00e1van\u011bj\u0161\u00edm modelem zna\u010dky Mercedes-Benz je ji\u017e mnoho let nejen u n\u00e1s GLC, kter\u00fd se opakovan\u011b umis\u0165uje na p\u0159edn\u00edch p\u0159\u00ed\u010dk\u00e1ch \u017eeb\u0159\u00ed\u010dk\u016f po cel\u00e9m sv\u011bt\u011b. Jen za leto\u0161n\u00edch prvn\u00edch dev\u011bt m\u011bs\u00edc\u016f bylo u n\u00e1s registrov\u00e1no 952 kus\u016f tohoto modelu, co\u017e jej \u0159ad\u00ed na 39 p\u0159\u00ed\u010dku neprod\u00e1van\u011bj\u0161\u00edch voz\u016f na \u010desk\u00e9 trhu. Pro porovn\u00e1n\u00ed, h\u016f\u0159e jsou na tom letos nap\u0159. Nissan Qashqai, Cupra Formentor, Hyundai Bayon, Toyota Yaris a mnoho dal\u0161\u00edch. V p\u0159\u00edpad\u011b sou\u010dasn\u00fdch GLC se ale jedn\u00e1 o varianty se spalovac\u00edmi motory, pop\u0159\u00edpad\u011b hybridy. <\/p>\r\n<p><strong>Elektrick\u00e1 verze EQ<\/strong><br \/>Pod ozna\u010den\u00edm GLC, ale s dopl\u0148kem \u201es technologi\u00ed EQ\u201c byla p\u0159edstavena zcela nov\u00e1 \u010dist\u011b elektrick\u00e1 verze, kter\u00e1 je oproti sou\u010dasn\u00e9 del\u0161\u00ed a s v\u011bt\u0161\u00edm rozvorem, vych\u00e1z\u00ed z 800voltov\u00e9 platformy MB.EA. a nav\u00edc prezentuje \u201enov\u00fd designov\u00fd jazyk\u201c budouc\u00edch mercedes\u016f.<\/p>\r\n<p><img loading=\"lazy\" decoding=\"async\" class=\"alignnone size-medium wp-image-17541\" src=\"http:\/\/www.automakers.cz\/wp-content\/uploads\/2025\/11\/2511_MB_GLC_3_20251030_1437531-900x603.jpg\" alt=\"\" width=\"900\" height=\"603\" \/>Nov\u00e1 je nejen v\u00fdrazn\u00e1 a velk\u00e1 maska s mo\u017enost\u00ed podsv\u00edcen\u00ed p\u0159ipom\u00ednaj\u00edc\u00ed modely ze \u0161edes\u00e1t\u00fdch let se stylizovan\u00fdm m\u0159\u00ed\u017ekov\u00e1n\u00edm, ale hladk\u00e1 bez otvor\u016f. Na n\u00ed navzuj\u00ed sv\u011btlomety ve tvaru mercedesovsk\u00e9 hv\u011bzdy. Zm\u011bny doznaly jak z\u00e1kladn\u00ed proporce, tak p\u0159edev\u0161\u00edm mnoh\u00e9 detaily, ale p\u0159esto je nov\u00e9 GLC na prvn\u00ed pohled charakteristick\u00fd Mercedes. <br \/>Interi\u00e9r h\u00fd\u0159\u00ed modernou, m\u00e1 t\u00e9m\u011b\u0159 metrov\u00fd displej MBUX Hyperscreen, rozd\u011blen\u00fd do v\u00edce z\u00f3n s velmi v\u00fdkonn\u00fdm syst\u00e9mem MB.OS, vyu\u017e\u00edvaj\u00edc\u00ed um\u011blou inteligenci.<\/p>\r\n<p>Ovl\u00e1d\u00e1n\u00ed mnoh\u00fdch funkc\u00ed je prost\u0159ednictv\u00edm v\u011bt\u0161\u00edho po\u010dtu haptick\u00fdch prvk\u016f na volantu, na dotykov\u00e9m displeji a m\u016f\u017ee b\u00fdt tak\u00e9 hlasem. Na to, \u017ee se jedn\u00e1 o elektromobil, m\u00e1 nov\u00fd GLC slu\u0161n\u00fd objem zavazadlov\u00e9ho prostoru 570 l a po sklopen\u00ed zadn\u00edch op\u011bradel 1740 l. Nav\u00edc je pod p\u0159edn\u00ed kapotou dal\u0161\u00edch 128 litr\u016f prostoru, t\u0159eba na nab\u00edjec\u00ed kabely. <\/p>\r\n<p><img loading=\"lazy\" decoding=\"async\" class=\"alignnone size-medium wp-image-17542\" src=\"http:\/\/www.automakers.cz\/wp-content\/uploads\/2025\/11\/2511_MB_GLC_4_20251030_1500161-900x613.jpg\" alt=\"\" width=\"900\" height=\"613\" \/><strong>V\u00fdkony a cena nov\u00e9ho t\u011b\u017ek\u00e9ho atleta<\/strong> <br \/>Prezentovan\u00fd 4 845 mm dlouh\u00fd, \u010dist\u011b elektrick\u00fd GLC 400 4Matic nab\u00edz\u00ed pohon v\u0161ech kol, kombinovan\u00fd v\u00fdkon motor\u016f 360 kW, to\u010div\u00fd moment 800 Nm, zrychlen\u00ed z 0 na 100 km\/h za 4,3 s a nejvy\u0161\u0161\u00ed rychlost 210 km\/h. Akumul\u00e1tor 94 kWh umo\u017e\u0148uje dojezd a\u017e 673 km, nab\u00edjen\u00ed stejnosm\u011brn\u00fdm proudem a\u017e 330 kW z 10 % na 80 % za 22 minut a z 0 na 100 % st\u0159\u00eddav\u00fdm proudem 11 kW za 10 hodin. Spot\u0159eba je podle v\u00fdrobce 15,8 kWh\/100 km.\u00a0<\/p>\r\n<p>P\u0159ipraven k j\u00edzd\u011b v\u00e1\u017e\u00ed nov\u00fd GLC p\u0159es atletick\u00fdch dv\u011b a p\u016fl tuny s mo\u017enost\u00ed zat\u00ed\u017een\u00ed o dal\u0161\u00edch 505 kg. P\u0159\u00edpustn\u00e1 hmotnost brzd\u011bn\u00e9ho p\u0159\u00edv\u011bsu je na elektromobil obdivuhodn\u00fdch 2 400 kg.<\/p>\r\n<p><img loading=\"lazy\" decoding=\"async\" class=\"alignnone size-medium wp-image-17540\" src=\"http:\/\/www.automakers.cz\/wp-content\/uploads\/2025\/11\/2511_MB_GLC_2_-20251030_1417511-900x619.jpg\" alt=\"\" width=\"900\" height=\"619\" \/><strong>Prodejci u\u017e p\u0159ij\u00edmaj\u00ed objedn\u00e1vky a na ja\u0159e 2026 se ho do\u010dkaj\u00ed dod\u00e1n\u00ed prvn\u00ed z\u00e1jemci.<\/strong> Cena za\u010d\u00edn\u00e1 od 1 778 700 K\u010d s t\u00edm, \u017ee pod\u011bji budou v nab\u00eddce tak\u00e9 m\u00e9n\u011b v\u00fdkonn\u00e9 a levn\u011bj\u0161\u00ed verze. Na p\u0159\u00e1n\u00ed je mo\u017en\u00e9 objednat mimo jin\u00e9 nat\u00e1\u010den\u00ed kol zadn\u00ed n\u00e1pravy a podvozek se vzduchov\u00fdm odpru\u017een\u00edm AIRMATIC a mnoho dal\u0161\u00edch prvk\u016f v\u00fdbavy. <\/p>\r\n<p><strong>Ambiciozn\u00ed c\u00edle<\/strong><br \/>Zna\u010dka Mercedes-Benz pat\u0159\u00ed u\u017e \u0159adu let na \u010desk\u00e9m trhu mezi TOP 6 a\u017e 8 nejprod\u00e1van\u011bj\u0161\u00edch, a p\u0159esto\u017ee v\u00fdhradn\u011b elektricky poh\u00e1n\u011bn\u00e9 modely jsou pro ni nejvy\u0161\u0161\u00ed prioritou, \u010de\u0161t\u00ed z\u00e1kazn\u00edci jsou z\u0159ejm\u011b jin\u00e9ho n\u00e1zoru.<\/p>\r\n<p>Pod\u00edl \u010dist\u011b elektrick\u00fdch mercedes\u016f p\u0159edstavuje letos po dev\u00edti m\u011bs\u00edc\u00edch st\u00e1le jen lehce nadpr\u016fm\u011brn\u00fdch 6,37 %, zat\u00edmco odsuzovan\u00e9 diesely maj\u00ed pod\u00edl 62,41 %, tedy 10x v\u011bt\u0161\u00ed, na \u010dist\u011b benzinov\u00fd pohon p\u0159ipad\u00e1 23,28 %, na naftov\u00e9 pluig-in hybridy 4,47 % a na benzinov\u00e9 3,48 %. To zdaleka neodpov\u00edd\u00e1 pl\u00e1n\u016fm koncernov\u00fdch strat\u00e9g\u016f.<\/p>\r\n<p>Proto jsou do nov\u00e9ho, v mnoha ohledech revolu\u010dn\u00edho GLC s technologi\u00ed EQ vkl\u00e1d\u00e1ny velk\u00e9 nad\u011bje, zvl\u00e1\u0161\u0165 kdy\u017e se jeho cena v\u00fdrazn\u011b neli\u0161\u00ed od dokonce o trochu men\u0161\u00edch plug-in hybridn\u00edch verz\u00ed GLC. Uvid\u00edme, co na to \u0159eknou z\u00e1kazn\u00edci. <\/p>\r\n<p><strong>Karel Ber\u00e1nek, Karl\u00edn<\/strong><\/p>\r\n","protected":false},"excerpt":{"rendered":"<p>Motoristi\u010dt\u00ed novin\u00e1\u0159i se 30. \u0159\u00edjna \u00fa\u010dastnili v karl\u00ednsk\u00e9 LL Gallery pracovn\u00ed p\u0159edpremi\u00e9rov\u00e9 Sneak Preview prezentace&#8230;<\/p>\n","protected":false},"author":6,"featured_media":17535,"comment_status":"closed","ping_status":"closed","sticky":false,"template":"","format":"standard","meta":{"footnotes":""},"categories":[37,9,12],"tags":[],"class_list":["post-17524","post","type-post","status-publish","format-standard","has-post-thumbnail","hentry","category-ceny-novinek","category-elektromobily","category-premiery"],"_links":{"self":[{"href":"https:\/\/www.automakers.cz\/index.php?rest_route=\/wp\/v2\/posts\/17524","targetHints":{"allow":["GET"]}}],"collection":[{"href":"https:\/\/www.automakers.cz\/index.php?rest_route=\/wp\/v2\/posts"}],"about":[{"href":"https:\/\/www.automakers.cz\/index.php?rest_route=\/wp\/v2\/types\/post"}],"author":[{"embeddable":true,"href":"https:\/\/www.automakers.cz\/index.php?rest_route=\/wp\/v2\/users\/6"}],"replies":[{"embeddable":true,"href":"https:\/\/www.automakers.cz\/index.php?rest_route=%2Fwp%2Fv2%2Fcomments&post=17524"}],"version-history":[{"count":5,"href":"https:\/\/www.automakers.cz\/index.php?rest_route=\/wp\/v2\/posts\/17524\/revisions"}],"predecessor-version":[{"id":17572,"href":"https:\/\/www.automakers.cz\/index.php?rest_route=\/wp\/v2\/posts\/17524\/revisions\/17572"}],"wp:featuredmedia":[{"embeddable":true,"href":"https:\/\/www.automakers.cz\/index.php?rest_route=\/wp\/v2\/media\/17535"}],"wp:attachment":[{"href":"https:\/\/www.automakers.cz\/index.php?rest_route=%2Fwp%2Fv2%2Fmedia&parent=17524"}],"wp:term":[{"taxonomy":"category","embeddable":true,"href":"https:\/\/www.automakers.cz\/index.php?rest_route=%2Fwp%2Fv2%2Fcategories&post=17524"},{"taxonomy":"post_tag","embeddable":true,"href":"https:\/\/www.automakers.cz\/index.php?rest_route=%2Fwp%2Fv2%2Ftags&post=17524"}],"curies":[{"name":"wp","href":"https:\/\/api.w.org\/{rel}","templated":true}]}}