{"id":17549,"date":"2025-11-05T13:57:48","date_gmt":"2025-11-05T13:57:48","guid":{"rendered":"https:\/\/www.automakers.cz\/?p=17549"},"modified":"2025-11-05T13:57:48","modified_gmt":"2025-11-05T13:57:48","slug":"seat-rozjizdi-lisovaci-linku-pro-novou-eru-mobility","status":"publish","type":"post","link":"https:\/\/www.automakers.cz\/?p=17549","title":{"rendered":"SEAT rozj\u00ed\u017ed\u00ed lisovac\u00ed linku pro novou \u00e9ru mobility"},"content":{"rendered":"<p><strong>Servomechanick\u00e1 lisovac\u00ed linka PXL ve v\u00fdrobn\u00edm z\u00e1vod\u011b Martorell dok\u00e1\u017ee vylisovat 4 miliony d\u00edl\u016f ro\u010dn\u011b. B<\/strong><strong>yla uvedena do provozu po 40 m\u011bs\u00edc\u00edch v\u00fdvoje a v\u00fdstavby a ji\u017e lisuje d\u00edly pro aktu\u00e1ln\u011b vyr\u00e1b\u011bn\u00e9 Seaty.<\/strong><!--more--><\/p>\n<p>Na cest\u011b k\u00a0elektrifikaci je nutn\u00e9 zva\u017eovat mnoho r\u016fzn\u00fdch aspekt\u016f. Prob\u00edhaj\u00edc\u00ed transformace je patrn\u00e1 na designu nov\u00fdch model\u016f a zrcadl\u00ed se tak\u00e9 ve \u0161kolen\u00edch zam\u011bstnanc\u016f nebo v modernizaci v\u00fdrobn\u00edch z\u00e1vod\u016f a proces\u016f. Do posledn\u00ed uveden\u00e9 skupiny pat\u0159\u00ed nov\u00e1 servomechanick\u00e1 lisovac\u00ed linka PXL ve v\u00fdrobn\u00edm z\u00e1vod\u011b zna\u010dek SEAT a CUPRA v\u00a0Martorellu, kter\u00e1 je efektivn\u011bj\u0161\u00ed, v\u00fdkonn\u011bj\u0161\u00ed a s\u00ed\u0165ov\u011b propojen\u011bj\u0161\u00ed.<\/p>\n<p>Lisy budou vyr\u00e1b\u011bt a\u017e 4 miliony karos\u00e1\u0159sk\u00fdch d\u00edl\u016f pro modely CUPRA Raval a Volkswagen ID. Polo ro\u010dn\u011b. V sou\u010dasnosti ji\u017e tyto lisy lisuj\u00ed d\u00edly pro aktu\u00e1ln\u00ed s\u00e9riov\u011b vyr\u00e1b\u011bn\u00e9 modely spole\u010dnosti SEAT S.A.<\/p>\n<p><img loading=\"lazy\" decoding=\"async\" class=\"alignnone wp-image-17551\" src=\"http:\/\/www.automakers.cz\/wp-content\/uploads\/2025\/11\/SEAT-ma-lisovaci-linku-pro-novou-eru-mobility-3-900x506.jpg\" alt=\"\" width=\"964\" height=\"542\" \/><\/p>\n<p><strong>Efektivita<\/strong><\/p>\n<p>Servomechanick\u00e1 lisovac\u00ed linka vynik\u00e1 svou vysokou produktivitou. <strong>\u201eD\u00edky 15 zdvih\u016fm lisu za minutu m\u016f\u017eeme lisovat v\u00edce d\u00edl\u016f za krat\u0161\u00ed dobu a s\u00a0nejvy\u0161\u0161\u00ed efektivitou,\u201c<\/strong>\u00a0vysv\u011btluje Alicia Molinov\u00e1, \u0159editelka odd\u011blen\u00ed technick\u00e9ho v\u00fdvoje v\u00fdrobn\u00edch proces\u016f pro zna\u010dky SEAT a CUPRA. Efektivitu zvy\u0161uje tak\u00e9 krat\u0161\u00ed doba pot\u0159ebn\u00e1 k\u00a0v\u00fdm\u011bn\u011b lisovac\u00edch n\u00e1stroj\u016f. T\u011bchto v\u00fdm\u011bn m\u016f\u017ee prob\u011bhnout a\u017e patn\u00e1ct za den, co\u017e umo\u017e\u0148uje v\u00fdrobu r\u016fzn\u00fdch d\u00edl\u016f.<\/p>\n<p><strong>\u201eKompletn\u00ed automatizac\u00ed tohoto procesu se n\u00e1m poda\u0159ilo zkr\u00e1tit dobu pot\u0159ebnou k\u00a0v\u00fdm\u011bn\u011b lisovac\u00edch n\u00e1stroj\u016f na pouh\u00fdch p\u011bt minut mezi dokon\u010den\u00edm posledn\u00edho d\u00edlu dob\u00edhaj\u00edc\u00ed v\u00fdrobn\u00ed s\u00e9rie a zah\u00e1jen\u00edm v\u00fdroby prvn\u00edho d\u00edlu z\u00a0n\u00e1sleduj\u00edc\u00ed v\u00fdrobn\u00ed s\u00e9rie,\u201c<\/strong>\u00a0\u0159\u00edk\u00e1 Jose Arreche, \u0159editel v\u00fdrobn\u00edho z\u00e1vodu zna\u010dek SEAT a CUPRA v\u00a0Martorellu.<\/p>\n<p><img loading=\"lazy\" decoding=\"async\" class=\"alignnone wp-image-17552\" src=\"http:\/\/www.automakers.cz\/wp-content\/uploads\/2025\/11\/SEAT-ma-lisovaci-linku-pro-novou-eru-mobility-4-900x506.webp\" alt=\"\" width=\"968\" height=\"544\" \/><\/p>\n<p>Vzhledem ke slo\u017eit\u00e9 p\u0159eprav\u011b a zaji\u0161t\u011bn\u00ed tak v\u00fdkonn\u00fdch a t\u011b\u017ek\u00fdch stroj\u016f byla v\u00fdstavba lisovac\u00ed linky velk\u00fdm technick\u00fdm v\u00fdkonem. Lisovac\u00ed linka mus\u00ed odol\u00e1vat s\u00edle 81 000 kN. Proto je um\u00edst\u011bna nad \u0161achtou hlubokou 9 metr\u016f a z\u00e1klady na betonov\u00fdch pilotech sahaj\u00edc\u00edch do hloubky 20 metr\u016f, co\u017e odpov\u00edd\u00e1 v\u00fd\u0161ce sedmiposcho\u010fov\u00e9 budovy.<\/p>\n<p>N\u00e1ro\u010dn\u00fd projekt si vy\u017e\u00e1dal a\u017e 40 m\u011bs\u00edc\u016f pr\u00e1ce na v\u00fdvoji a v\u00fdstavb\u011b s mnoha v\u00fdzvami ohledn\u011b koordinace.\u00a0<strong>\u201eKl\u00ed\u010dovou roli v \u00fasp\u011b\u0161n\u00e9 realizaci tohoto obrovsk\u00e9ho stavebn\u00edho projektu sehr\u00e1ly komunikace a mezioborov\u00e1 spolupr\u00e1ce t\u00fdm\u016f z\u00a0odd\u011blen\u00ed technick\u00e9ho v\u00fdvoje v\u00fdrobn\u00edch proces\u016f, \u00fadr\u017eby, v\u00fdroby, logistiky, IT, prevence a financ\u00ed,\u201c<\/strong>\u00a0\u0159\u00edk\u00e1 Molinov\u00e1.<\/p>\n<p><img loading=\"lazy\" decoding=\"async\" class=\"alignnone wp-image-17554\" src=\"http:\/\/www.automakers.cz\/wp-content\/uploads\/2025\/11\/SEAT-ma-lisovaci-linku-pro-novou-eru-mobility-5-900x506.webp\" alt=\"\" width=\"978\" height=\"550\" \/><\/p>\n<p><strong>S\u00ed\u0165ov\u011b propojen\u00e1 tov\u00e1rna<\/strong><\/p>\n<p>Mezi novinky v lisovn\u011b pat\u0159\u00ed konektivita. Z\u00a0ka\u017ed\u00e9ho lisovac\u00edho cyklu lze z\u00edskat cca 3000 \u00fadaj\u016f.\u00a0<strong>\u201eV sou\u010dasnosti vyv\u00edj\u00edme dva syst\u00e9my, kter\u00e9 budou kl\u00ed\u010dov\u00e9 pro interpretaci tohoto obrovsk\u00e9ho datov\u00e9ho toku a shroma\u017e\u010fov\u00e1n\u00ed podrobn\u00fdch informac\u00ed o \u0159\u00edzen\u00ed v\u00fdroby a \u00fadr\u017eb\u011b,\u201c<\/strong>\u00a0\u0159\u00edk\u00e1 Molinov\u00e1. V\u00a0dal\u0161\u00edm kroku budou informace vyu\u017e\u00edv\u00e1ny k\u00a0sestavov\u00e1n\u00ed predikc\u00ed a optimalizaci proces\u016f.<\/p>\n<p><strong>Nov\u00e9 pracovn\u00ed profily<\/strong><\/p>\n<p>Zam\u011bstnanci, kte\u0159\u00ed pracuj\u00ed s lisovac\u00ed linkou PXL, museli vzhledem k tak rozs\u00e1hl\u00fdm zm\u011bn\u00e1m proj\u00edt tak\u00e9 jist\u00fdm druhem transformace, co\u017e byl z\u00e1sadn\u00ed krok, aby se mohli adaptovat na nov\u00e1 strojn\u00ed za\u0159\u00edzen\u00ed a jejich digitalizaci.\u00a0<strong>\u201e\u0160kolen\u00ed bylo ned\u00edlnou sou\u010d\u00e1st\u00ed na\u0161ich p\u0159\u00edprav na tuto zm\u011bnu na v\u0161ech \u00farovn\u00edch,\u201c<\/strong>\u00a0\u0159\u00edk\u00e1 Arreche a dod\u00e1v\u00e1:\u00a0<strong>\u201eZm\u011bnili jsme sv\u016fj p\u0159\u00edstup a nyn\u00ed jsme p\u0159ipraveni na novou elektrickou \u00e9ru.\u201c<\/strong><\/p>\n<p><img loading=\"lazy\" decoding=\"async\" class=\"alignnone wp-image-17555\" src=\"http:\/\/www.automakers.cz\/wp-content\/uploads\/2025\/11\/SEAT-ma-lisovaci-linku-pro-novou-eru-mobility-6-900x506.jpg\" alt=\"\" width=\"996\" height=\"560\" \/><\/p>\n","protected":false},"excerpt":{"rendered":"<p>Servomechanick\u00e1 lisovac\u00ed linka PXL ve v\u00fdrobn\u00edm z\u00e1vod\u011b Martorell dok\u00e1\u017ee vylisovat 4 miliony d\u00edl\u016f ro\u010dn\u011b. Byla&#8230;<\/p>\n","protected":false},"author":2,"featured_media":17550,"comment_status":"closed","ping_status":"closed","sticky":false,"template":"","format":"standard","meta":{"footnotes":""},"categories":[9,40,18],"tags":[],"class_list":["post-17549","post","type-post","status-publish","format-standard","has-post-thumbnail","hentry","category-elektromobily","category-technologie","category-vyroba"],"_links":{"self":[{"href":"https:\/\/www.automakers.cz\/index.php?rest_route=\/wp\/v2\/posts\/17549","targetHints":{"allow":["GET"]}}],"collection":[{"href":"https:\/\/www.automakers.cz\/index.php?rest_route=\/wp\/v2\/posts"}],"about":[{"href":"https:\/\/www.automakers.cz\/index.php?rest_route=\/wp\/v2\/types\/post"}],"author":[{"embeddable":true,"href":"https:\/\/www.automakers.cz\/index.php?rest_route=\/wp\/v2\/users\/2"}],"replies":[{"embeddable":true,"href":"https:\/\/www.automakers.cz\/index.php?rest_route=%2Fwp%2Fv2%2Fcomments&post=17549"}],"version-history":[{"count":5,"href":"https:\/\/www.automakers.cz\/index.php?rest_route=\/wp\/v2\/posts\/17549\/revisions"}],"predecessor-version":[{"id":17637,"href":"https:\/\/www.automakers.cz\/index.php?rest_route=\/wp\/v2\/posts\/17549\/revisions\/17637"}],"wp:featuredmedia":[{"embeddable":true,"href":"https:\/\/www.automakers.cz\/index.php?rest_route=\/wp\/v2\/media\/17550"}],"wp:attachment":[{"href":"https:\/\/www.automakers.cz\/index.php?rest_route=%2Fwp%2Fv2%2Fmedia&parent=17549"}],"wp:term":[{"taxonomy":"category","embeddable":true,"href":"https:\/\/www.automakers.cz\/index.php?rest_route=%2Fwp%2Fv2%2Fcategories&post=17549"},{"taxonomy":"post_tag","embeddable":true,"href":"https:\/\/www.automakers.cz\/index.php?rest_route=%2Fwp%2Fv2%2Ftags&post=17549"}],"curies":[{"name":"wp","href":"https:\/\/api.w.org\/{rel}","templated":true}]}}