{"id":17581,"date":"2025-11-04T08:34:12","date_gmt":"2025-11-04T08:34:12","guid":{"rendered":"https:\/\/www.automakers.cz\/?p=17581"},"modified":"2025-11-04T09:58:19","modified_gmt":"2025-11-04T09:58:19","slug":"mastrecard-startuje-anketu-obchodnik-roku","status":"publish","type":"post","link":"https:\/\/www.automakers.cz\/?p=17581","title":{"rendered":"Mastercard startuje anketu Obchodn\u00edk roku"},"content":{"rendered":"<p><strong>Startuje anketa Mastercard Obchodn\u00edk roku, kter\u00e1 hled\u00e1 nejlep\u0161\u00ed \u010desk\u00e9 obchodn\u00edky nap\u0159\u00ed\u010d maloobchodn\u00edmi segmenty. Z\u00e1rove\u0148 bylo spu\u0161t\u011bno ve\u0159ejn\u00e9 hlasov\u00e1n\u00ed v kategorii Cena ve\u0159ejnosti, kde mohou z\u00e1kazn\u00edci podpo\u0159it sv\u00e9ho favorita a zapojit do sout\u011b\u017ee o ceny.<\/strong><span id=\"more-3492\"><\/span><!--more--><\/p>\n<p>Mastercard Obchodn\u00edk roku ka\u017edoro\u010dn\u011b oce\u0148uje obchodn\u00edky, kte\u0159\u00ed vynikaj\u00ed nejen kvalitou slu\u017eeb a z\u00e1kaznick\u00e9ho z\u00e1\u017eitku, ale tak\u00e9 schopnost\u00ed p\u0159izp\u016fsobit se rychle se m\u011bn\u00edc\u00edm pot\u0159eb\u00e1m trhu a spot\u0159ebitel\u016f.<\/p>\n<p>\u201eNa\u0161\u00ed ambic\u00ed je prost\u0159ednictv\u00edm ocen\u011bn\u00ed Mastercard Obchodn\u00edk roku reflektovat aktu\u00e1ln\u00ed d\u011bn\u00ed v maloobchodu a z\u00e1rove\u0148 inspirovat k dal\u0161\u00edmu rozvoji. Pr\u00e1v\u011b schopnost rychle reagovat na zm\u011bny trhu je pro obchodn\u00edky kl\u00ed\u010dov\u00e1, proto odborn\u00e1 porota ud\u011bluje ocen\u011bn\u00ed v kategorii Inov\u00e1tor v obchod\u011b. Ta je ur\u010dena projekt\u016fm, kter\u00e9 posouvaj\u00ed hranice maloobchodu. A\u0165 u\u017e jde o nov\u00e9 technologie, modern\u00ed prodejn\u00ed p\u0159\u00edstupy nebo aktivity v oblasti spole\u010densk\u00e9 odpov\u011bdnosti a udr\u017eitelnosti, c\u00edlem je vyzdvihnout ty, kte\u0159\u00ed p\u0159in\u00e1\u0161ej\u00ed skute\u010dn\u00e9 zm\u011bny a ud\u00e1vaj\u00ed sm\u011br cel\u00e9mu odv\u011btv\u00ed,\u201c \u0159ekl Martin Dolej\u0161, \u0159editel rozvoje obchodu, Mastercard.<\/p>\n<p>\u201eSortimentn\u00ed kategorie, kter\u00e9 vych\u00e1zej\u00ed z nez\u00e1visl\u00e9ho spot\u0159ebitelsk\u00e9ho v\u00fdzkumu, pr\u016fb\u011b\u017en\u011b obm\u011b\u0148ujeme, abychom dali p\u0159\u00edle\u017eitost vyniknout obchodn\u00edk\u016fm z dal\u0161\u00edch oblast\u00ed maloobchodu. Letos jsme proto nov\u011b za\u0159adili kategorii Obchodn\u00edk roku v oblasti cestov\u00e1n\u00ed,\u201c poznamenal Tom\u00e1\u0161 Ve\u010derek, mana\u017eer pro vztahy s obchodn\u00edky, Mastercard.<\/p>\n<p><strong>Cena ve\u0159ejnosti\u00a0<\/strong><\/p>\n<p>Cena ve\u0159ejnosti pat\u0159\u00ed k nejv\u00fdznamn\u011bj\u0161\u00edm kategori\u00edm sout\u011b\u017ee, a to d\u00edky sv\u00e9 jedine\u010dnosti \u2013 o v\u00edt\u011bzi rozhoduj\u00ed p\u0159\u00edmo z\u00e1kazn\u00edci sv\u00fdm hlasov\u00e1n\u00edm. Maj\u00ed tak mo\u017enost ocenit obchodn\u00edky, kte\u0159\u00ed podle nich nejv\u00edce formuj\u00ed \u00farove\u0148 slu\u017eeb na trhu a z\u00e1rove\u0148 se t\u011b\u0161\u00ed jejich dlouhodob\u00e9 p\u0159\u00edzni. Tato p\u0159\u00edm\u00e1 interakce mezi spot\u0159ebiteli a zna\u010dkami p\u0159in\u00e1\u0161\u00ed cenn\u00e9 poznatky o aktu\u00e1ln\u00edch preferenc\u00edch i hodnot\u00e1ch, kter\u00e9 jsou pro z\u00e1kazn\u00edky kl\u00ed\u010dov\u00e9. Ka\u017edoro\u010dn\u011b se do hlasov\u00e1n\u00ed zapojuj\u00ed desetitis\u00edce lid\u00ed nap\u0159\u00ed\u010d \u010ceskou republikou.<\/p>\n<p>Ka\u017ed\u00fd z\u00e1kazn\u00edk m\u00e1 mo\u017enost podpo\u0159it sv\u00e9ho favorita mezi obchodn\u00edky od 3. listopadu 2025 do 15. \u00fanora 2026 a z\u00e1rove\u0148 se \u00fa\u010dastnit sout\u011b\u017ee o atraktivn\u00ed ceny \u2013 p\u011bt tablet\u016f iPad Air a p\u011bt mobiln\u00edch telefon\u016f iPhone 17. Hlasovat je mo\u017en\u00e9 na webov\u00fdch str\u00e1nk\u00e1ch <a href=\"http:\/\/www.obchodnik-roku.cz.\">www.obchodnik-roku.cz.<\/a><\/p>\n<p><strong>Absolutn\u00ed v\u00edt\u011bz a sortimentn\u00ed kategorie<\/strong><\/p>\n<p>Krom\u011b Ceny ve\u0159ejnosti budou ocen\u011bni tak\u00e9 obchodn\u00edci v jednotliv\u00fdch sortimentn\u00edch kategori\u00edch. V\u00fdsledky v t\u011bchto kategori\u00edch vych\u00e1zej\u00ed z reprezentativn\u00edho spot\u0159ebitelsk\u00e9ho v\u00fdzkumu, kter\u00fd prov\u00e1d\u00ed nez\u00e1visl\u00e1 agentura na vzorku 1 500 respondent\u016f z cel\u00e9 \u010cesk\u00e9 republiky. V leto\u0161n\u00edm ro\u010dn\u00edku budou obchodn\u00edci hodnoceni v n\u00e1sleduj\u00edc\u00edch kategori\u00edch:<\/p>\n<ul>\n<li>Obchodn\u00edk roku s potravinami<\/li>\n<li>Obchodn\u00edk roku s drogeri\u00ed a parfumeri\u00ed<\/li>\n<li>Obchodn\u00edk roku s od\u011bvy<\/li>\n<li>Obchodn\u00edk roku s obuv\u00ed<\/li>\n<li>Obchodn\u00edk roku se sportovn\u00edmi pot\u0159ebami<\/li>\n<li>Obchodn\u00edk roku s elektrem a elektronikou<\/li>\n<li>Obchodn\u00edk roku pro d\u016fm a zahradu<\/li>\n<li>Obchodn\u00edk roku s n\u00e1bytkem a bytov\u00fdmi dopl\u0148ky<\/li>\n<li>Obchodn\u00edk roku s chovatelsk\u00fdmi pot\u0159ebami<\/li>\n<li>Obchodn\u00edk roku s knihami<\/li>\n<li>Obchodn\u00edk roku s hra\u010dkami<\/li>\n<li>Obchodn\u00edk roku v oblasti cestov\u00e1n\u00ed<\/li>\n<li>\u010cerpac\u00ed stanice roku<\/li>\n<li>L\u00e9k\u00e1rna roku<\/li>\n<li>E-shop roku<\/li>\n<li>Doru\u010den\u00ed j\u00eddla a potravin<\/li>\n<\/ul>\n<p><strong>Dal\u0161\u00ed kategorie ocen\u011bn\u00ed<\/strong><\/p>\n<p><strong>Mastercard Inov\u00e1tor v obchod\u011b<\/strong><\/p>\n<p>Tato kategorie oce\u0148uje obchodn\u00edky, kte\u0159\u00ed v roce 2025 p\u0159inesli na \u010desk\u00fd trh nejodv\u00e1\u017en\u011bj\u0161\u00ed a nejprogresivn\u011bj\u0161\u00ed inovace. Odborn\u00e1 porota vybere z nominovan\u00fdch projekt\u016f t\u0159i finalisty, kte\u0159\u00ed pak p\u0159edstav\u00ed sv\u00e1 inovativn\u00ed \u0159e\u0161en\u00ed na nejv\u011bt\u0161\u00ed obchodn\u00ed konferenci ve st\u0159edn\u00ed Evrop\u011b Retail Summit. O v\u00edt\u011bzi bude n\u00e1sledn\u011b hlasovat publikum konference.<\/p>\n<p>Odborn\u00e1 porota, kter\u00e1 bude hodnotit nominovan\u00e9 projekty, se sejde v \u00fanoru 2026 ve slo\u017een\u00ed:<\/p>\n<ul>\n<li>Tom\u00e1\u0161 Prouza (prezident, Svaz obchodu a cestovn\u00edho ruchu \u010cR)<\/li>\n<li>Romana N\u00fddrle (\u0159editelka pro obchod, Svaz obchodu a cestovn\u00edho ruchu \u010cR)<\/li>\n<li>Jan Vety\u0161ka (v\u00fdkonn\u00fd \u0159editel, Asociace pro elektronickou komerci)<\/li>\n<li>P\u0159emysl Hanzelka (v\u00fdkonn\u00fd \u0159editel, \u010cSOB)<\/li>\n<li>Petr Van\u011bk (Branch Manager, GoPay Czech Branch)<\/li>\n<li>Pavl\u00edna Lou\u017eensk\u00e1 (zakladatelka vzd\u011bl\u00e1vac\u00edch platforem #HolkyzMarketingu a #HolkyzByznysu, mentorka pro Google for Startups, specialistka na predikci trend\u016f)<\/li>\n<li>Peter Brej\u010d\u00e1k (redaktor, CzechCrunch)<\/li>\n<li>Martin Dolej\u0161 (\u0159editel rozvoje obchodu, Mastercard)<\/li>\n<li>Tom\u00e1\u0161 Ve\u010derek (mana\u017eer pro vztahy s obchodn\u00edky, Mastercard)<\/li>\n<\/ul>\n<p><strong>Cena SOCR \u010cR<\/strong><\/p>\n<p>Ocen\u011bn\u00ed v kategorii SOCR \u010cR \u2013 Zodpov\u011bdn\u00fd obchodn\u00edk vyhla\u0161uje Svaz obchodu a cestovn\u00edho ruchu \u010cR za podpory spole\u010dnosti Mastercard.<\/p>\n<p>V\u00edt\u011bzov\u00e9 v\u0161ech kategori\u00ed budou slavnostn\u011b vyhl\u00e1\u0161eni 11. b\u0159ezna 2026 b\u011bhem galave\u010dera Mastercard Obchodn\u00edk roku na konferenci Retail Summit.<\/p>\n<p><em>Zdroj: <\/em><strong>CzechBanking.cz<\/strong><\/p>\n","protected":false},"excerpt":{"rendered":"<p>Startuje anketa Mastercard Obchodn\u00edk roku, kter\u00e1 hled\u00e1 nejlep\u0161\u00ed \u010desk\u00e9 obchodn\u00edky nap\u0159\u00ed\u010d maloobchodn\u00edmi segmenty. Z\u00e1rove\u0148 bylo&#8230;<\/p>\n","protected":false},"author":1,"featured_media":17582,"comment_status":"closed","ping_status":"closed","sticky":false,"template":"","format":"standard","meta":{"footnotes":""},"categories":[32,36],"tags":[],"class_list":["post-17581","post","type-post","status-publish","format-standard","has-post-thumbnail","hentry","category-ankety","category-marketing"],"_links":{"self":[{"href":"https:\/\/www.automakers.cz\/index.php?rest_route=\/wp\/v2\/posts\/17581","targetHints":{"allow":["GET"]}}],"collection":[{"href":"https:\/\/www.automakers.cz\/index.php?rest_route=\/wp\/v2\/posts"}],"about":[{"href":"https:\/\/www.automakers.cz\/index.php?rest_route=\/wp\/v2\/types\/post"}],"author":[{"embeddable":true,"href":"https:\/\/www.automakers.cz\/index.php?rest_route=\/wp\/v2\/users\/1"}],"replies":[{"embeddable":true,"href":"https:\/\/www.automakers.cz\/index.php?rest_route=%2Fwp%2Fv2%2Fcomments&post=17581"}],"version-history":[{"count":2,"href":"https:\/\/www.automakers.cz\/index.php?rest_route=\/wp\/v2\/posts\/17581\/revisions"}],"predecessor-version":[{"id":17590,"href":"https:\/\/www.automakers.cz\/index.php?rest_route=\/wp\/v2\/posts\/17581\/revisions\/17590"}],"wp:featuredmedia":[{"embeddable":true,"href":"https:\/\/www.automakers.cz\/index.php?rest_route=\/wp\/v2\/media\/17582"}],"wp:attachment":[{"href":"https:\/\/www.automakers.cz\/index.php?rest_route=%2Fwp%2Fv2%2Fmedia&parent=17581"}],"wp:term":[{"taxonomy":"category","embeddable":true,"href":"https:\/\/www.automakers.cz\/index.php?rest_route=%2Fwp%2Fv2%2Fcategories&post=17581"},{"taxonomy":"post_tag","embeddable":true,"href":"https:\/\/www.automakers.cz\/index.php?rest_route=%2Fwp%2Fv2%2Ftags&post=17581"}],"curies":[{"name":"wp","href":"https:\/\/api.w.org\/{rel}","templated":true}]}}