{"id":17591,"date":"2025-11-04T10:37:25","date_gmt":"2025-11-04T10:37:25","guid":{"rendered":"https:\/\/www.automakers.cz\/?p=17591"},"modified":"2025-11-04T10:37:25","modified_gmt":"2025-11-04T10:37:25","slug":"skoda-doda-ceske-policii-352-kodiaqu","status":"publish","type":"post","link":"https:\/\/www.automakers.cz\/?p=17591","title":{"rendered":"\u0160koda dod\u00e1 \u010desk\u00e9 policii 352 Kodiaq\u016f"},"content":{"rendered":"<p><strong>Na polygonu \u0160kody Auto v \u00dahelnici u Mlad\u00e9 Boleslavi bylo p\u0159ed\u00e1no prvn\u00edch 51 speci\u00e1l\u016f \u0160koda Kodiaq pro pot\u0159eby Policie \u010cR. Ta jich letos p\u0159evezme celkem 352. P\u0159ed\u00e1n\u00ed se z\u00fa\u010dastnili ministr vnitra V\u00edt Raku\u0161an, policejn\u00ed prezident Martin Vondr\u00e1\u0161ek a vedouc\u00ed prodeje \u0160koda Auto pro \u010desk\u00fd trh Tom\u00e1\u0161 Ducho\u0148.<\/strong><!--more--><\/p>\n<p>Mladoboleslavsk\u00e1 automobilka je ji\u017e tradi\u010dn\u00edm dodavatelem voz\u016f pro policejn\u00ed slo\u017eky. Od roku 1993 bylo \u010desk\u00fdm policist\u016fm a ministerstvu vnitra p\u0159ed\u00e1no v\u00edce ne\u017e 23 tis\u00edc automobil\u016f \u0160koda nejr\u016fzn\u011bj\u0161\u00edch model\u016f ve speci\u00e1ln\u00edch i s\u00e9riov\u00fdch proveden\u00edch. Ji\u017e v\u00edce ne\u017e dva roky je mezi nimi i SUV \u0160koda Kodiaq, kter\u00e9 se osv\u011bd\u010dilo zejm\u00e9na p\u0159i v\u00fdkonu slu\u017eby dopravn\u00ed<br \/>\na po\u0159\u00e1dkov\u00e9 policie.<\/p>\n<p>\u201eVozy \u0160koda ji\u017e mnoho let slou\u017e\u00ed u Policie \u010cR a v t\u011b\u017ek\u00fdch podm\u00ednk\u00e1ch si vedou velmi dob\u0159e. Ostatn\u011b lep\u0161\u00ed d\u016fkaz jejich technick\u00fdch a provozn\u00edch kvalit bychom si t\u011b\u017eko dok\u00e1zali p\u0159edstavit,\u201c poznamenal vedouc\u00ed prodeje \u0160koda Auto pro \u010desk\u00fd trh<br \/>\nTom\u00e1\u0161 Ducho\u0148.<\/p>\n<p><strong>Celkem 352 voz\u016f do konce leto\u0161n\u00edho roku <\/strong><br \/>\nDo konce leto\u0161n\u00edho roku Policie \u010cR p\u0159evezme celkem 352 voz\u016f \u0160koda Kodiaq, ty postupn\u011b nahrad\u00ed vozy \u0160koda Octavia Combi 2.0 TSI 4&#215;4 DSG z let 2019 a 2020, kter\u00e9 dnes maj\u00ed najeto \u010dasto i 350 000 km. \u201ePravideln\u00e1 obm\u011bna vozov\u00e9ho parku je u policejn\u00edho sboru naprostou nutnost\u00ed, proto\u017ee vozy zde \u010del\u00ed extr\u00e9mn\u011b t\u011b\u017ek\u00fdm provozn\u00edm podm\u00ednk\u00e1m, kter\u00e9 nejsou srovnateln\u00e9 se standardn\u00edm silni\u010dn\u00edm pou\u017eit\u00edm. Nov\u00e1, speci\u00e1ln\u011b vybaven\u00e1 vozidla \u0160koda Kodiaq budou d\u00edky sv\u00fdm ter\u00e9nn\u00edm schopnostem p\u0159ipravena zas\u00e1hnout i v lokalit\u00e1ch, kam by se na\u0161e hl\u00eddky s b\u011b\u017en\u00fdmi osobn\u00edmi automobily t\u011b\u017eko dost\u00e1valy,\u201c vysv\u011btlil policejn\u00ed prezident Martin Vondr\u00e1\u0161ek.<\/p>\n<p><strong>Specifick\u00e9 proveden\u00ed na m\u00edru policejn\u00edm pot\u0159eb\u00e1m <\/strong><br \/>\nV\u0161echny dodan\u00e9 vozy vych\u00e1zej\u00ed ze z\u00e1kladn\u00ed v\u00fdbavy, ale jsou speci\u00e1ln\u011b upraveny tak, aby splnily vysok\u00e9 n\u00e1roky vypl\u00fdvaj\u00edc\u00ed ze slu\u017eebn\u00edho provozu. \u0158ada vylep\u0161en\u00ed zohled\u0148uje zku\u0161enosti s policejn\u00ed verz\u00ed SUV Kodiaq I. generace. Pohonn\u00e1 jednotka 2.0 TSI s v\u00fdkonem 195 kW a maxim\u00e1ln\u00edm to\u010div\u00fdm momentem 400 Nm poch\u00e1z\u00ed z verze Kodiaq RS a proti p\u0159edch\u016fdci pos\u00edlila o 15 kW a 30 Nm. Kombinuje se v\u00fdhradn\u011b se sedmistup\u0148ovou samo\u010dinnou p\u0159evodovkou DSG a pohonem v\u0161ech kol.<\/p>\n<p>Adaptivn\u00ed podvozek DCC+ dostal specifick\u00e9 nastaven\u00ed zohled\u0148uj\u00edc\u00ed dodate\u010dnou hmotnost policejn\u00ed v\u00fdbavy a je celkov\u011b uzp\u016fsoben pro n\u00e1ro\u010dn\u00fd provoz policejn\u00edho speci\u00e1lu. Modifikov\u00e1na byla i volba j\u00edzdn\u00edho re\u017eimu \u2013 v\u016fz nab\u00edz\u00ed mo\u017enost rychl\u00e9ho p\u0159epnut\u00ed pohonu a podvozku do re\u017eimu Sport, aby m\u011bl \u0159idi\u010d okam\u017eit\u011b k dispozici maxim\u00e1ln\u00ed j\u00edzdn\u00ed dynamiku.<\/p>\n<p><strong>Policejn\u00ed Kodiaq je rovn\u011b\u017e vybaven robustn\u011bj\u0161\u00edm brzdov\u00fdm syst\u00e9mem ze sedmim\u00edstn\u00e9 verze a 18palcov\u00fdmi lit\u00fdmi koly, kter\u00e1 byla zvolena pro optim\u00e1ln\u00ed chlazen\u00ed brzd.<\/strong><\/p>\n<p><img loading=\"lazy\" decoding=\"async\" class=\"alignnone size-medium wp-image-17598\" src=\"http:\/\/www.automakers.cz\/wp-content\/uploads\/2025\/11\/Skoda-doda-Policii-CR-352-vozu-Kodiaq-900x600.jpg\" alt=\"\" width=\"900\" height=\"600\" \/>P\u0159\u00eddavn\u00e1 programovateln\u00e1 \u0159\u00eddic\u00ed jednotka je schopna adaptovat speci\u00e1ln\u00ed funkce, jako je mo\u017enost uzamknout vozidlo s nastartovan\u00fdm motorem (p\u0159i nedovolen\u00e9m vniknut\u00ed do vozu se motor samo\u010dinn\u011b vypne), deaktivace syst\u00e9mu start-stop, vyp\u00edn\u00e1n\u00ed denn\u00edho sv\u00edcen\u00ed \u010di sign\u00e1l otev\u0159en\u00ed p\u00e1t\u00fdch dve\u0159\u00ed. Vedle polep\u016f zaujme nov\u00fd policejn\u00ed Kodiaq na prvn\u00ed pohled i dal\u0161\u00edmi odli\u0161nostmi od s\u00e9riov\u00e9 verze. P\u0159edn\u00ed ochrann\u00fd r\u00e1m byl nov\u011b vyvinut na m\u00edru II. generace modelu Kodiaq s d\u016frazem na optim\u00e1ln\u00ed ochranu vozu a z\u00e1rove\u0148 zachov\u00e1n\u00ed maxim\u00e1ln\u00ed bezpe\u010dnosti pos\u00e1dky. Interi\u00e9r byl upraven tak, aby umo\u017e\u0148oval p\u0159evoz zadr\u017een\u00e9 osoby, p\u0159\u00edpadn\u011b poslou\u017eil jako mobiln\u00ed kancel\u00e1\u0159.<\/p>\n<p><strong>Erich Handl, \u00dahelnice<\/strong><\/p>\n","protected":false},"excerpt":{"rendered":"<p>Na polygonu \u0160kody Auto v \u00dahelnici u Mlad\u00e9 Boleslavi bylo p\u0159ed\u00e1no prvn\u00edch 51 speci\u00e1l\u016f \u0160koda&#8230;<\/p>\n","protected":false},"author":1,"featured_media":17597,"comment_status":"closed","ping_status":"closed","sticky":false,"template":"","format":"standard","meta":{"footnotes":""},"categories":[26,15],"tags":[],"class_list":["post-17591","post","type-post","status-publish","format-standard","has-post-thumbnail","hentry","category-eventy","category-fleety"],"_links":{"self":[{"href":"https:\/\/www.automakers.cz\/index.php?rest_route=\/wp\/v2\/posts\/17591","targetHints":{"allow":["GET"]}}],"collection":[{"href":"https:\/\/www.automakers.cz\/index.php?rest_route=\/wp\/v2\/posts"}],"about":[{"href":"https:\/\/www.automakers.cz\/index.php?rest_route=\/wp\/v2\/types\/post"}],"author":[{"embeddable":true,"href":"https:\/\/www.automakers.cz\/index.php?rest_route=\/wp\/v2\/users\/1"}],"replies":[{"embeddable":true,"href":"https:\/\/www.automakers.cz\/index.php?rest_route=%2Fwp%2Fv2%2Fcomments&post=17591"}],"version-history":[{"count":2,"href":"https:\/\/www.automakers.cz\/index.php?rest_route=\/wp\/v2\/posts\/17591\/revisions"}],"predecessor-version":[{"id":17599,"href":"https:\/\/www.automakers.cz\/index.php?rest_route=\/wp\/v2\/posts\/17591\/revisions\/17599"}],"wp:featuredmedia":[{"embeddable":true,"href":"https:\/\/www.automakers.cz\/index.php?rest_route=\/wp\/v2\/media\/17597"}],"wp:attachment":[{"href":"https:\/\/www.automakers.cz\/index.php?rest_route=%2Fwp%2Fv2%2Fmedia&parent=17591"}],"wp:term":[{"taxonomy":"category","embeddable":true,"href":"https:\/\/www.automakers.cz\/index.php?rest_route=%2Fwp%2Fv2%2Fcategories&post=17591"},{"taxonomy":"post_tag","embeddable":true,"href":"https:\/\/www.automakers.cz\/index.php?rest_route=%2Fwp%2Fv2%2Ftags&post=17591"}],"curies":[{"name":"wp","href":"https:\/\/api.w.org\/{rel}","templated":true}]}}