{"id":17602,"date":"2025-11-05T07:08:53","date_gmt":"2025-11-05T07:08:53","guid":{"rendered":"https:\/\/www.automakers.cz\/?p=17602"},"modified":"2025-11-05T07:08:53","modified_gmt":"2025-11-05T07:08:53","slug":"hyundai-concept-three-miri-na-e-salon","status":"publish","type":"post","link":"https:\/\/www.automakers.cz\/?p=17602","title":{"rendered":"Hyundai Concept THREE m\u00ed\u0159\u00ed na e-Salon"},"content":{"rendered":"<p><strong>\u010cesk\u00e9 zastoupen\u00ed Hyundaie se pro leto\u0161n\u00ed e-Salon vytasilo hned s n\u011bkolika trumfy. Na listopadov\u00e9m veletrhu se p\u0159edstav\u00ed Concept THREE, p\u0159edobraz kompaktn\u00edho elektromobilu IONIQ 3. Dopln\u00ed ho dal\u0161\u00ed novinky v \u010dele se sportovn\u00edm modelem IONIQ 6 N, p\u0159i\u010dem\u017e \u0159adu z nich \u010de\u0161t\u00ed z\u00e1kazn\u00edci uvid\u00ed v\u016fbec poprv\u00e9.<\/strong><!--more--><\/p>\n<p>Concept THREE jihokorejsk\u00e1 automobilka poprv\u00e9 p\u0159edstavila na za\u010d\u00e1tku z\u00e1\u0159\u00ed na veletrhu IAA v Mnichov\u011b. Jedn\u00e1 se o p\u0159edobraz modelu IONIQ 3, kompaktn\u00edho elektromobilu B-segmentu, kter\u00fd modelovou nab\u00eddku Hyundai roz\u0161\u00ed\u0159\u00ed ji\u017e v p\u0159\u00ed\u0161t\u00edm roce. Bude ur\u010den prim\u00e1rn\u011b pro evropsk\u00e9 trhy a vyr\u00e1b\u011bn v z\u00e1vodu zna\u010dky v Turecku, co\u017e zajist\u00ed kr\u00e1tk\u00e9 dodac\u00ed lh\u016fty.<\/p>\n<p>Concept THREE demonstruje nov\u00fd designov\u00fd styl Art of steel. Inspiraci \u010derp\u00e1 z estetick\u00e9 kvality oceli a technologi\u00ed zna\u010dky Hyundai v jej\u00ed v\u00fdrob\u011b a zpracov\u00e1n\u00ed. V interi\u00e9ru p\u0159in\u00e1\u0161\u00ed \u0159adu inovativn\u00edch \u0159e\u0161en\u00ed a designov\u00fdch prvk\u016f, kter\u00e9 z n\u011bj \u010din\u00ed pozoruhodn\u00e9 um\u011bleck\u00e9 d\u00edlo.<\/p>\n<p>\u201eJsme r\u00e1di, \u017ee m\u00e1me mo\u017enost Concept THREE uk\u00e1zat \u010desk\u00fdm z\u00e1kazn\u00edk\u016fm, proto\u017ee z\u00edskat ho nebylo v konkurenci \u0159ady akc\u00ed z cel\u00e9 Evropy v\u016fbec snadn\u00e9. Na veletrhu e-Salon tak p\u0159edstav\u00edme nejen aktu\u00e1ln\u00ed novinky v nab\u00eddce na\u0161\u00ed zna\u010dky, ale i v\u00fdhled do budoucna,\u201c uvedl <strong>PR mana\u017eer \u010desk\u00e9ho zastoupen\u00ed zna\u010dky David Pavl\u00ed\u010dek.<\/strong><\/p>\n<p><img loading=\"lazy\" decoding=\"async\" class=\"alignnone wp-image-17604\" src=\"http:\/\/www.automakers.cz\/wp-content\/uploads\/2025\/11\/NEXO-900x600.jpg\" alt=\"\" width=\"989\" height=\"659\" \/><\/p>\n<p><strong>\u0158ada premi\u00e9r<\/strong><\/p>\n<p>Concept THREE v\u0161ak na st\u00e1nku automobilky nebude jedin\u00fdm l\u00e1kadlem. Vedle ji\u017e p\u0159edstaven\u00fdch novinek roku 2025 \u2013 kompaktn\u00edho modelu INSTER a nejv\u011bt\u0161\u00edho elektromobilu v nab\u00eddce, IONIQ 9 \u2013 Hyundai vystav\u00ed i facelift modelu IONIQ 6 a v\u016fbec poprv\u00e9 si \u010de\u0161t\u00ed z\u00e1kazn\u00edci prohl\u00e9dnou sportovn\u00ed IONIQ 6 N a novou generaci modelu NEXO s vod\u00edkov\u00fdm palivov\u00fdm \u010dl\u00e1nkem.<\/p>\n<p>Inovovanou verzi modelu IONIQ 6 zna\u010dka odhalila na motorshow v Soulu v dubnu tohoto roku. Krom\u011b p\u0159epracovan\u00e9ho designu v interi\u00e9ru a exteri\u00e9ru je novinkou p\u0159edev\u0161\u00edm sportovn\u011b lad\u011bn\u00e1 verze N Line, kter\u00e1 bude na pra\u017esk\u00e9m veletrhu vystavena. Je\u0161t\u011b \u017ehav\u011bj\u0161\u00ed novinkou je pak druh\u00fd elektromobil v nab\u00eddce sportovn\u00ed divize N \u2013 IONIQ 6 N. I ten si \u010de\u0161t\u00ed n\u00e1v\u0161t\u011bvn\u00edci mohou po premi\u00e9\u0159e na Festivalu rychlosti v anglick\u00e9m Goodwoodu poprv\u00e9 prohl\u00e9dnout na vlastn\u00ed o\u010di.<\/p>\n<p>Sestavu novinek dopln\u00ed druh\u00e1 generace SUV NEXO s pohonem na vod\u00edkov\u00fd palivov\u00fd \u010dl\u00e1nek. Vedle prostorn\u00e9ho interi\u00e9ru a v\u00fdbavy se chlub\u00ed dojezdem p\u0159es 700 km a demonstruje technologickou vysp\u011blost jihokorejsk\u00e9 zna\u010dky. Stejn\u011b jako Concept THREE, tak\u00e9 NEXO vynik\u00e1 v\u00fdrazn\u00fdm designem ve stylu Art of Steel, kter\u00fd v n\u00e1sleduj\u00edc\u00edch letech zam\u00ed\u0159\u00ed i do dal\u0161\u00edch model\u016f Hyundai.<\/p>\n<p><strong>Veletrh e-Salon se uskute\u010dn\u00ed ve dnech od 14. do 16. listopadu<\/strong> v pra\u017esk\u00e9m v\u00fdstavn\u00edm are\u00e1lu PVA Expo v Let\u0148anech. St\u00e1nek zna\u010dky Hyundai bude um\u00edst\u011bn na tradi\u010dn\u00edm m\u00edst\u011b v Hale 4, tiskov\u00e1 konference pro z\u00e1stupce medi\u00ed se zde uskute\u010dn\u00ed ve \u010dtvrtek 13. listopadu od 11:30.<\/p>\n<p><img loading=\"lazy\" decoding=\"async\" class=\"alignnone wp-image-17605\" src=\"http:\/\/www.automakers.cz\/wp-content\/uploads\/2025\/11\/IONIQ-6-N-900x600.jpg\" alt=\"\" width=\"986\" height=\"657\" \/><\/p>\n","protected":false},"excerpt":{"rendered":"<p>\u010cesk\u00e9 zastoupen\u00ed Hyundaie se pro leto\u0161n\u00ed e-Salon vytasilo hned s n\u011bkolika trumfy. Na listopadov\u00e9m veletrhu&#8230;<\/p>\n","protected":false},"author":2,"featured_media":17603,"comment_status":"closed","ping_status":"closed","sticky":false,"template":"","format":"standard","meta":{"footnotes":""},"categories":[13,9,8],"tags":[],"class_list":["post-17602","post","type-post","status-publish","format-standard","has-post-thumbnail","hentry","category-design","category-elektromobily","category-vystavy"],"_links":{"self":[{"href":"https:\/\/www.automakers.cz\/index.php?rest_route=\/wp\/v2\/posts\/17602","targetHints":{"allow":["GET"]}}],"collection":[{"href":"https:\/\/www.automakers.cz\/index.php?rest_route=\/wp\/v2\/posts"}],"about":[{"href":"https:\/\/www.automakers.cz\/index.php?rest_route=\/wp\/v2\/types\/post"}],"author":[{"embeddable":true,"href":"https:\/\/www.automakers.cz\/index.php?rest_route=\/wp\/v2\/users\/2"}],"replies":[{"embeddable":true,"href":"https:\/\/www.automakers.cz\/index.php?rest_route=%2Fwp%2Fv2%2Fcomments&post=17602"}],"version-history":[{"count":3,"href":"https:\/\/www.automakers.cz\/index.php?rest_route=\/wp\/v2\/posts\/17602\/revisions"}],"predecessor-version":[{"id":17625,"href":"https:\/\/www.automakers.cz\/index.php?rest_route=\/wp\/v2\/posts\/17602\/revisions\/17625"}],"wp:featuredmedia":[{"embeddable":true,"href":"https:\/\/www.automakers.cz\/index.php?rest_route=\/wp\/v2\/media\/17603"}],"wp:attachment":[{"href":"https:\/\/www.automakers.cz\/index.php?rest_route=%2Fwp%2Fv2%2Fmedia&parent=17602"}],"wp:term":[{"taxonomy":"category","embeddable":true,"href":"https:\/\/www.automakers.cz\/index.php?rest_route=%2Fwp%2Fv2%2Fcategories&post=17602"},{"taxonomy":"post_tag","embeddable":true,"href":"https:\/\/www.automakers.cz\/index.php?rest_route=%2Fwp%2Fv2%2Ftags&post=17602"}],"curies":[{"name":"wp","href":"https:\/\/api.w.org\/{rel}","templated":true}]}}