{"id":17616,"date":"2025-11-06T07:50:05","date_gmt":"2025-11-06T07:50:05","guid":{"rendered":"https:\/\/www.automakers.cz\/?p=17616"},"modified":"2025-11-06T07:50:05","modified_gmt":"2025-11-06T07:50:05","slug":"cesky-ford-a-jeho-dealeri-proti-hladu","status":"publish","type":"post","link":"https:\/\/www.automakers.cz\/?p=17616","title":{"rendered":"\u010cesk\u00fd Ford a jeho deale\u0159i proti hladu"},"content":{"rendered":"<p><strong>Dealersk\u00e1 s\u00ed\u0165 Fordu v \u010cesk\u00e9 republice se zapojila do celosv\u011btov\u00e9 iniciativy \u201eFord Building Together\u201c. C\u00edl byl jasn\u00fd: pomoci v boji proti hladu a podpo\u0159it ty, kte\u0159\u00ed to nejv\u00edce pot\u0159ebuj\u00ed. A v\u00fdsledek? Poda\u0159ilo se shrom\u00e1\u017edit v\u00edce ne\u017e 1 300 kilogram\u016f trvanliv\u00fdch potravin!<\/strong><!--more--><\/p>\n<p>Iniciativa \u201eFord Building Together\u201c \u2013 jedn\u00e1 se o nejv\u011bt\u0161\u00ed celosv\u011btovou sb\u00edrkovou kampa\u0148 na potraviny v cel\u00e9m automobilov\u00e9m pr\u016fmyslu. Do akce se zapojilo 1 600 dealerstv\u00ed Fordu z 31 zem\u00ed, kter\u00e9 dohromady vybraly v\u00edce ne\u017e 907 tun trvanliv\u00fdch potravin.<\/p>\n<p><img loading=\"lazy\" decoding=\"async\" class=\"alignnone size-medium wp-image-17618\" src=\"http:\/\/www.automakers.cz\/wp-content\/uploads\/2025\/11\/Cesky-Ford-a-jeho-dealeri-proti-hladu-2-900x675.jpg\" alt=\"\" width=\"900\" height=\"675\" \/><\/p>\n<p>\u201eJsem nad\u0161en\u00fd z toho, jak se cel\u00e1 na\u0161e dealersk\u00e1 s\u00ed\u0165 a v\u0161ichni zam\u011bstnanci pustili do t\u00e9to d\u016fle\u017eit\u00e9 mise. Je to skv\u011bl\u00fd d\u016fkaz na\u0161\u00ed solidarity a touhy pom\u00e1hat tam, kde je to pot\u0159eba,\u201c \u0159\u00edk\u00e1 Libor Bene\u0161, Country Manager Fordu \u010cesk\u00e1 republika.<\/p>\n<p>\u201eV\u00edce ne\u017e 1 300 kilogram\u016f potravin je fantastick\u00fd v\u00fdsledek a v\u011b\u0159\u00edm, \u017ee n\u00e1\u0161 p\u0159\u00edsp\u011bvek uleh\u010d\u00ed situaci mnoha rodin\u00e1m a jednotlivc\u016fm po cel\u00e9 \u010cesk\u00e9 republice, kte\u0159\u00ed se pot\u00fdkaj\u00ed s nedostatkem. Velk\u00e9 pod\u011bkov\u00e1n\u00ed pat\u0159\u00ed \u010cesk\u00e9 federaci potravinov\u00fdch bank za jejich neocenitelnou pomoc s logistikou a distribuc\u00ed, d\u00edky nim se potraviny dostanou tam, kam maj\u00ed,\u201c dod\u00e1v\u00e1 Libor Bene\u0161.<\/p>\n<p>Tato kampa\u0148 je pro Ford v\u00edc ne\u017e jen sb\u00edrka. Je to zp\u016fsob, jak pos\u00edlit na\u0161e partnerstv\u00ed s komunitami a uk\u00e1zat, \u017ee n\u00e1m z\u00e1le\u017e\u00ed na tom, kde \u017eijeme a pracujeme.<\/p>\n<p>\u201eR\u00e1di bychom up\u0159\u00edmn\u011b pod\u011bkovali na\u0161im dealer\u016fm, jejich zam\u011bstnanc\u016fm a v\u0161em, kte\u0159\u00ed se do t\u00e9to kampan\u011b zapojili a p\u0159isp\u011bli k jej\u00edmu \u00fasp\u011bchu,&#8220; \u0159\u00edk\u00e1 Libor Bene\u0161.<\/p>\n<p><img loading=\"lazy\" decoding=\"async\" class=\"alignnone wp-image-17620\" src=\"http:\/\/www.automakers.cz\/wp-content\/uploads\/2025\/11\/Cesky-Ford-a-jeho-dealeri-proti-hladu-3-900x675.jpg\" alt=\"\" width=\"995\" height=\"746\" \/><\/p>\n","protected":false},"excerpt":{"rendered":"<p>Dealersk\u00e1 s\u00ed\u0165 Fordu v \u010cesk\u00e9 republice se zapojila do celosv\u011btov\u00e9 iniciativy \u201eFord Building Together\u201c. C\u00edl&#8230;<\/p>\n","protected":false},"author":2,"featured_media":17617,"comment_status":"closed","ping_status":"closed","sticky":false,"template":"","format":"standard","meta":{"footnotes":""},"categories":[93,16,17],"tags":[],"class_list":["post-17616","post","type-post","status-publish","format-standard","has-post-thumbnail","hentry","category-charita","category-csr","category-dealeri"],"_links":{"self":[{"href":"https:\/\/www.automakers.cz\/index.php?rest_route=\/wp\/v2\/posts\/17616","targetHints":{"allow":["GET"]}}],"collection":[{"href":"https:\/\/www.automakers.cz\/index.php?rest_route=\/wp\/v2\/posts"}],"about":[{"href":"https:\/\/www.automakers.cz\/index.php?rest_route=\/wp\/v2\/types\/post"}],"author":[{"embeddable":true,"href":"https:\/\/www.automakers.cz\/index.php?rest_route=\/wp\/v2\/users\/2"}],"replies":[{"embeddable":true,"href":"https:\/\/www.automakers.cz\/index.php?rest_route=%2Fwp%2Fv2%2Fcomments&post=17616"}],"version-history":[{"count":4,"href":"https:\/\/www.automakers.cz\/index.php?rest_route=\/wp\/v2\/posts\/17616\/revisions"}],"predecessor-version":[{"id":17649,"href":"https:\/\/www.automakers.cz\/index.php?rest_route=\/wp\/v2\/posts\/17616\/revisions\/17649"}],"wp:featuredmedia":[{"embeddable":true,"href":"https:\/\/www.automakers.cz\/index.php?rest_route=\/wp\/v2\/media\/17617"}],"wp:attachment":[{"href":"https:\/\/www.automakers.cz\/index.php?rest_route=%2Fwp%2Fv2%2Fmedia&parent=17616"}],"wp:term":[{"taxonomy":"category","embeddable":true,"href":"https:\/\/www.automakers.cz\/index.php?rest_route=%2Fwp%2Fv2%2Fcategories&post=17616"},{"taxonomy":"post_tag","embeddable":true,"href":"https:\/\/www.automakers.cz\/index.php?rest_route=%2Fwp%2Fv2%2Ftags&post=17616"}],"curies":[{"name":"wp","href":"https:\/\/api.w.org\/{rel}","templated":true}]}}