{"id":17659,"date":"2025-11-07T07:15:20","date_gmt":"2025-11-07T07:15:20","guid":{"rendered":"https:\/\/www.automakers.cz\/?p=17659"},"modified":"2025-11-07T07:15:20","modified_gmt":"2025-11-07T07:15:20","slug":"hyundai-motor-group-otevira-evropskou-testovaci-zakladnu","status":"publish","type":"post","link":"https:\/\/www.automakers.cz\/?p=17659","title":{"rendered":"Hyundai Motor Group otev\u00edr\u00e1 evropskou testovac\u00ed z\u00e1kladnu"},"content":{"rendered":"<p><strong>Skupina HMG, jej\u00ed\u017e je sou\u010d\u00e1st\u00ed je tak\u00e9 zna\u010dka Kia, otev\u0159ela v\u00fdzkumnou a v\u00fdvojovou z\u00e1kladnu v hodnot\u011b 150 milion\u016f eur v r\u00e1mci technick\u00e9ho centra HMETC (Hyundai Motor Europe Technical Center) v n\u011bmeck\u00e9m R\u00fcsselsheimu.<\/strong><!--more--><\/p>\n<p>Square Campus je nejv\u011bt\u0161\u00ed investic\u00ed do\u00a0v\u00fdzkumn\u00fdch kapacit HMETC od\u00a0roku 2003, kdy\u00a0byl otev\u0159en p\u016fvodn\u00ed are\u00e1l Round Campus. Nov\u00e9 za\u0159\u00edzen\u00ed bude hr\u00e1t kl\u00ed\u010dovou roli p\u0159i\u00a0v\u00fdvoji inovativn\u00edch technologi\u00ed a\u00a0budouc\u00edch model\u016f zna\u010dek Kia, Hyundai a\u00a0Genesis ur\u010den\u00fdch pro\u00a0evropsk\u00fd trh.<\/p>\n<p><strong>Tyrone Johnson<\/strong>, gener\u00e1ln\u00ed \u0159editel HMETC, uvedl:<br \/>\n\u201eInvestice do\u00a0Square Campus je jasn\u00fdm d\u016fkazem na\u0161eho dlouhodob\u00e9ho z\u00e1vazku v\u016f\u010di\u00a0evropsk\u00e9mu trhu. Nov\u00e9 kapacity n\u00e1m poskytuj\u00ed v\u011bt\u0161\u00ed nez\u00e1vislost a\u00a0flexibilitu, z\u00e1rove\u0148 otev\u00edraj\u00ed nov\u00e9 mo\u017enosti spolupr\u00e1ce mezi\u00a0jednotliv\u00fdmi zna\u010dkami. Square Campus n\u00e1m pom\u016f\u017ee d\u00e1le posilovat na\u0161e postaven\u00ed v\u00a0Evrop\u011b prost\u0159ednictv\u00edm v\u00fdvoje vozidel a\u00a0technologi\u00ed, kter\u00e9\u00a0reflektuj\u00ed pot\u0159eby na\u0161ich z\u00e1kazn\u00edk\u016f.\u201c<\/p>\n<p><img loading=\"lazy\" decoding=\"async\" class=\"alignnone wp-image-17661\" src=\"http:\/\/www.automakers.cz\/wp-content\/uploads\/2025\/11\/Skupina-HMG-otevira-novou-evropskou-testovaci-zakladnu-pro-vyvoj-technologii-2-900x506.jpg\" alt=\"\" width=\"969\" height=\"545\" \/><\/p>\n<p><strong>Technologick\u00e9 centrum nov\u00e9 generace<\/strong><\/p>\n<p>Nov\u00fd are\u00e1l o\u00a0rozloze 25 000 m\u00b2 disponuje nejv\u011bt\u0161\u00ed poloakusticky izolovanou komorou v\u00a0r\u00e1mci skupiny, kter\u00e1\u00a0umo\u017e\u0148uje testov\u00e1n\u00ed hluku, vibrac\u00ed a\u00a0j\u00edzdn\u00edho komfortu bez\u00a0ohledu na\u00a0pov\u011btrnostn\u00ed podm\u00ednky.<\/p>\n<p>Dynamometry umo\u017e\u0148uj\u00ed komplexn\u00ed testov\u00e1n\u00ed vozidel i jednotliv\u00fdch komponent, a to nap\u0159\u00ed\u010d elektrick\u00fdmi, hybridn\u00edmi i spalovac\u00edmi pohonn\u00fdmi jednotkami. Sou\u010d\u00e1st\u00ed are\u00e1lu je tak\u00e9 laborato\u0159 pro testov\u00e1n\u00ed dob\u00edjen\u00ed elektromobil\u016f, j\u00edzdn\u00ed simul\u00e1tor a nov\u00e9 prostory pro v\u00fdvoj elektronick\u00fdch syst\u00e9m\u016f \u2013 v\u010detn\u011b aktualizac\u00ed OTA, kybernetick\u00e9 bezpe\u010dnosti a asisten\u010dn\u00edch syst\u00e9m\u016f (ADAS).<\/p>\n<p>D\u00edky t\u011bmto technologi\u00edm m\u016f\u017ee HMETC testovat a validovat v\u0161echny typy vozidel v re\u00e1ln\u00fdch podm\u00ednk\u00e1ch a vyv\u00edjet produkty p\u0159izp\u016fsoben\u00e9 specifick\u00fdm o\u010dek\u00e1v\u00e1n\u00edm evropsk\u00fdch z\u00e1kazn\u00edk\u016f.<\/p>\n<p><img loading=\"lazy\" decoding=\"async\" class=\"alignnone wp-image-17662\" src=\"http:\/\/www.automakers.cz\/wp-content\/uploads\/2025\/11\/Skupina-HMG-otevira-novou-evropskou-testovaci-zakladnu-pro-vyvoj-technologii-4-900x506.jpg\" alt=\"\" width=\"985\" height=\"554\" \/><\/p>\n<p><strong>Udr\u017eiteln\u00fd design a\u00a0t\u00fdmov\u00e1 spolupr\u00e1ce<\/strong><\/p>\n<p>Square Campus je navr\u017een s\u00a0ohledem na\u00a0ekologick\u00e9 c\u00edle skupiny \u2013 vyu\u017e\u00edv\u00e1 recyklovan\u00e9 materi\u00e1ly, fotovoltaick\u00e9 panely a\u00a0tepeln\u00e1 \u010derpadla. T\u00edm skupina HMG potvrzuje sv\u016fj z\u00e1vazek k\u00a0udr\u017eiteln\u00e9 mobilit\u011b a\u00a0glob\u00e1ln\u00edmu c\u00edli dosa\u017een\u00ed nulov\u00fdch emis\u00ed do\u00a0roku 2045.<\/p>\n<p>Roz\u0161\u00ed\u0159en\u00ed are\u00e1lu je z\u00e1rove\u0148 z\u00e1kladem pro\u00a0dal\u0161\u00ed r\u016fst t\u00fdmu HMETC, kter\u00fd\u00a0se od\u00a0roku 2024 rozrostl o\u00a020 %. Investice do\u00a0talentu a\u00a0technologi\u00ed podporuje novou f\u00e1zi integrovan\u00fdch inovac\u00ed nap\u0159\u00ed\u010d obory.<\/p>\n<p>V\u00fdvoj pro evropsk\u00fd trh bude nad\u00e1le prob\u00edhat i v testovac\u00edm centru HMETC na N\u00fcrburgringu, kter\u00e9 bylo v lednu 2025 roz\u0161\u00ed\u0159eno o dal\u0161\u00edch 834 m\u00b2 testovac\u00edch prostor, d\u00edlen a specializovan\u00fdch laborato\u0159\u00ed.<\/p>\n<p><img loading=\"lazy\" decoding=\"async\" class=\"alignnone wp-image-17663\" src=\"http:\/\/www.automakers.cz\/wp-content\/uploads\/2025\/11\/Skupina-HMG-otevira-novou-evropskou-testovaci-zakladnu-pro-vyvoj-technologii-3-900x506.jpg\" alt=\"\" width=\"1005\" height=\"565\" \/><\/p>\n","protected":false},"excerpt":{"rendered":"<p>Skupina HMG, jej\u00ed\u017e je sou\u010d\u00e1st\u00ed je tak\u00e9 zna\u010dka Kia, otev\u0159ela v\u00fdzkumnou a v\u00fdvojovou z\u00e1kladnu v&#8230;<\/p>\n","protected":false},"author":2,"featured_media":17665,"comment_status":"closed","ping_status":"closed","sticky":false,"template":"","format":"standard","meta":{"footnotes":""},"categories":[9,3,40],"tags":[],"class_list":["post-17659","post","type-post","status-publish","format-standard","has-post-thumbnail","hentry","category-elektromobily","category-investice","category-technologie"],"_links":{"self":[{"href":"https:\/\/www.automakers.cz\/index.php?rest_route=\/wp\/v2\/posts\/17659","targetHints":{"allow":["GET"]}}],"collection":[{"href":"https:\/\/www.automakers.cz\/index.php?rest_route=\/wp\/v2\/posts"}],"about":[{"href":"https:\/\/www.automakers.cz\/index.php?rest_route=\/wp\/v2\/types\/post"}],"author":[{"embeddable":true,"href":"https:\/\/www.automakers.cz\/index.php?rest_route=\/wp\/v2\/users\/2"}],"replies":[{"embeddable":true,"href":"https:\/\/www.automakers.cz\/index.php?rest_route=%2Fwp%2Fv2%2Fcomments&post=17659"}],"version-history":[{"count":3,"href":"https:\/\/www.automakers.cz\/index.php?rest_route=\/wp\/v2\/posts\/17659\/revisions"}],"predecessor-version":[{"id":17692,"href":"https:\/\/www.automakers.cz\/index.php?rest_route=\/wp\/v2\/posts\/17659\/revisions\/17692"}],"wp:featuredmedia":[{"embeddable":true,"href":"https:\/\/www.automakers.cz\/index.php?rest_route=\/wp\/v2\/media\/17665"}],"wp:attachment":[{"href":"https:\/\/www.automakers.cz\/index.php?rest_route=%2Fwp%2Fv2%2Fmedia&parent=17659"}],"wp:term":[{"taxonomy":"category","embeddable":true,"href":"https:\/\/www.automakers.cz\/index.php?rest_route=%2Fwp%2Fv2%2Fcategories&post=17659"},{"taxonomy":"post_tag","embeddable":true,"href":"https:\/\/www.automakers.cz\/index.php?rest_route=%2Fwp%2Fv2%2Ftags&post=17659"}],"curies":[{"name":"wp","href":"https:\/\/api.w.org\/{rel}","templated":true}]}}