{"id":17752,"date":"2025-11-10T16:56:33","date_gmt":"2025-11-10T16:56:33","guid":{"rendered":"https:\/\/www.automakers.cz\/?p=17752"},"modified":"2025-11-10T16:59:50","modified_gmt":"2025-11-10T16:59:50","slug":"jiri-madl-seda-do-cupra-terramar-vz","status":"publish","type":"post","link":"https:\/\/www.automakers.cz\/?p=17752","title":{"rendered":"Ji\u0159\u00ed M\u00e1dl sed\u00e1 do CUPRA Terramar VZ"},"content":{"rendered":"<p><strong>Nov\u00fdm \u010dlenem Kmene CUPRA se stal herec, re\u017eis\u00e9r a sc\u00e9n\u00e1rista Ji\u0159\u00ed M\u00e1dl, kter\u00e9ho budou \u0159idi\u010di potk\u00e1vat na silnic\u00edch za volantem modelu CUPRA Terramar VZ.<\/strong><!--more--><br \/>\nCUPRA propojuje svou v\u00e1\u0161e\u0148 pro odv\u00e1\u017en\u00fd design a dynamick\u00e9ho ducha s filmov\u00fdmi tv\u016frci, kte\u0159\u00ed zt\u011bles\u0148uj\u00ed stejn\u00e9 hodnoty \u2013 autenticitu, odv\u00e1\u017en\u00fd p\u0159\u00edstup a touhu posouvat hranice. Ve filmu se tak potk\u00e1v\u00e1 sv\u011bt zna\u010dky CUPRA s jejich poutav\u00fdmi p\u0159\u00edb\u011bhy. CUPRA t\u00edmto partnerstv\u00edm roz\u0161i\u0159uje svou glob\u00e1ln\u00ed podporu kinematografie a filmov\u00fdch talent\u016f.<\/p>\n<p><strong>\u201eRe\u017eis\u00e9r, herec a scen\u00e1rista Ji\u0159\u00ed M\u00e1dl, nov\u00fd \u010dlen Kmene CUPRA a partner na\u0161\u00ed zna\u010dky, p\u0159in\u00e1\u0161\u00ed do \u010desk\u00e9 kinematografie nov\u00e9 pohledy a siln\u00e1 spole\u010densk\u00e1 t\u00e9mata. Jeho nejnov\u011bj\u0161\u00ed film Vlny vypr\u00e1v\u00ed p\u0159\u00edb\u011bh o svobod\u011b, odvaze a sv\u011bdom\u00ed \u2013 hodnot\u00e1ch, kter\u00e9 rezonuj\u00ed i se zna\u010dkou CUPRA,&#8220;<\/strong>\u00a0\u0159\u00edk\u00e1 Tom\u00e1\u0161 Navr\u00e1til, vedouc\u00ed divize SEAT\/CUPRA spole\u010dnosti Porsche \u010cesk\u00e1 republika, a dod\u00e1v\u00e1:\u00a0<strong>\u201eJi\u0159\u00ed M\u00e1dl je osobnost\u00ed, kter\u00e1 symbolizuje novou generaci \u010desk\u00fdch filma\u0159\u016f \u2013 talentovan\u00fdch, autentick\u00fdch a odhodlan\u00fdch tvo\u0159it bez kompromis\u016f. P\u0159esn\u011b to je duch zna\u010dky CUPRA. Spole\u010dn\u011b v\u011b\u0159\u00edme v s\u00edlu individuality a odvahu tvo\u0159it s p\u0159esahem.&#8220;<\/strong><\/p>\n<p><iframe loading=\"lazy\"  id=\"_ytid_30994\"  width=\"640\" height=\"360\"  data-origwidth=\"640\" data-origheight=\"360\" src=\"https:\/\/www.youtube.com\/embed\/erxPafl-4h4?enablejsapi=1&#038;autoplay=0&#038;cc_load_policy=0&#038;cc_lang_pref=&#038;iv_load_policy=1&#038;loop=0&#038;modestbranding=0&#038;rel=1&#038;fs=1&#038;playsinline=0&#038;autohide=2&#038;theme=dark&#038;color=red&#038;controls=1&#038;\" class=\"__youtube_prefs__  epyt-is-override  no-lazyload\" title=\"YouTube player\"  allow=\"accelerometer; autoplay; clipboard-write; encrypted-media; gyroscope; picture-in-picture\" allowfullscreen data-no-lazy=\"1\" data-skipgform_ajax_framebjll=\"\"><\/iframe><\/p>\n<p>Spojen\u00ed zna\u010dky CUPRA a Ji\u0159\u00edho M\u00e1dla dalece p\u0159esahuje r\u00e1mec spolupr\u00e1ce mezi v\u00fdrobcem automobil\u016f a um\u011blcem. Doch\u00e1z\u00ed v\u00a0n\u011bm k propojen\u00ed dvou sv\u011bt\u016f \u2013 technologie a um\u011bn\u00ed, inovac\u00ed a emoc\u00ed, v\u00fdkonu a lidsk\u00e9 odvahy.\u00a0<strong>\u201eZ nov\u00e9ho partnerstv\u00ed se zna\u010dkou CUPRA m\u00e1me velkou radost. Jak CUPRA ve sv\u011bt\u011b automobil\u016f, tak Ji\u0159\u00ed M\u00e1dl ve sv\u011bt\u011b filmu definuj\u00ed vlastn\u00ed, nezam\u011bniteln\u00fd styl. Neboj\u00ed se experimentovat, hledat nov\u00e9 cesty a d\u00e1vat sv\u00fdm d\u00edl\u016fm charakter a emoci. Oba partnery spojuje touha d\u011blat v\u011bci jinak. D\u011blat v\u011bci naplno, s v\u00e1\u0161n\u00ed, p\u0159esv\u011bd\u010den\u00edm a autenticky,&#8220;<\/strong>\u00a0\u0159\u00edk\u00e1 Filip Stoulil, mana\u017eer komunikace CUPRA.<\/p>\n<p>Partnerstv\u00ed mezi zna\u010dkou CUPRA a Ji\u0159\u00edm M\u00e1dlem bude doprov\u00e1zet s\u00e9rie spole\u010dn\u00fdch aktivit, kter\u00e9 nab\u00eddnou \u0161irok\u00e9 ve\u0159ejnosti mimo\u0159\u00e1dn\u011b zaj\u00edmav\u00e9 pohledy do z\u00e1kulis\u00ed tvorby filmu, ale i do sv\u011bta nekonven\u010dn\u00edho designu a inovativn\u00edch technologi\u00ed zna\u010dky CUPRA. C\u00edlem je inspirovat novou generaci lid\u00ed, kte\u0159\u00ed maj\u00ed odvahu tvo\u0159it, sn\u00edt a m\u011bnit sv\u011bt kolem sebe.<\/p>\n<p><strong>\u201eMoje spolupr\u00e1ce se zna\u010dkou CUPRA je za\u010d\u00e1tkem nov\u00e9ho p\u0159\u00edb\u011bhu,&#8220;<\/strong>\u00a0\u0159\u00edk\u00e1 Ji\u0159\u00ed M\u00e1dl, kter\u00fd si p\u0159evzal kl\u00ed\u010dky od nov\u00e9ho vozu CUPRA Terramar VZ<strong>. \u00a0\u201eP\u0159ekvapilo mne, jak dob\u0159e se v nov\u00e9m voze CUPRA Terramar c\u00edt\u00edm. Dokonce tak, \u017ee si j\u00e1, notorick\u00fd \u201anepo\u0159\u00e1dn\u00edk&#8216;, hodl\u00e1m takov\u00e9 auto ukl\u00edzet. Ne, opravdu. Jsem v obdob\u00ed, kdy se sna\u017e\u00edm obklopovat jen t\u00edm, co m\u011b vede bl\u00ed\u017e k tomu, \u010d\u00edm chci b\u00fdt. A moje prvn\u00ed j\u00edzda vozem CUPRA do It\u00e1lie byla opravdu z\u00e1bavn\u00e1 a inspiruj\u00edc\u00ed. Spojen\u00ed mi d\u00e1v\u00e1 smysl.\u00a0T\u011b\u0161\u00edm se tak\u00e9 na dal\u0161\u00ed spole\u010dn\u00e9 projekty, s\u00a0nimi\u017e budeme p\u0159in\u00e1\u0161et nov\u00e9 tv\u016fr\u010d\u00ed impulzy pro v\u0161echny talentovan\u00e9 lidi ve sv\u011bt\u011b filmu i\u00a0za jeho hranicemi.&#8220;<\/strong><\/p>\n<p><strong>M\u00e1 r\u00e1d suver\u00e9nn\u00ed hnac\u00ed s\u00edlu<\/strong><br \/>\nM\u00e1dl si z \u0161irok\u00e9ho portfolia vybral SUV, kter\u00e9 m\u00e1 pod kapotou p\u0159epl\u0148ovan\u00fd motor 2.0 TSI s nejvy\u0161\u0161\u00edm v\u00fdkonem 195 kW (265 k), jeho\u017e suver\u00e9nn\u00ed hnac\u00ed s\u00edla je p\u0159en\u00e1\u0161ena na vozovku prost\u0159ednictv\u00edm 7stup\u0148ov\u00e9 automatick\u00e9 p\u0159evodovky DSG a vysp\u011bl\u00e9ho pohonu v\u0161ech kol 4Drive. \u00dasp\u011b\u0161n\u00fd \u010desk\u00fd re\u017eis\u00e9r si v konfigur\u00e1toru vybral \u010dernou barvu karoserie Midnight, 20&#8243; kola Hadron Copper z lehk\u00e9 slitiny a interi\u00e9r Moon Light \u010daloun\u011bn\u00fd kombinac\u00ed \u010dern\u00e9 tkaniny z mikrovl\u00e1kna Dinamica a \u0161ed\u00e9 um\u011bl\u00e9 k\u016f\u017ee s kontrastn\u00edmi ozdobn\u00fdmi prvky v odst\u00ednu m\u011bdi.<\/p>\n<p><strong>Glob\u00e1ln\u00ed spolur\u00e1ce s kum\u0161ta\u0159i<\/strong><br \/>\nPartnerstv\u00ed s Ji\u0159\u00edm M\u00e1dlem navazuje na ji\u017e prob\u00edhaj\u00edc\u00ed glob\u00e1ln\u00ed spolupr\u00e1ci zna\u010dky CUPRA s r\u016fzn\u00fdmi kreativn\u00edmi tv\u016frci ze sv\u011bta kinematografie. Ji\u0159\u00ed M\u00e1dl, kter\u00fd re\u017e\u00edroval \u00fasp\u011b\u0161n\u00e9 filmy Pojedeme k mo\u0159i, Na st\u0159e\u0161e a Vlny, se tak v Kmeni CUPRA za\u0159ad\u00ed nap\u0159\u00edklad po bok filmov\u00e9ho re\u017eis\u00e9ra J.A. Bayony, autora sn\u00edmk\u016f Sirot\u010dinec, Vol\u00e1n\u00ed netvora nebo P\u00e1n prsten\u016f: Prvn\u00ed bitva, a Daniela Br\u00fchla, herce a re\u017eis\u00e9ra s n\u011bmeck\u00fdmi a \u0161pan\u011blsk\u00fdmi ko\u0159eny. Tato velk\u00e1 jm\u00e9na \u010desk\u00e9ho a sv\u011btov\u00e9ho filmu reprezentuj\u00ed stejn\u00e9 hodnoty sd\u00edlen\u00e9 i zna\u010dkou CUPRA \u2013 v\u00e1\u0161e\u0148, kreativitu a odvahu posouvat hranice.<\/p>\n<p><img loading=\"lazy\" decoding=\"async\" class=\"alignnone size-full wp-image-17755\" src=\"http:\/\/www.automakers.cz\/wp-content\/uploads\/2025\/11\/Cupra-Navratil-Madl.jpg\" alt=\"\" width=\"333\" height=\"500\" \/><\/p>\n","protected":false},"excerpt":{"rendered":"<p>Nov\u00fdm \u010dlenem Kmene CUPRA se stal herec, re\u017eis\u00e9r a sc\u00e9n\u00e1rista Ji\u0159\u00ed M\u00e1dl, kter\u00e9ho budou \u0159idi\u010di&#8230;<\/p>\n","protected":false},"author":1,"featured_media":17758,"comment_status":"closed","ping_status":"closed","sticky":false,"template":"","format":"standard","meta":{"footnotes":""},"categories":[56,29,66],"tags":[],"class_list":["post-17752","post","type-post","status-publish","format-standard","has-post-thumbnail","hentry","category-celebrity","category-sponzoring","category-video"],"_links":{"self":[{"href":"https:\/\/www.automakers.cz\/index.php?rest_route=\/wp\/v2\/posts\/17752","targetHints":{"allow":["GET"]}}],"collection":[{"href":"https:\/\/www.automakers.cz\/index.php?rest_route=\/wp\/v2\/posts"}],"about":[{"href":"https:\/\/www.automakers.cz\/index.php?rest_route=\/wp\/v2\/types\/post"}],"author":[{"embeddable":true,"href":"https:\/\/www.automakers.cz\/index.php?rest_route=\/wp\/v2\/users\/1"}],"replies":[{"embeddable":true,"href":"https:\/\/www.automakers.cz\/index.php?rest_route=%2Fwp%2Fv2%2Fcomments&post=17752"}],"version-history":[{"count":4,"href":"https:\/\/www.automakers.cz\/index.php?rest_route=\/wp\/v2\/posts\/17752\/revisions"}],"predecessor-version":[{"id":17756,"href":"https:\/\/www.automakers.cz\/index.php?rest_route=\/wp\/v2\/posts\/17752\/revisions\/17756"}],"wp:featuredmedia":[{"embeddable":true,"href":"https:\/\/www.automakers.cz\/index.php?rest_route=\/wp\/v2\/media\/17758"}],"wp:attachment":[{"href":"https:\/\/www.automakers.cz\/index.php?rest_route=%2Fwp%2Fv2%2Fmedia&parent=17752"}],"wp:term":[{"taxonomy":"category","embeddable":true,"href":"https:\/\/www.automakers.cz\/index.php?rest_route=%2Fwp%2Fv2%2Fcategories&post=17752"},{"taxonomy":"post_tag","embeddable":true,"href":"https:\/\/www.automakers.cz\/index.php?rest_route=%2Fwp%2Fv2%2Ftags&post=17752"}],"curies":[{"name":"wp","href":"https:\/\/api.w.org\/{rel}","templated":true}]}}