{"id":17771,"date":"2025-11-12T08:00:53","date_gmt":"2025-11-12T08:00:53","guid":{"rendered":"https:\/\/www.automakers.cz\/?p=17771"},"modified":"2025-11-12T08:00:53","modified_gmt":"2025-11-12T08:00:53","slug":"e-salon-cinsky-byd-ukaze-dolphin-surf","status":"publish","type":"post","link":"https:\/\/www.automakers.cz\/?p=17771","title":{"rendered":"e-SALON: \u010c\u00ednsk\u00fd BYD uk\u00e1\u017ee Dolphin Surf"},"content":{"rendered":"<p><strong>\u010c\u00ednsk\u00fd BYD svol\u00e1v\u00e1 novin\u00e1\u0159e na tiskovou konferenci v r\u00e1mci e-Salonu 2025\u00a0(PVA EXPO Praha Let\u0148any). P\u0159edstav\u00ed pln\u011b elektrick\u00fd BYD Dolphin Surf a dal\u0161\u00ed novinky ze sv\u011bta zna\u010dky.<\/strong><!--more--><\/p>\n<p data-end=\"838\" data-start=\"667\">Na st\u00e1nku m\u00e1 b\u00fdt k vid\u011bn\u00ed <b>kompletn\u00ed modelov\u00e1 \u0159ada voz\u016f BYD<\/b> aktu\u00e1ln\u011b dostupn\u00e1 na \u010desk\u00e9m trhu. Zna\u010dka nav\u00edc p\u0159edstav\u00ed u\u017eitkov\u00fd model <b>BYD E-Vali<\/b>, kter\u00fd chce brzy za\u0159adit do portfolia.<\/p>\n<p data-end=\"838\" data-start=\"667\"><img loading=\"lazy\" decoding=\"async\" class=\"alignnone size-medium wp-image-16001\" src=\"http:\/\/www.automakers.cz\/wp-content\/uploads\/2025\/09\/BYD-Voderadky-kombik-900x506.jpg\" alt=\"\" width=\"900\" height=\"506\" srcset=\"https:\/\/www.automakers.cz\/wp-content\/uploads\/2025\/09\/BYD-Voderadky-kombik-900x506.jpg 900w, https:\/\/www.automakers.cz\/wp-content\/uploads\/2025\/09\/BYD-Voderadky-kombik-1024x576.jpg 1024w, https:\/\/www.automakers.cz\/wp-content\/uploads\/2025\/09\/BYD-Voderadky-kombik-768x432.jpg 768w, https:\/\/www.automakers.cz\/wp-content\/uploads\/2025\/09\/BYD-Voderadky-kombik-1536x864.jpg 1536w, https:\/\/www.automakers.cz\/wp-content\/uploads\/2025\/09\/BYD-Voderadky-kombik-1280x720.jpg 1280w, https:\/\/www.automakers.cz\/wp-content\/uploads\/2025\/09\/BYD-Voderadky-kombik.jpg 2048w\" sizes=\"auto, (max-width: 900px) 100vw, 900px\" \/>Mezi l\u00e1kadla m\u00e1 pat\u0159it re\u00e1ln\u00e1 uk\u00e1zka technologie <strong>Flash Charging.<\/strong>\u00a0Po cel\u00fd den bude tak\u00e9 mo\u017en\u00e9 absolvovat\u00a0<strong data-end=\"893\" data-start=\"874\">testovac\u00ed j\u00edzdy<\/strong>\u00a0\u2013 jak s nov\u00fdm modelem\u00a0<span data-end=\"936\" data-start=\"916\">BYD Dolphin Surf<\/span>, tak se v\u0161emi st\u00e1vaj\u00edc\u00edmi modely zna\u010dky BYD.<\/p>\n<p data-end=\"665\" data-start=\"469\"><strong>Zdroj: David Valenta<\/strong><\/p>\n","protected":false},"excerpt":{"rendered":"<p>\u010c\u00ednsk\u00fd BYD svol\u00e1v\u00e1 novin\u00e1\u0159e na tiskovou konferenci v r\u00e1mci e-Salonu 2025\u00a0(PVA EXPO Praha Let\u0148any). P\u0159edstav\u00ed&#8230;<\/p>\n","protected":false},"author":1,"featured_media":2659,"comment_status":"closed","ping_status":"closed","sticky":false,"template":"","format":"standard","meta":{"footnotes":""},"categories":[9,8],"tags":[],"class_list":["post-17771","post","type-post","status-publish","format-standard","has-post-thumbnail","hentry","category-elektromobily","category-vystavy"],"_links":{"self":[{"href":"https:\/\/www.automakers.cz\/index.php?rest_route=\/wp\/v2\/posts\/17771","targetHints":{"allow":["GET"]}}],"collection":[{"href":"https:\/\/www.automakers.cz\/index.php?rest_route=\/wp\/v2\/posts"}],"about":[{"href":"https:\/\/www.automakers.cz\/index.php?rest_route=\/wp\/v2\/types\/post"}],"author":[{"embeddable":true,"href":"https:\/\/www.automakers.cz\/index.php?rest_route=\/wp\/v2\/users\/1"}],"replies":[{"embeddable":true,"href":"https:\/\/www.automakers.cz\/index.php?rest_route=%2Fwp%2Fv2%2Fcomments&post=17771"}],"version-history":[{"count":3,"href":"https:\/\/www.automakers.cz\/index.php?rest_route=\/wp\/v2\/posts\/17771\/revisions"}],"predecessor-version":[{"id":17774,"href":"https:\/\/www.automakers.cz\/index.php?rest_route=\/wp\/v2\/posts\/17771\/revisions\/17774"}],"wp:featuredmedia":[{"embeddable":true,"href":"https:\/\/www.automakers.cz\/index.php?rest_route=\/wp\/v2\/media\/2659"}],"wp:attachment":[{"href":"https:\/\/www.automakers.cz\/index.php?rest_route=%2Fwp%2Fv2%2Fmedia&parent=17771"}],"wp:term":[{"taxonomy":"category","embeddable":true,"href":"https:\/\/www.automakers.cz\/index.php?rest_route=%2Fwp%2Fv2%2Fcategories&post=17771"},{"taxonomy":"post_tag","embeddable":true,"href":"https:\/\/www.automakers.cz\/index.php?rest_route=%2Fwp%2Fv2%2Ftags&post=17771"}],"curies":[{"name":"wp","href":"https:\/\/api.w.org\/{rel}","templated":true}]}}