{"id":17775,"date":"2025-11-12T11:08:53","date_gmt":"2025-11-12T11:08:53","guid":{"rendered":"https:\/\/www.automakers.cz\/?p=17775"},"modified":"2025-11-14T12:48:31","modified_gmt":"2025-11-14T12:48:31","slug":"group-night-porsche-cr-startuje-e-salon","status":"publish","type":"post","link":"https:\/\/www.automakers.cz\/?p=17775","title":{"rendered":"Porsche \u010cR Group Night na e-SALONu"},"content":{"rendered":"<p><strong>Porsche \u010cR zah\u00e1jilo jako tradi\u010dn\u011b e-SALON novin\u00e1\u0159skou prezentac\u00ed je\u0161t\u011b v p\u0159edve\u010der vlastn\u00edho veletrhu. Novin\u00e1\u0159i se ve st\u0159edu dostavili na Group Night Porsche \u010cR<\/strong><!--more--><\/p>\n<p>V r\u00e1mci expozice Volkswagen a Volkswagen U\u017eitkov\u00e9 vozy se v \u010desk\u00e9 v\u00fdstavn\u00ed premi\u00e9\u0159e p\u0159edstavily studie <strong>ID. EVERY1, ID. CROSS Concept, nov\u00fd T-Roc<\/strong>\u00a0a speci\u00e1ln\u00ed edice<strong>ID.3 GTX FIRE+ICE<\/strong> (spolupr\u00e1ce Bogner).<\/p>\n<p>Loni se uk\u00e1zal ID.7 Fastback, letos nechyb\u011bla elektrick\u00e1 vlajkov\u00e1 lo\u010f zna\u010dky <strong>ID.7 Tourer<\/strong>.<\/p>\n<p>U\u017eitkov\u00e9 vozy Volkswagen zastoupily modely <strong>e-Caravelle a Caddy eHybrid<\/strong>. Speci\u00e1ln\u00edm hostem prezentace byl <strong>Andreas Mindt<\/strong>, \u0161\u00e9fdesign\u00e9r zna\u010dky Volkswagen, kter\u00fd sepod\u011blil se o sv\u016fj pohled na budoucnost designu elektromobil\u016f.<\/p>\n<p><img loading=\"lazy\" decoding=\"async\" class=\"alignnone size-medium wp-image-17820\" src=\"http:\/\/www.automakers.cz\/wp-content\/uploads\/2025\/11\/VW-eSalon-Night-Mindt-orez-900x669.jpg\" alt=\"\" width=\"900\" height=\"669\" srcset=\"https:\/\/www.automakers.cz\/wp-content\/uploads\/2025\/11\/VW-eSalon-Night-Mindt-orez-900x669.jpg 900w, https:\/\/www.automakers.cz\/wp-content\/uploads\/2025\/11\/VW-eSalon-Night-Mindt-orez-1024x761.jpg 1024w, https:\/\/www.automakers.cz\/wp-content\/uploads\/2025\/11\/VW-eSalon-Night-Mindt-orez-768x571.jpg 768w, https:\/\/www.automakers.cz\/wp-content\/uploads\/2025\/11\/VW-eSalon-Night-Mindt-orez-1536x1142.jpg 1536w, https:\/\/www.automakers.cz\/wp-content\/uploads\/2025\/11\/VW-eSalon-Night-Mindt-orez.jpg 1550w\" sizes=\"auto, (max-width: 900px) 100vw, 900px\" \/><\/p>\n<p><strong>Erich Handl, Let\u0148any<\/strong><\/p>\n","protected":false},"excerpt":{"rendered":"<p>Porsche \u010cR zah\u00e1jilo jako tradi\u010dn\u011b e-SALON novin\u00e1\u0159skou prezentac\u00ed je\u0161t\u011b v p\u0159edve\u010der vlastn\u00edho veletrhu. Novin\u00e1\u0159i se&#8230;<\/p>\n","protected":false},"author":1,"featured_media":17819,"comment_status":"closed","ping_status":"closed","sticky":false,"template":"","format":"standard","meta":{"footnotes":""},"categories":[9,26,8],"tags":[],"class_list":["post-17775","post","type-post","status-publish","format-standard","has-post-thumbnail","hentry","category-elektromobily","category-eventy","category-vystavy"],"_links":{"self":[{"href":"https:\/\/www.automakers.cz\/index.php?rest_route=\/wp\/v2\/posts\/17775","targetHints":{"allow":["GET"]}}],"collection":[{"href":"https:\/\/www.automakers.cz\/index.php?rest_route=\/wp\/v2\/posts"}],"about":[{"href":"https:\/\/www.automakers.cz\/index.php?rest_route=\/wp\/v2\/types\/post"}],"author":[{"embeddable":true,"href":"https:\/\/www.automakers.cz\/index.php?rest_route=\/wp\/v2\/users\/1"}],"replies":[{"embeddable":true,"href":"https:\/\/www.automakers.cz\/index.php?rest_route=%2Fwp%2Fv2%2Fcomments&post=17775"}],"version-history":[{"count":5,"href":"https:\/\/www.automakers.cz\/index.php?rest_route=\/wp\/v2\/posts\/17775\/revisions"}],"predecessor-version":[{"id":17853,"href":"https:\/\/www.automakers.cz\/index.php?rest_route=\/wp\/v2\/posts\/17775\/revisions\/17853"}],"wp:featuredmedia":[{"embeddable":true,"href":"https:\/\/www.automakers.cz\/index.php?rest_route=\/wp\/v2\/media\/17819"}],"wp:attachment":[{"href":"https:\/\/www.automakers.cz\/index.php?rest_route=%2Fwp%2Fv2%2Fmedia&parent=17775"}],"wp:term":[{"taxonomy":"category","embeddable":true,"href":"https:\/\/www.automakers.cz\/index.php?rest_route=%2Fwp%2Fv2%2Fcategories&post=17775"},{"taxonomy":"post_tag","embeddable":true,"href":"https:\/\/www.automakers.cz\/index.php?rest_route=%2Fwp%2Fv2%2Ftags&post=17775"}],"curies":[{"name":"wp","href":"https:\/\/api.w.org\/{rel}","templated":true}]}}