{"id":1778,"date":"2024-01-29T09:15:54","date_gmt":"2024-01-29T09:15:54","guid":{"rendered":"https:\/\/www.automakers.cz\/?p=1778"},"modified":"2024-01-29T09:16:28","modified_gmt":"2024-01-29T09:16:28","slug":"skoda-schnake-jednal-o-cipech-s-onsemi","status":"publish","type":"post","link":"https:\/\/www.automakers.cz\/?p=1778","title":{"rendered":"\u0160koda: Schnake jednal o \u010dipech s onsemi"},"content":{"rendered":"<p><strong>Mana\u017ee\u0159i \u0160kody Auto se v minul\u00e9m t\u00fddnu setkali s veden\u00edm firmy onsemi. B\u011bhem setk\u00e1n\u00ed v Praze diskutovali Karsten Schnake, \u010dlen p\u0159edstavenstva \u0160kody Auto za oblast N\u00e1kupu, a Hassane El-Khoury, prezident, v\u00fdkonn\u00fd \u0159editel a hlavn\u00ed p\u0159edstavitel spole\u010dnosti onsemi.<\/strong><!--more--><\/p>\n<p>Diskutovalo se o v\u00fdznamu polovodi\u010d\u016f pro automobilov\u00fd pr\u016fmysl, \u00fa\u010dastn\u00edci sch\u016fzky zd\u016fraznili, \u017ee jejich d\u016fle\u017eitost v nadch\u00e1zej\u00edc\u00edch letech rychle poroste s t\u00edm, jak budou z\u00e1kazn\u00edci po\u017eadovat v\u00edce autonomn\u00edch funkc\u00ed a p\u0159echod na elektrifikaci. C\u00edlem \u00fasil\u00ed obou spole\u010dnost\u00ed je trvale p\u0159isp\u00edvat k pos\u00edlen\u00ed pozice \u010cesk\u00e9 republiky jako evropsk\u00e9ho centra polovodi\u010d\u016f.<\/p>\n<p>\u201ePolovodi\u010de jsou pro n\u00e1s jako v\u00fdrobce automobil\u016f z\u00e1sadn\u00ed hnac\u00ed silou inovac\u00ed. Umo\u017e\u0148uj\u00ed n\u00e1m nab\u00edzet z\u00e1kazn\u00edk\u016fm vozy s atraktivn\u00edmi asisten\u010dn\u00edmi syst\u00e9my a jsou kl\u00ed\u010dov\u00fdm faktorem na\u0161\u00ed prob\u00edhaj\u00edc\u00ed transformace sm\u011brem k elektromobilit\u011b. \u00dazce spolupracujeme s na\u0161imi dodavateli v cel\u00e9m hodnotov\u00e9m \u0159et\u011bzci i s na\u0161imi nov\u00fdmi partnery z polovodi\u010dov\u00e9ho pr\u016fmyslu, abychom si zajistili p\u0159\u00edstup k nejmodern\u011bj\u0161\u00edm polovodi\u010d\u016fm a mohli tak na\u0161im z\u00e1kazn\u00edk\u016fm poskytovat skv\u011bl\u00e9 v\u00fdrobky. Strategick\u00e9 partnerstv\u00ed se spole\u010dnost\u00ed onsemi je obrovsk\u00fdm p\u0159\u00ednosem nejen pro \u0160koda Auto, ale pro cel\u00fd koncern Volkswagen,&#8220; uvedl Schnake.<\/p>\n<p>\u201eSpole\u010dnost onsemi neust\u00e1le inovuje sv\u00e9 inteligentn\u00ed technologie pro nap\u00e1jen\u00ed a senzoriku, aby umo\u017enila v\u00fdrobc\u016fm automobil\u016f vyv\u00edjet bezpe\u010dn\u011bj\u0161\u00ed a energeticky \u00fa\u010dinn\u011bj\u0161\u00ed vozidla. Vyu\u017eit\u00edm na\u0161ich technologi\u00ed mohou v\u00fdrobci automobil\u016f, jako jsou \u0160koda Auto a cel\u00fd koncern Volkswagen, splnit po\u017eadavky dne\u0161n\u00edch \u0159idi\u010d\u016f pomoc\u00ed nejmodern\u011bj\u0161\u00edch pokro\u010dil\u00fdch asisten\u010dn\u00edch funkc\u00ed a je\u0161t\u011b v\u00edce urychlit p\u0159echod na elektrifikaci,&#8220; dodal Khoury.<em><br \/>\n<\/em><\/p>\n<p><strong>Zdroj: \u0160koda Media Newsletter<\/strong><\/p>\n<p>&nbsp;<\/p>\n","protected":false},"excerpt":{"rendered":"<p>Mana\u017ee\u0159i \u0160kody Auto se v minul\u00e9m t\u00fddnu setkali s veden\u00edm firmy onsemi. B\u011bhem setk\u00e1n\u00ed v&#8230;<\/p>\n","protected":false},"author":1,"featured_media":1779,"comment_status":"open","ping_status":"open","sticky":false,"template":"","format":"standard","meta":{"footnotes":""},"categories":[23,31],"tags":[],"class_list":["post-1778","post","type-post","status-publish","format-standard","has-post-thumbnail","hentry","category-dodavatele","category-news"],"_links":{"self":[{"href":"https:\/\/www.automakers.cz\/index.php?rest_route=\/wp\/v2\/posts\/1778","targetHints":{"allow":["GET"]}}],"collection":[{"href":"https:\/\/www.automakers.cz\/index.php?rest_route=\/wp\/v2\/posts"}],"about":[{"href":"https:\/\/www.automakers.cz\/index.php?rest_route=\/wp\/v2\/types\/post"}],"author":[{"embeddable":true,"href":"https:\/\/www.automakers.cz\/index.php?rest_route=\/wp\/v2\/users\/1"}],"replies":[{"embeddable":true,"href":"https:\/\/www.automakers.cz\/index.php?rest_route=%2Fwp%2Fv2%2Fcomments&post=1778"}],"version-history":[{"count":2,"href":"https:\/\/www.automakers.cz\/index.php?rest_route=\/wp\/v2\/posts\/1778\/revisions"}],"predecessor-version":[{"id":1781,"href":"https:\/\/www.automakers.cz\/index.php?rest_route=\/wp\/v2\/posts\/1778\/revisions\/1781"}],"wp:featuredmedia":[{"embeddable":true,"href":"https:\/\/www.automakers.cz\/index.php?rest_route=\/wp\/v2\/media\/1779"}],"wp:attachment":[{"href":"https:\/\/www.automakers.cz\/index.php?rest_route=%2Fwp%2Fv2%2Fmedia&parent=1778"}],"wp:term":[{"taxonomy":"category","embeddable":true,"href":"https:\/\/www.automakers.cz\/index.php?rest_route=%2Fwp%2Fv2%2Fcategories&post=1778"},{"taxonomy":"post_tag","embeddable":true,"href":"https:\/\/www.automakers.cz\/index.php?rest_route=%2Fwp%2Fv2%2Ftags&post=1778"}],"curies":[{"name":"wp","href":"https:\/\/api.w.org\/{rel}","templated":true}]}}