{"id":17856,"date":"2025-11-14T14:06:37","date_gmt":"2025-11-14T14:06:37","guid":{"rendered":"https:\/\/www.automakers.cz\/?p=17856"},"modified":"2025-11-14T14:06:37","modified_gmt":"2025-11-14T14:06:37","slug":"jak-zvladnout-rizeni-kdyz-se-dny-krati","status":"publish","type":"post","link":"https:\/\/www.automakers.cz\/?p=17856","title":{"rendered":"Jak zvl\u00e1dnout \u0159\u00edzen\u00ed kdy\u017e se dny kr\u00e1t\u00ed"},"content":{"rendered":"<p><strong><b>S p\u0159\u00edchodem podzimu se dny zkracuj\u00ed a tma p\u0159ich\u00e1z\u00ed d\u0159\u00edve. Pro mnoho \u0159idi\u010d\u016f to znamen\u00e1 \u010dast\u011bj\u0161\u00ed j\u00edzdu za \u0161era \u010di tmy \u2013 a pr\u00e1v\u011b v t\u011bchto podm\u00ednk\u00e1ch hraje zrak kl\u00ed\u010dovou roli. O\u010dn\u00ed pot\u00ed\u017ee, kter\u00e9 se b\u011bhem dne neprojev\u00ed, mohou v noci zp\u016fsobovat z\u00e1sadn\u00ed probl\u00e9my. <\/b><\/strong><!--more--><\/p>\n<p><strong><b>Typick\u00fdm p\u0159\u00edkladem je tzv. no\u010dn\u00ed myopie, tedy zhor\u0161en\u00ed vid\u011bn\u00ed za zhor\u0161en\u00fdch sv\u011bteln\u00fdch podm\u00ednek.<\/b><\/strong><\/p>\n<p>Mnoho lid\u00ed si p\u0159i j\u00edzd\u011b za tmy v\u0161\u00edm\u00e1, \u017ee jejich zrak nen\u00ed tak ostr\u00fd \u2013 vzd\u00e1len\u00e9 objekty se rozost\u0159uj\u00ed, sv\u011btla protijedouc\u00edch vozidel osl\u0148uj\u00ed a jistota za volantem kles\u00e1.<\/p>\n<p><strong><b>No\u010dn\u00ed myopie \u2013 skryt\u00fd nep\u0159\u00edtel \u0159idi\u010d\u016f<\/b><\/strong><\/p>\n<p>No\u010dn\u00ed myopie postihuje hlavn\u011b lidi, kte\u0159\u00ed p\u0159es den vid\u00ed dob\u0159e. V \u0161eru v\u0161ak jejich o\u010di nedok\u00e1\u017eou spr\u00e1vn\u011b zaost\u0159it, co\u017e vede k rozmazan\u00e9mu vid\u011bn\u00ed a zvy\u0161uje riziko dopravn\u00edch chyb.<\/p>\n<p>\u201e<em><i>\u0158ada \u0159idi\u010d\u016f ani netu\u0161\u00ed, \u017ee t\u00edmto probl\u00e9mem trp\u00ed, dokud se neocitnou v n\u00e1ro\u010dn\u00fdch sv\u011bteln\u00fdch podm\u00ednk\u00e1ch<\/i><\/em>,\u201c upozor\u0148uje MUDr. Radan Zugar, prim\u00e1\u0159 O\u010dn\u00edho centra Praha.<\/p>\n<p><strong><b>Jak tma m\u011bn\u00ed vn\u00edm\u00e1n\u00ed<\/b><\/strong><\/p>\n<p>Krom\u011b no\u010dn\u00ed myopie m\u016f\u017ee bezpe\u010dnost za \u0161era ovlivnit i sn\u00ed\u017een\u00fd kontrast a omezen\u00e9 perifern\u00ed vid\u011bn\u00ed. Objekty spl\u00fdvaj\u00ed s tmav\u00fdm pozad\u00edm, chodci se st\u00e1vaj\u00ed h\u016f\u0159e viditeln\u00fdmi a reak\u010dn\u00ed doba se prodlu\u017euje. V\u00fdznamn\u00fdm probl\u00e9mem je tak\u00e9 osln\u011bn\u00ed od sv\u011btel protijedouc\u00edch aut, kter\u00e9 m\u016f\u017ee zp\u016fsobit kr\u00e1tkodob\u00e9 \u201eoslepen\u00ed\u201c.<\/p>\n<p>\u201e<em><i>O\u010di pot\u0159ebuj\u00ed n\u011bkolik sekund, aby se po osln\u011bn\u00ed znovu p\u0159izp\u016fsobily tm\u011b, a pr\u00e1v\u011b v t\u011bchto chv\u00edl\u00edch m\u016f\u017ee doj\u00edt k p\u0159ehl\u00e9dnut\u00ed chodce \u010di p\u0159ek\u00e1\u017eky<\/i><\/em>,\u201c varuje MUDr. Zugar.<\/p>\n<p><strong><b>Jak se p\u0159ipravit na bezpe\u010dn\u011bj\u0161\u00ed j\u00edzdu za \u0161era<\/b><\/strong><\/p>\n<ol>\n<li><b><\/b><strong><b>Pravideln\u00e1 kontrola zraku<\/b><\/strong><strong><b><br \/>\n<\/b><\/strong>N\u00e1v\u0161t\u011bva o\u010dn\u00edho l\u00e9ka\u0159e by m\u011bla b\u00fdt samoz\u0159ejmost\u00ed, zejm\u00e9na pokud m\u00e1te pocit, \u017ee za tmy vid\u00edte h\u016f\u0159e.<\/li>\n<li><b><\/b><strong><b>Dostatek odpo\u010dinku<\/b><\/strong><br \/>\n\u00danava o\u010d\u00ed i celkov\u00e1 vy\u010derpanost zpomaluj\u00ed reakce a sni\u017euj\u00ed schopnost p\u0159izp\u016fsobit se zm\u011bn\u00e1m sv\u011btla.<\/li>\n<li><b><\/b><strong><b>Br\u00fdle se \u017elut\u00fdm filtrem<\/b><\/strong><br \/>\nTyto br\u00fdle zlep\u0161uj\u00ed kontrast a sni\u017euj\u00ed osln\u011bn\u00ed, d\u00edky \u010demu\u017e mohou p\u0159isp\u011bt k bezpe\u010dn\u011bj\u0161\u00ed j\u00edzd\u011b. \u201e\u017dlut\u00fd filtr pom\u00e1h\u00e1 o\u010d\u00edm rozli\u0161ovat detaily a z\u00e1rove\u0148 sni\u017euje \u00fanavu,\u201c vysv\u011btluje MUDr. Zugar.<\/li>\n<\/ol>\n<p><strong><b>Pomoc po operaci \u0161ed\u00e9ho z\u00e1kalu<\/b><\/strong><\/p>\n<p>\u0158idi\u010di po operaci \u0161ed\u00e9ho z\u00e1kalu mohou vyu\u017e\u00edt speci\u00e1ln\u00ed asf\u00e9rick\u00e9 nitroo\u010dn\u00ed \u010do\u010dky, kter\u00e9 zlep\u0161uj\u00ed kontrastn\u00ed citlivost a omezuj\u00ed vznik osln\u011bn\u00ed.<\/p>\n<p>\u201e<em><i>Modern\u00ed nitroo\u010dn\u00ed \u010do\u010dky dok\u00e1\u017eou minimalizovat sv\u011bteln\u00e9 jevy a zlep\u0161it vid\u011bn\u00ed za tmy \u2013 co\u017e ocen\u00ed p\u0159edev\u0161\u00edm aktivn\u00ed \u0159idi\u010di,\u201c<\/i><\/em>\u00a0dopl\u0148uje prim\u00e1\u0159 Zugar.<\/p>\n<p>S p\u0159\u00edchodem podzimu je vhodn\u00fd \u010das zamyslet se nad sv\u00fdm zrakem. Bezpe\u010dnost na silnici toti\u017e nez\u00e1vis\u00ed jen na technick\u00e9m stavu auta, ale i na schopnosti dob\u0159e vid\u011bt a rychle reagovat.<\/p>\n<p>Zdroj: Monika Luke\u0161ov\u00e1<\/p>\n","protected":false},"excerpt":{"rendered":"<p>S p\u0159\u00edchodem podzimu se dny zkracuj\u00ed a tma p\u0159ich\u00e1z\u00ed d\u0159\u00edve. Pro mnoho \u0159idi\u010d\u016f to znamen\u00e1&#8230;<\/p>\n","protected":false},"author":1,"featured_media":17858,"comment_status":"closed","ping_status":"closed","sticky":false,"template":"","format":"standard","meta":{"footnotes":""},"categories":[47,95],"tags":[],"class_list":["post-17856","post","type-post","status-publish","format-standard","has-post-thumbnail","hentry","category-doprava","category-vyzkum"],"_links":{"self":[{"href":"https:\/\/www.automakers.cz\/index.php?rest_route=\/wp\/v2\/posts\/17856","targetHints":{"allow":["GET"]}}],"collection":[{"href":"https:\/\/www.automakers.cz\/index.php?rest_route=\/wp\/v2\/posts"}],"about":[{"href":"https:\/\/www.automakers.cz\/index.php?rest_route=\/wp\/v2\/types\/post"}],"author":[{"embeddable":true,"href":"https:\/\/www.automakers.cz\/index.php?rest_route=\/wp\/v2\/users\/1"}],"replies":[{"embeddable":true,"href":"https:\/\/www.automakers.cz\/index.php?rest_route=%2Fwp%2Fv2%2Fcomments&post=17856"}],"version-history":[{"count":2,"href":"https:\/\/www.automakers.cz\/index.php?rest_route=\/wp\/v2\/posts\/17856\/revisions"}],"predecessor-version":[{"id":17859,"href":"https:\/\/www.automakers.cz\/index.php?rest_route=\/wp\/v2\/posts\/17856\/revisions\/17859"}],"wp:featuredmedia":[{"embeddable":true,"href":"https:\/\/www.automakers.cz\/index.php?rest_route=\/wp\/v2\/media\/17858"}],"wp:attachment":[{"href":"https:\/\/www.automakers.cz\/index.php?rest_route=%2Fwp%2Fv2%2Fmedia&parent=17856"}],"wp:term":[{"taxonomy":"category","embeddable":true,"href":"https:\/\/www.automakers.cz\/index.php?rest_route=%2Fwp%2Fv2%2Fcategories&post=17856"},{"taxonomy":"post_tag","embeddable":true,"href":"https:\/\/www.automakers.cz\/index.php?rest_route=%2Fwp%2Fv2%2Ftags&post=17856"}],"curies":[{"name":"wp","href":"https:\/\/api.w.org\/{rel}","templated":true}]}}