{"id":17917,"date":"2025-11-18T13:27:08","date_gmt":"2025-11-18T13:27:08","guid":{"rendered":"https:\/\/www.automakers.cz\/?p=17917"},"modified":"2025-11-18T13:45:16","modified_gmt":"2025-11-18T13:45:16","slug":"e-salon-mame-za-sebou-dalsi-udalosti-bude-automobilova-slavnost-legendy-2026","status":"publish","type":"post","link":"https:\/\/www.automakers.cz\/?p=17917","title":{"rendered":"E-SALON je za n\u00e1mi! Dal\u0161\u00ed ud\u00e1lost\u00ed bude automobilov\u00e1 slavnost LEGENDY 2026"},"content":{"rendered":"<p><strong>Po skon\u010den\u00ed leto\u0161n\u00edho E-Salonu \u2013 nejv\u011bt\u0161\u00ed dom\u00e1c\u00ed p\u0159ehl\u00eddky elektromobility \u2013 se pozornost \u010desk\u00e9 automobilov\u00e9 sc\u00e9ny obrac\u00ed k dal\u0161\u00ed z\u00e1sadn\u00ed ud\u00e1losti roku. Tou budou LEGENDY 2026, nejv\u011bt\u0161\u00ed automobilov\u00e1 slavnost v \u010cesk\u00e9 republice, kter\u00e1 se uskute\u010dn\u00ed 29.\u201331. kv\u011btna 2026\u00a0na V\u00fdstavi\u0161ti Praha Hole\u0161ovice.<\/strong><!--more--><\/p>\n<p>Zat\u00edmco E-Salon tradi\u010dn\u011b p\u0159edstavuje budoucnost mobility, LEGENDY jdou d\u00e1l: <strong><b>spoj<\/b><\/strong><strong><b>\u00ed <\/b><\/strong><strong><b>sv<\/b><\/strong><strong><b>\u011b<\/b><\/strong><strong><b>t modern<\/b><\/strong><strong><b>\u00ed<\/b><\/strong><strong><b>ch technologi<\/b><\/strong><strong><b>\u00ed<\/b><\/strong><strong><b>, luxusn<\/b><\/strong><strong><b>\u00ed<\/b><\/strong><strong><b>ch automobil<\/b><\/strong><strong><b>\u016f<\/b><\/strong><strong><b>, motorsportu, historie i lifestyle do jedin<\/b><\/strong><strong><b>\u00e9 <\/b><\/strong><strong><b>velkolep<\/b><\/strong><strong><b>\u00e9 <\/b><\/strong><strong><b>show<\/b><\/strong>, kter\u00e1 ka\u017edoro\u010dn\u011b p\u0159il\u00e1k\u00e1 des\u00edtky tis\u00edc n\u00e1v\u0161t\u011bvn\u00edk\u016f v\u0161ech v\u011bkov\u00fdch kategori\u00ed.<\/p>\n<p><strong><b>LEGENDY: M<\/b><\/strong><strong><b>\u00ed<\/b><\/strong><strong><b>sto, kde auta o<\/b><\/strong><strong><b>\u017e\u00ed<\/b><\/strong><strong><b>vaj<\/b><\/strong><strong><b>\u00ed <\/b><\/strong><strong><b>p<\/b><\/strong><strong><b>\u0159\u00ed<\/b><\/strong><strong><b>b<\/b><\/strong><strong><b>\u011b<\/b><\/strong><strong><b>hem<\/b><\/strong><\/p>\n<p><strong><b>Co d<\/b><\/strong><strong><b>\u011b<\/b><\/strong><strong><b>l<\/b><\/strong><strong><b>\u00e1 <\/b><\/strong><strong><b>slavnost LEGENDY tak v<\/b><\/strong><strong><b>\u00fd<\/b><\/strong><strong><b>jime<\/b><\/strong><strong><b>\u010d<\/b><\/strong><strong><b>nou?<\/b><\/strong><br \/>\nJe to kombinace atmosf\u00e9ry, velikosti a kur\u00e1torsk\u00e9ho p\u0159\u00edstupu k programu. Nejde jen o statickou v\u00fdstavu \u2013 je to <strong><b>motoristick<\/b><\/strong><strong><b>\u00fd <\/b><\/strong><strong><b>festival<\/b><\/strong>, kter\u00fd spojuje:<\/p>\n<ul>\n<li><b><\/b><strong><b>Premi<\/b><\/strong><strong><b>\u00e9<\/b><\/strong><strong><b>ry nov<\/b><\/strong><strong><b>\u00fd<\/b><\/strong><strong><b>ch model<\/b><\/strong><strong><b>\u016f<\/b><\/strong>od kl\u00ed\u010dov\u00fdch automobilov\u00fdch zna\u010dek<\/li>\n<li><b><\/b><strong><b>Tematick<\/b><\/strong><strong><b>\u00e9 <\/b><\/strong><strong><b>pavilony<\/b><\/strong>, kter\u00e9 letos p\u0159inesou z\u00e1sadn\u00ed novinky<\/li>\n<li><b><\/b><strong><b>Expozice supersport<\/b><\/strong><strong><b>\u016f <\/b><\/strong><strong><b>a ikonick<\/b><\/strong><strong><b>\u00fd<\/b><\/strong><strong><b>ch zna<\/b><\/strong><strong><b>\u010d<\/b><\/strong><strong><b>ek<\/b><\/strong><\/li>\n<li><b><\/b><strong><b>Historick<\/b><\/strong><strong><b>\u00e9 <\/b><\/strong><strong><b>skvosty, motorsportov<\/b><\/strong><strong><b>\u00e9 <\/b><\/strong><strong><b>legendy a technick<\/b><\/strong><strong><b>\u00e9 <\/b><\/strong><strong><b>kuriozity<\/b><\/strong><\/li>\n<li><b><\/b><strong><b>Prezentace elektromobility a hybridn<\/b><\/strong><strong><b>\u00ed<\/b><\/strong><strong><b>ch technologi<\/b><\/strong><strong><b>\u00ed<\/b><\/strong>v podob\u011b, kter\u00e1 p\u0159itahuje i rodiny<\/li>\n<li><b><\/b><strong><b>Lifestyle z<\/b><\/strong><strong><b>\u00f3<\/b><\/strong><strong><b>nu<\/b><\/strong>, m\u00f3dn\u00ed a hodin\u00e1\u0159sk\u00e9 zna\u010dky, relaxa\u010dn\u00ed program<\/li>\n<li><b><\/b><strong><b>P<\/b><\/strong><strong><b>\u00e1<\/b><\/strong><strong><b>te<\/b><\/strong><strong><b>\u010d<\/b><\/strong><strong><b>n<\/b><\/strong><strong><b>\u00ed <\/b><\/strong><strong><b>VIP den<\/b><\/strong>, kter\u00fd je tradi\u010dn\u00edm m\u00edstem setk\u00e1n\u00ed z\u00e1stupc\u016f automobilek, dealer\u016f, m\u00e9di\u00ed a influencer\u016f<\/li>\n<\/ul>\n<p>Slavnost LEGENDY nen\u00ed klasick\u00e1 v\u00fdstava. Je to <strong><b>emocion<\/b><\/strong><strong><b>\u00e1<\/b><\/strong><strong><b>ln<\/b><\/strong><strong><b>\u00ed <\/b><\/strong><strong><b>z<\/b><\/strong><strong><b>\u00e1\u017e<\/b><\/strong><strong><b>itek, kde se automobilov<\/b><\/strong><strong><b>\u00e1 <\/b><\/strong><strong><b>kultura <\/b><\/strong><strong><b>ukazuje v pln<\/b><\/strong><strong><b>\u00e9 \u0161\u00ed\u0159<\/b><\/strong><strong><b>i <\/b><\/strong><strong><b>\u2013 <\/b><\/strong><strong><b>bez bari<\/b><\/strong><strong><b>\u00e9<\/b><\/strong><strong><b>r, nabl<\/b><\/strong><strong><b>\u00ed<\/b><\/strong><strong><b>zko a v unik<\/b><\/strong><strong><b>\u00e1<\/b><\/strong><strong><b>tn<\/b><\/strong><strong><b>\u00ed <\/b><\/strong><strong><b>atmosf<\/b><\/strong><strong><b>\u00e9\u0159<\/b><\/strong><strong><b>e hole<\/b><\/strong><strong><b>\u0161<\/b><\/strong><strong><b>ovick<\/b><\/strong><strong><b>\u00e9<\/b><\/strong><strong><b>ho parku<\/b><\/strong><strong><b>\u00a0a K<\/b><\/strong><strong><b>\u0159<\/b><\/strong><strong><b>i<\/b><\/strong><strong><b>\u017e\u00ed<\/b><\/strong><strong><b>kov<\/b><\/strong><strong><b>\u00fd<\/b><\/strong><strong><b>ch pavilon<\/b><\/strong><strong><b>\u016f<\/b><\/strong><strong><b>.<\/b><\/strong><\/p>\n<p><img loading=\"lazy\" decoding=\"async\" class=\"alignnone size-medium wp-image-17920\" src=\"http:\/\/www.automakers.cz\/wp-content\/uploads\/2025\/11\/LEGENDY-2025-automobilova-slavnost-foto-Ondrej-Kroutil-Mercedes-G-900x600.jpg\" alt=\"\" width=\"900\" height=\"600\" \/><strong><b>Novinky roku 2026: je<\/b><\/strong><strong><b>\u0161<\/b><\/strong><strong><b>t<\/b><\/strong><strong><b>\u011b <\/b><\/strong><strong><b>v<\/b><\/strong><strong><b>\u011b<\/b><\/strong><strong><b>t<\/b><\/strong><strong><b>\u0161\u00ed<\/b><\/strong><strong><b>, je<\/b><\/strong><strong><b>\u0161<\/b><\/strong><strong><b>t<\/b><\/strong><strong><b>\u011b <\/b><\/strong><strong><b>atraktivn<\/b><\/strong><strong><b>\u011b<\/b><\/strong><strong><b>j<\/b><\/strong><strong><b>\u0161\u00ed<\/b><\/strong><\/p>\n<p>Rok 2026 p\u0159inese n\u011bkolik z\u00e1sadn\u00edch prvk\u016f, kter\u00e9 posunou slavnost na mezin\u00e1rodn\u00ed \u00farove\u0148:<\/p>\n<ul>\n<li><strong><b>Nov<\/b><\/strong><strong><b>\u00e9 <\/b><\/strong><strong><b>tematick<\/b><\/strong><strong><b>\u00e9 <\/b><\/strong><strong><b>pavilony<\/b><\/strong><\/li>\n<\/ul>\n<p>Ikonick\u00e9 zna\u010dky budou p\u0159edstaveny v samostatn\u00fdch pr\u00e9miov\u00fdch pavilonech, ka\u017ed\u00fd s vlastn\u00ed dramaturgi\u00ed, sv\u011bteln\u00fdm designem a v\u00fdb\u011brem voz\u016f, kter\u00e9 b\u011b\u017en\u011b neuvid\u00edte na \u010desk\u00fdch silnic\u00edch.<\/p>\n<ul>\n<li><strong><b>Pavilon Radosti <\/b><\/strong><strong><b>\u2013 <\/b><\/strong><strong><b>popul<\/b><\/strong><strong><b>\u00e1<\/b><\/strong><strong><b>rn<\/b><\/strong><strong><b>\u00ed <\/b><\/strong><strong><b>prezentace podruh<\/b><\/strong><strong><b>\u00e9 <\/b><\/strong><strong><b>na LEGEND<\/b><\/strong><strong><b>\u00c1<\/b><\/strong><strong><b>CH<\/b><\/strong><\/li>\n<\/ul>\n<p>Lifestyle &amp; z\u00e1bavn\u00ed prostor propoj\u00ed sv\u011bt aut s hodin\u00e1\u0159stv\u00edm, m\u00f3dou, chut\u011bmi a inspirac\u00ed \u2013 v\u010detn\u011b p\u0159edn\u00e1\u0161ek a setk\u00e1n\u00ed s osobnostmi.<\/p>\n<p>Potvrzen\u00e9 expozice zna\u010dek Audi, ABT, Honda a dal\u0161\u00ed se p\u0159ipravuj\u00ed.<\/p>\n<ul>\n<li><strong><b>Roz<\/b><\/strong><strong><b>\u0161\u00ed\u0159<\/b><\/strong><strong><b>en<\/b><\/strong><strong><b>\u00e1 <\/b><\/strong><strong><b>rodinn<\/b><\/strong><strong><b>\u00e1 <\/b><\/strong><strong><b>z<\/b><\/strong><strong><b>\u00f3<\/b><\/strong><strong><b>na<\/b><\/strong><\/li>\n<\/ul>\n<p>D\u011btsk\u00e9 z\u00e1vodn\u00ed okruhy, simul\u00e1tory, program pro rodi\u010de i d\u011bti. LEGENDY 2026 maj\u00ed ambici b\u00fdt <strong><b>nejp<\/b><\/strong><strong><b>\u0159\u00ed<\/b><\/strong><strong><b>v<\/b><\/strong><strong><b>\u011b<\/b><\/strong><strong><b>tiv<\/b><\/strong><strong><b>\u011b<\/b><\/strong><strong><b>j<\/b><\/strong><strong><b>\u0161\u00ed <\/b><\/strong><strong><b>v<\/b><\/strong><strong><b>\u00ed<\/b><\/strong><strong><b>kendovou akc<\/b><\/strong><strong><b>\u00ed<\/b><\/strong>\u00a0pro rodiny v Praze.<\/p>\n<ul>\n<li><strong><b>V<\/b><\/strong><strong><b>\u00fd<\/b><\/strong><strong><b>razn<\/b><\/strong><strong><b>\u00e9 <\/b><\/strong><strong><b>pos<\/b><\/strong><strong><b>\u00ed<\/b><\/strong><strong><b>len<\/b><\/strong><strong><b>\u00ed <\/b><\/strong><strong><b>expozic nov<\/b><\/strong><strong><b>\u00fd<\/b><\/strong><strong><b>ch automobil<\/b><\/strong><strong><b>\u016f<\/b><\/strong><\/li>\n<\/ul>\n<p>Po \u00fasp\u011bchu leto\u0161n\u00edho roku se o\u010dek\u00e1v\u00e1 je\u0161t\u011b <strong><b>siln<\/b><\/strong><strong><b>\u011b<\/b><\/strong><strong><b>j<\/b><\/strong><strong><b>\u0161\u00ed \u00fa\u010d<\/b><\/strong><strong><b>ast v<\/b><\/strong><strong><b>\u00fd<\/b><\/strong><strong><b>robc<\/b><\/strong><strong><b>\u016f<\/b><\/strong><strong><b>, dealer<\/b><\/strong><strong><b>\u016f <\/b><\/strong><strong><b>a import<\/b><\/strong><strong><b>\u00e9<\/b><\/strong><strong><b>r<\/b><\/strong><strong><b>\u016f<\/b><\/strong>\u00a0\u2013 ide\u00e1ln\u00ed p\u0159\u00edle\u017eitost oslovit z\u00e1kazn\u00edky hned p\u0159ed letn\u00ed sez\u00f3nou.<\/p>\n<figure id=\"attachment_13026\" aria-describedby=\"caption-attachment-13026\" style=\"width: 900px\" class=\"wp-caption alignnone\"><img loading=\"lazy\" decoding=\"async\" class=\"size-medium wp-image-13026\" src=\"http:\/\/www.automakers.cz\/wp-content\/uploads\/2025\/05\/Pavilon-PRIM-Grand-Prix-Legendy-2024-900x599.jpg\" alt=\"\" width=\"900\" height=\"599\" srcset=\"https:\/\/www.automakers.cz\/wp-content\/uploads\/2025\/05\/Pavilon-PRIM-Grand-Prix-Legendy-2024-900x599.jpg 900w, https:\/\/www.automakers.cz\/wp-content\/uploads\/2025\/05\/Pavilon-PRIM-Grand-Prix-Legendy-2024-1024x681.jpg 1024w, https:\/\/www.automakers.cz\/wp-content\/uploads\/2025\/05\/Pavilon-PRIM-Grand-Prix-Legendy-2024-768x511.jpg 768w, https:\/\/www.automakers.cz\/wp-content\/uploads\/2025\/05\/Pavilon-PRIM-Grand-Prix-Legendy-2024-1536x1021.jpg 1536w, https:\/\/www.automakers.cz\/wp-content\/uploads\/2025\/05\/Pavilon-PRIM-Grand-Prix-Legendy-2024.jpg 1800w\" sizes=\"auto, (max-width: 900px) 100vw, 900px\" \/><figcaption id=\"caption-attachment-13026\" class=\"wp-caption-text\">Pavilon PRIM Grand Prix, Legendy 2024<\/figcaption><\/figure>\n<p><strong><b>Pro<\/b><\/strong><strong><b>\u010d <\/b><\/strong><strong><b>by automobilov<\/b><\/strong><strong><b>\u00e9 <\/b><\/strong><strong><b>zna<\/b><\/strong><strong><b>\u010d<\/b><\/strong><strong><b>ky a m<\/b><\/strong><strong><b>\u00e9<\/b><\/strong><strong><b>dia m<\/b><\/strong><strong><b>\u011b<\/b><\/strong><strong><b>ly b<\/b><\/strong><strong><b>\u00fd<\/b><\/strong><strong><b>t u toho?<\/b><\/strong><\/p>\n<ul>\n<li><b><\/b><strong><b>Des<\/b><\/strong><strong><b>\u00ed<\/b><\/strong><strong><b>tky tis<\/b><\/strong><strong><b>\u00ed<\/b><\/strong><strong><b>c n<\/b><\/strong><strong><b>\u00e1<\/b><\/strong><strong><b>v<\/b><\/strong><strong><b>\u0161<\/b><\/strong><strong><b>t<\/b><\/strong><strong><b>\u011b<\/b><\/strong><strong><b>vn<\/b><\/strong><strong><b>\u00ed<\/b><\/strong><strong><b>k<\/b><\/strong><strong><b>\u016f <\/b><\/strong><strong><b>b<\/b><\/strong><strong><b>\u011b<\/b><\/strong><strong><b>hem jednoho v<\/b><\/strong><strong><b>\u00ed<\/b><\/strong><strong><b>kendu<\/b><\/strong><\/li>\n<li><b><\/b><strong><b>Unik<\/b><\/strong><strong><b>\u00e1<\/b><\/strong><strong><b>tn<\/b><\/strong><strong><b>\u00ed <\/b><\/strong><strong><b>mo<\/b><\/strong><strong><b>\u017e<\/b><\/strong><strong><b>nost prezentovat vozy ve sc<\/b><\/strong><strong><b>\u00e9<\/b><\/strong><strong><b>nick<\/b><\/strong><strong><b>\u00e9<\/b><\/strong><strong><b>m prost<\/b><\/strong><strong><b>\u0159<\/b><\/strong><strong><b>ed<\/b><\/strong><strong><b>\u00ed<\/b><\/strong>, kter\u00e9 zvy\u0161uje atraktivitu i z\u00e1jem n\u00e1v\u0161t\u011bvn\u00edk\u016f<\/li>\n<li><b><\/b><strong><b>Ide<\/b><\/strong><strong><b>\u00e1<\/b><\/strong><strong><b>ln<\/b><\/strong><strong><b>\u00ed <\/b><\/strong><strong><b>timing po E-Salonu<\/b><\/strong>, kdy automobilky hledaj\u00ed dal\u0161\u00ed velk\u00fd z\u00e1sah<\/li>\n<li><b><\/b><strong><b>Siln<\/b><\/strong><strong><b>\u00e1 <\/b><\/strong><strong><b>medi<\/b><\/strong><strong><b>\u00e1<\/b><\/strong><strong><b>ln<\/b><\/strong><strong><b>\u00ed <\/b><\/strong><strong><b>stopa<\/b><\/strong>, spolupr\u00e1ce s influencery, lifestyle magaz\u00edny a motoristick\u00fdmi redakcemi<\/li>\n<li><b><\/b><strong><b>VIP &amp; B2B prostory<\/b><\/strong>, kter\u00e9 vytv\u00e1\u0159ej\u00ed perfektn\u00ed m\u00edsto k networkingu a domlouv\u00e1n\u00ed nov\u00fdch spoluprac\u00ed<\/li>\n<\/ul>\n<p><img loading=\"lazy\" decoding=\"async\" class=\"alignnone size-medium wp-image-17921\" src=\"http:\/\/www.automakers.cz\/wp-content\/uploads\/2025\/11\/Legendy-2025-ilustracka-900x600.jpg\" alt=\"\" width=\"900\" height=\"600\" \/><strong><b>LEGENDY 2026: Ud<\/b><\/strong><strong><b>\u00e1<\/b><\/strong><strong><b>lost, kter<\/b><\/strong><strong><b>\u00e1 <\/b><\/strong><strong><b>spojuje celou motoristickou komunitu<\/b><\/strong><\/p>\n<p>Po technologicky orientovan\u00e9m E-Salonu p\u0159ich\u00e1z\u00ed akce, kter\u00e1 automobilov\u00fd sv\u011bt ukazuje v cel\u00e9 jeho kr\u00e1se \u2013 od nostalgie po futurismus. LEGENDY nejsou jen ud\u00e1lost\u00ed, jsou <strong><b>kulturou<\/b><\/strong>, <strong><b>festivalem emoc<\/b><\/strong><strong><b>\u00ed<\/b><\/strong>, a pro mnoho n\u00e1v\u0161t\u011bvn\u00edk\u016f tak\u00e9 ka\u017edoro\u010dn\u00ed tradic\u00ed.<\/p>\n<figure id=\"attachment_14145\" aria-describedby=\"caption-attachment-14145\" style=\"width: 900px\" class=\"wp-caption alignnone\"><img loading=\"lazy\" decoding=\"async\" class=\"size-medium wp-image-14145\" src=\"http:\/\/www.automakers.cz\/wp-content\/uploads\/2025\/06\/Legendy-Kos-palec-900x600.jpg\" alt=\"\" width=\"900\" height=\"600\" \/><figcaption id=\"caption-attachment-14145\" class=\"wp-caption-text\"><strong>Po\u0159adatel slavnosti Lubor Kos se u\u017e se chyst\u00e1 na dal\u0161\u00ed ro\u010dn\u00edk<\/strong><\/figcaption><\/figure>\n<p><strong><b>29.<\/b><\/strong><strong><b>\u2013<\/b><\/strong><strong><b>31. kv<\/b><\/strong><strong><b>\u011b<\/b><\/strong><strong><b>tna 2026<\/b><\/strong>\u00a0se Praha op\u011bt stane hlavn\u00edm m\u011bstem automobilov\u00e9 v\u00e1\u0161n\u011b.<br \/>\nA vy u toho nesm\u00edte chyb\u011bt.<\/p>\n","protected":false},"excerpt":{"rendered":"<p>Po skon\u010den\u00ed leto\u0161n\u00edho E-Salonu \u2013 nejv\u011bt\u0161\u00ed dom\u00e1c\u00ed p\u0159ehl\u00eddky elektromobility \u2013 se pozornost \u010desk\u00e9 automobilov\u00e9 sc\u00e9ny&#8230;<\/p>\n","protected":false},"author":1,"featured_media":17919,"comment_status":"closed","ping_status":"closed","sticky":false,"template":"","format":"standard","meta":{"footnotes":""},"categories":[26,103,8],"tags":[],"class_list":["post-17917","post","type-post","status-publish","format-standard","has-post-thumbnail","hentry","category-eventy","category-kalendar","category-vystavy"],"_links":{"self":[{"href":"https:\/\/www.automakers.cz\/index.php?rest_route=\/wp\/v2\/posts\/17917","targetHints":{"allow":["GET"]}}],"collection":[{"href":"https:\/\/www.automakers.cz\/index.php?rest_route=\/wp\/v2\/posts"}],"about":[{"href":"https:\/\/www.automakers.cz\/index.php?rest_route=\/wp\/v2\/types\/post"}],"author":[{"embeddable":true,"href":"https:\/\/www.automakers.cz\/index.php?rest_route=\/wp\/v2\/users\/1"}],"replies":[{"embeddable":true,"href":"https:\/\/www.automakers.cz\/index.php?rest_route=%2Fwp%2Fv2%2Fcomments&post=17917"}],"version-history":[{"count":6,"href":"https:\/\/www.automakers.cz\/index.php?rest_route=\/wp\/v2\/posts\/17917\/revisions"}],"predecessor-version":[{"id":17926,"href":"https:\/\/www.automakers.cz\/index.php?rest_route=\/wp\/v2\/posts\/17917\/revisions\/17926"}],"wp:featuredmedia":[{"embeddable":true,"href":"https:\/\/www.automakers.cz\/index.php?rest_route=\/wp\/v2\/media\/17919"}],"wp:attachment":[{"href":"https:\/\/www.automakers.cz\/index.php?rest_route=%2Fwp%2Fv2%2Fmedia&parent=17917"}],"wp:term":[{"taxonomy":"category","embeddable":true,"href":"https:\/\/www.automakers.cz\/index.php?rest_route=%2Fwp%2Fv2%2Fcategories&post=17917"},{"taxonomy":"post_tag","embeddable":true,"href":"https:\/\/www.automakers.cz\/index.php?rest_route=%2Fwp%2Fv2%2Ftags&post=17917"}],"curies":[{"name":"wp","href":"https:\/\/api.w.org\/{rel}","templated":true}]}}