{"id":1794,"date":"2024-01-30T10:04:24","date_gmt":"2024-01-30T10:04:24","guid":{"rendered":"https:\/\/www.automakers.cz\/?p=1794"},"modified":"2024-01-30T11:17:45","modified_gmt":"2024-01-30T11:17:45","slug":"anketa-pr-roku-2023-nominovano-24-manazeru","status":"publish","type":"post","link":"https:\/\/www.automakers.cz\/?p=1794","title":{"rendered":"Anketa PR roku 2023: nominov\u00e1no 24 mana\u017eer\u016f"},"content":{"rendered":"<p><strong>\u010casopis Automakers letos op\u011bt organizuje, ve spolupr\u00e1ci s KMN, anketu o nejlep\u0161\u00ed medi\u00e1ln\u00ed servis v r\u00e1mci SDA v roce 2023. Sout\u011b\u017e je vedlej\u0161\u00ed kategori\u00ed ankety Auto roku v \u010cR. Posledn\u00ed hlasy byly odevzd\u00e1ny 25. ledna, zn\u00e1me jm\u00e9na nominovan\u00fdch mana\u017eer\u016f, s\u010d\u00edt\u00e1n\u00ed za\u010dne 31. ledna.<br \/>\n<\/strong><span id=\"more-147229\"><\/span><span id=\"more-7322\"><\/span><span id=\"more-39493\"><\/span><span id=\"more-46318\"><\/span><!--more--><\/p>\n<p>Klub motoristick\u00fdch novin\u00e1\u0159\u016f vyhl\u00e1sil loni v prosinci anketu v novodob\u00e9 historii u\u017e poosm\u00e9.<\/p>\n<p>Jejich \u010dlenov\u00e9 mohli d\u00e1vat sv\u00e9 hlasy v\u0161em ofici\u00e1ln\u00edm mluv\u010d\u00edm spole\u010dnost\u00ed sdru\u017een\u00fdch v SDA, kte\u0159\u00ed poskytovali PR servis v pr\u016fb\u011bhu roku 2023. Celkem letos hlasovalo 29 novin\u00e1\u0159\u016f.<\/p>\n<p><strong>Vyhl\u00e1\u0161en\u00ed v\u00edt\u011bze: 6. \u00fanora v Kongresov\u00e9m centru<br \/>\n<\/strong><\/p>\n<p>Vyhl\u00e1\u0161en\u00ed mana\u017eer\u016f, kte\u0159\u00ed loni poskytovali nejdostupn\u011bj\u0161\u00ed informa\u010dn\u00ed servis pro jejich redakce, chystaj\u00ed organiz\u00e1to\u0159i na 6. \u00fanora v r\u00e1mci fin\u00e1le ankety Auto roku 2024 v \u010cR.<\/p>\n<p><strong>Leto\u0161n\u00ed nominace do hlavn\u00ed sout\u011b\u017ee ankety dle abecedy:<\/strong><\/p>\n<p><strong>Dominika Baborsk\u00e1, Suzuki<\/strong><\/p>\n<p><strong>Martina Bedrnov\u00e1, DS<\/strong><\/p>\n<p><strong>Petr Burian, Ford<\/strong><\/p>\n<p><strong>David Haidinger, BMW, Mini<\/strong><\/p>\n<p><strong>Martin Hejral, Opel<\/strong><\/p>\n<p><strong>Petra Klosov\u00e1, Porsche<\/strong><\/p>\n<p><strong>Tom\u00e1\u0161 Kotera, \u0160koda<\/strong><\/p>\n<p><strong>Mark\u00e9ta Kuklov\u00e1, Mazda<\/strong><\/p>\n<p><strong>Jitka Jechov\u00e1, Toyota<\/strong><\/p>\n<p><strong>Sylva Marounkov\u00e1, FIAT, Jeep, Alfa<\/strong><\/p>\n<p><strong>Lenka Martinov\u00e1, Citro\u00ebn<\/strong><\/p>\n<p><strong>Radka Matthey, Peugeot<\/strong><\/p>\n<p><strong>David Pavl\u00ed\u010dek, Hyundai<\/strong><\/p>\n<p><strong>Ji\u0159\u00ed Rozko\u0161n\u00fd, Audi<\/strong><\/p>\n<p><strong>Jitka Skali\u010dkov\u00e1, Renault, Dacia<\/strong><\/p>\n<p><strong>Linda Truhl\u00e1\u0159ov\u00e1, Citro\u00ebn<\/strong><\/p>\n<p><strong>Josef Hl\u00e1vka, Mercedes<\/strong><\/p>\n<p><strong>Filip Stoulil, SEAT, CUPRA<br \/>\n<\/strong><\/p>\n<p><strong>Frank Tiemann, Rolls Royce<\/strong><\/p>\n<p><strong>David Valenta, VW<\/strong><\/p>\n<p><strong>Kate\u0159ina Va\u0148kov\u00e1 Jougl\u00ed\u010dkov\u00e1, Kia<\/strong><\/p>\n<p><strong>Lenka Va\u0148kov\u00e1, VW U\u017eitkov\u00e9<\/strong><\/p>\n<p><strong>Marek Vodi\u010dka, MG<\/strong><\/p>\n<p><strong>Zden\u011bk Zikmund, Subaru<\/strong><\/p>\n<figure id=\"attachment_13853\" class=\"wp-caption alignnone\" aria-describedby=\"caption-attachment-13853\"><img loading=\"lazy\" decoding=\"async\" class=\"size-large wp-image-13853\" src=\"http:\/\/www.automakersnews.cz\/wp-content\/uploads\/2023\/01\/Auto-roku-2023-Certousy-porota-1024x768.jpg\" alt=\"\" width=\"1024\" height=\"768\" \/><figcaption id=\"caption-attachment-13853\" class=\"wp-caption-text\">Do 5. \u00fanora bude jasn\u00e9, kdo z PR mana\u017eer\u016f se letos prokou\u0161e do fin\u00e1le ankety<\/figcaption><\/figure>\n<p><strong>\u00a0<\/strong><\/p>\n","protected":false},"excerpt":{"rendered":"<p>\u010casopis Automakers letos op\u011bt organizuje, ve spolupr\u00e1ci s KMN, anketu o nejlep\u0161\u00ed medi\u00e1ln\u00ed servis v&#8230;<\/p>\n","protected":false},"author":1,"featured_media":1796,"comment_status":"open","ping_status":"open","sticky":false,"template":"","format":"standard","meta":{"footnotes":""},"categories":[32,21],"tags":[],"class_list":["post-1794","post","type-post","status-publish","format-standard","has-post-thumbnail","hentry","category-ankety","category-pr"],"_links":{"self":[{"href":"https:\/\/www.automakers.cz\/index.php?rest_route=\/wp\/v2\/posts\/1794","targetHints":{"allow":["GET"]}}],"collection":[{"href":"https:\/\/www.automakers.cz\/index.php?rest_route=\/wp\/v2\/posts"}],"about":[{"href":"https:\/\/www.automakers.cz\/index.php?rest_route=\/wp\/v2\/types\/post"}],"author":[{"embeddable":true,"href":"https:\/\/www.automakers.cz\/index.php?rest_route=\/wp\/v2\/users\/1"}],"replies":[{"embeddable":true,"href":"https:\/\/www.automakers.cz\/index.php?rest_route=%2Fwp%2Fv2%2Fcomments&post=1794"}],"version-history":[{"count":11,"href":"https:\/\/www.automakers.cz\/index.php?rest_route=\/wp\/v2\/posts\/1794\/revisions"}],"predecessor-version":[{"id":1810,"href":"https:\/\/www.automakers.cz\/index.php?rest_route=\/wp\/v2\/posts\/1794\/revisions\/1810"}],"wp:featuredmedia":[{"embeddable":true,"href":"https:\/\/www.automakers.cz\/index.php?rest_route=\/wp\/v2\/media\/1796"}],"wp:attachment":[{"href":"https:\/\/www.automakers.cz\/index.php?rest_route=%2Fwp%2Fv2%2Fmedia&parent=1794"}],"wp:term":[{"taxonomy":"category","embeddable":true,"href":"https:\/\/www.automakers.cz\/index.php?rest_route=%2Fwp%2Fv2%2Fcategories&post=1794"},{"taxonomy":"post_tag","embeddable":true,"href":"https:\/\/www.automakers.cz\/index.php?rest_route=%2Fwp%2Fv2%2Ftags&post=1794"}],"curies":[{"name":"wp","href":"https:\/\/api.w.org\/{rel}","templated":true}]}}