{"id":17983,"date":"2025-11-24T08:05:09","date_gmt":"2025-11-24T08:05:09","guid":{"rendered":"https:\/\/www.automakers.cz\/?p=17983"},"modified":"2025-11-24T08:05:09","modified_gmt":"2025-11-24T08:05:09","slug":"kmn-zve-na-jizdy-a-valnou-hromadu","status":"publish","type":"post","link":"https:\/\/www.automakers.cz\/?p=17983","title":{"rendered":"KMN zve na j\u00edzdy a valnou hromadu"},"content":{"rendered":"<p><strong>Klub motoristick\u00fdch novin\u00e1\u0159\u016f chyst\u00e1 tradi\u010dn\u00ed testovac\u00ed j\u00edzdy s automobily nominovan\u00fdmi do ankety Auto roku v \u010cR. Setk\u00e1n\u00ed prob\u011bhne ve \u010dtvrtek 27. listopadu 2025 v hotelu \u010certousy, n\u00e1sledovat bude valn\u00e1 hromada KMN.<\/strong><!--more--><\/p>\n<p>&#8222;Novin\u00e1\u0159i maj\u00ed mimo\u0159\u00e1dnou mo\u017enost vyzkou\u0161et si nejnov\u011bj\u0161\u00ed modely den po testovac\u00edch j\u00edzd\u00e1ch \u010dlen\u016f odborn\u00e9 poroty.\u00a0 Lokace valn\u00e9 hromady: 27. listopadu 2025, hotel \u010certousy \u00a0(B\u00e1rtlova 35\/10, Horn\u00ed Po\u010dernice)<\/p>\n<p>Zhodnocena bude \u010dinnost za rok 2025. Up\u0159esn\u011bna bude celkov\u00e1 \u00fa\u010detn\u00ed bilance klubu.\u00a0Prob\u011bhne p\u0159ijet\u00ed nov\u00fdch \u010dlen\u016f a vy\u0159azen\u00ed n\u011bkter\u00fdch neplati\u010d\u016f.<\/p>\n<p><img loading=\"lazy\" decoding=\"async\" class=\"alignnone size-medium wp-image-670\" src=\"http:\/\/www.klubmn.cz\/wp-content\/uploads\/2024\/12\/KMN-vybor-Busta-300x169.jpg\" sizes=\"auto, (max-width: 300px) 100vw, 300px\" srcset=\"https:\/\/www.klubmn.cz\/wp-content\/uploads\/2024\/12\/KMN-vybor-Busta-300x169.jpg 300w, https:\/\/www.klubmn.cz\/wp-content\/uploads\/2024\/12\/KMN-vybor-Busta-1024x576.jpg 1024w, https:\/\/www.klubmn.cz\/wp-content\/uploads\/2024\/12\/KMN-vybor-Busta-768x432.jpg 768w, https:\/\/www.klubmn.cz\/wp-content\/uploads\/2024\/12\/KMN-vybor-Busta-1536x864.jpg 1536w, https:\/\/www.klubmn.cz\/wp-content\/uploads\/2024\/12\/KMN-vybor-Busta-1280x720.jpg 1280w, https:\/\/www.klubmn.cz\/wp-content\/uploads\/2024\/12\/KMN-vybor-Busta.jpg 2040w\" alt=\"\" width=\"300\" height=\"169\" \/><\/p>\n<p>Leto\u0161n\u00ed valn\u00e1 hromada je nevolebn\u00ed, sou\u010dasn\u00fdmi \u010dleny v\u00fdboru jsou novin\u00e1\u0159i Busta, Handl, Srpov\u00e1, Tom\u00ed\u0161ek a Pol\u00e1\u010dek.<\/p>\n<p><b>Prob\u011bhne vyb\u00edr\u00e1n\u00ed \u010dlensk\u00fdch p\u0159\u00edsp\u011bvk\u016f za leto\u0161n\u00ed rok, p\u0159\u00edsp\u011bvky je mo\u017en\u00e9 uhradit i bezhotovostn\u011b na \u00fa\u010det KMN.<\/b><\/p>\n<p><strong>Zapsal: E. Handl<\/strong><\/p>\n<p><img loading=\"lazy\" decoding=\"async\" class=\"alignnone size-medium wp-image-671\" src=\"http:\/\/www.klubmn.cz\/wp-content\/uploads\/2024\/12\/KMN-VH-Handl-Busta-Srpova-Tomisek-300x169.jpg\" sizes=\"auto, (max-width: 300px) 100vw, 300px\" srcset=\"https:\/\/www.klubmn.cz\/wp-content\/uploads\/2024\/12\/KMN-VH-Handl-Busta-Srpova-Tomisek-300x169.jpg 300w, https:\/\/www.klubmn.cz\/wp-content\/uploads\/2024\/12\/KMN-VH-Handl-Busta-Srpova-Tomisek-1024x576.jpg 1024w, https:\/\/www.klubmn.cz\/wp-content\/uploads\/2024\/12\/KMN-VH-Handl-Busta-Srpova-Tomisek-768x432.jpg 768w, https:\/\/www.klubmn.cz\/wp-content\/uploads\/2024\/12\/KMN-VH-Handl-Busta-Srpova-Tomisek-1536x864.jpg 1536w, https:\/\/www.klubmn.cz\/wp-content\/uploads\/2024\/12\/KMN-VH-Handl-Busta-Srpova-Tomisek-1280x720.jpg 1280w, https:\/\/www.klubmn.cz\/wp-content\/uploads\/2024\/12\/KMN-VH-Handl-Busta-Srpova-Tomisek.jpg 2040w\" alt=\"\" width=\"300\" height=\"169\" \/><\/p>\n<div class=\"heateor_sss_sharing_container heateor_sss_vertical_sharing heateor_sss_bottom_sharing\" data-heateor-sss-href=\"https:\/\/www.klubmn.cz\/?p=667\">\n<div class=\"heateor_sss_sharing_ul\"><\/div>\n<\/div>\n<div class=\"heateor_sss_sharing_container heateor_sss_vertical_sharing heateor_sss_bottom_sharing\" data-heateor-sss-href=\"https:\/\/www.klubmn.cz\/?p=667\">\n<div class=\"heateorSssClear\"><\/div>\n<div class=\"heateorSssSharingArrow heateorSssPullOut\" title=\"Hide\"><\/div>\n<\/div>\n<div class=\"post-share\">\n<div class=\"post-share-icons cf\"><\/div>\n<\/div>\n","protected":false},"excerpt":{"rendered":"<p>Klub motoristick\u00fdch novin\u00e1\u0159\u016f chyst\u00e1 tradi\u010dn\u00ed testovac\u00ed j\u00edzdy s automobily nominovan\u00fdmi do ankety Auto roku v&#8230;<\/p>\n","protected":false},"author":1,"featured_media":845,"comment_status":"closed","ping_status":"closed","sticky":false,"template":"","format":"standard","meta":{"footnotes":""},"categories":[27,28],"tags":[],"class_list":["post-17983","post","type-post","status-publish","format-standard","has-post-thumbnail","hentry","category-novinari","category-testy"],"_links":{"self":[{"href":"https:\/\/www.automakers.cz\/index.php?rest_route=\/wp\/v2\/posts\/17983","targetHints":{"allow":["GET"]}}],"collection":[{"href":"https:\/\/www.automakers.cz\/index.php?rest_route=\/wp\/v2\/posts"}],"about":[{"href":"https:\/\/www.automakers.cz\/index.php?rest_route=\/wp\/v2\/types\/post"}],"author":[{"embeddable":true,"href":"https:\/\/www.automakers.cz\/index.php?rest_route=\/wp\/v2\/users\/1"}],"replies":[{"embeddable":true,"href":"https:\/\/www.automakers.cz\/index.php?rest_route=%2Fwp%2Fv2%2Fcomments&post=17983"}],"version-history":[{"count":3,"href":"https:\/\/www.automakers.cz\/index.php?rest_route=\/wp\/v2\/posts\/17983\/revisions"}],"predecessor-version":[{"id":18017,"href":"https:\/\/www.automakers.cz\/index.php?rest_route=\/wp\/v2\/posts\/17983\/revisions\/18017"}],"wp:featuredmedia":[{"embeddable":true,"href":"https:\/\/www.automakers.cz\/index.php?rest_route=\/wp\/v2\/media\/845"}],"wp:attachment":[{"href":"https:\/\/www.automakers.cz\/index.php?rest_route=%2Fwp%2Fv2%2Fmedia&parent=17983"}],"wp:term":[{"taxonomy":"category","embeddable":true,"href":"https:\/\/www.automakers.cz\/index.php?rest_route=%2Fwp%2Fv2%2Fcategories&post=17983"},{"taxonomy":"post_tag","embeddable":true,"href":"https:\/\/www.automakers.cz\/index.php?rest_route=%2Fwp%2Fv2%2Ftags&post=17983"}],"curies":[{"name":"wp","href":"https:\/\/api.w.org\/{rel}","templated":true}]}}