{"id":18,"date":"2023-11-05T16:53:26","date_gmt":"2023-11-05T16:53:26","guid":{"rendered":"https:\/\/www.automakers.cz\/?p=18"},"modified":"2023-11-05T16:53:26","modified_gmt":"2023-11-05T16:53:26","slug":"gigafactory-vw-v-linich-nebude","status":"publish","type":"post","link":"https:\/\/www.automakers.cz\/?p=18","title":{"rendered":"Gigafactory VW v L\u00edn\u00edch nebude"},"content":{"rendered":"<p class=\"big\"><strong>\u010cesk\u00e1 vl\u00e1da projedn\u00e1vala na st\u0159ede\u010dn\u00edm zased\u00e1n\u00ed podporu uva\u017eovan\u00e9 gigafactory na baterie koncernu Volkswagen. Do tohoto jedn\u00e1n\u00ed p\u0159i\u0161la p\u0159ekvapiv\u00e1 informace, \u017ee n\u011bmeck\u00e1 automobilka pl\u00e1ny na stavbu tov\u00e1rny prozat\u00edm ru\u0161\u00ed.<\/strong><span id=\"more-108059\"><\/span><!--more--><\/p>\n<p class=\"big\">\u010cesko nab\u00edzelo Volkswagenu jako lokalitu pro vybudov\u00e1n\u00ed z\u00e1vodu leti\u0161t\u011b v L\u00edn\u00edch u Plzn\u011b. Ve h\u0159e bylo tak\u00e9 Polsko a Ma\u010farsko.<\/p>\n<p class=\"big\">Minist\u0159i dnes o\u010dek\u00e1vali, \u017ee je bude na zased\u00e1n\u00ed premi\u00e9r Petr Fiala (ODS) a ministr pr\u016fmyslu a obchodu Jozef S\u00edkela (STAN) informovat o v\u00fdsledc\u00edch sv\u00e9ho pond\u011bln\u00edho jedn\u00e1n\u00ed s \u0159editelem Volkswagenu Oliverem Blumem.<\/p>\n<div class=\"box-offer-mob-perex\">\n<div id=\"mobFullPerexBan\">\u201ePokud \u010cesk\u00e1 republika chce b\u00fdt konkurenceschopn\u00e1 do budoucna, m\u00e1me m\u00edt z\u00e1jem o to, aby d\u016fle\u017eit\u00e9 \u010d\u00e1sti v\u00fdroby nebo i v\u00fdvojov\u00e1 centra byla v \u010cesk\u00e9 republice,\u201c \u0159ekl vicepremi\u00e9r a ministr pro m\u00edstn\u00ed rozvoj Ivan Barto\u0161 (Pir\u00e1ti).<\/div>\n<\/div>\n<div><\/div>\n<div><strong>P\u0159ekvapiv\u00e1 zpr\u00e1va z Volkswagenu<\/strong><\/div>\n<p>\u201eZ koncernu Volkswagen p\u0159i\u0161la ale kolem poledne zpr\u00e1va, \u017ee firma se pl\u00e1ny na v\u00fdrobu bateri\u00ed ve\u00a0 st\u0159edn\u00ed Evrop\u011b ru\u0161\u00ed z d\u016fvodu nejasn\u00e9 situace na trhu elektromobil\u016f a nutnosti vy\u010dkat na v\u00fdvoj st\u00e1tn\u00edch pob\u00eddek,\u201c uvedla \u010cT 24.<\/p>\n<p>Volkswagen vyb\u00edral mezi Polskem, Ma\u010farskem a L\u00edn\u011bmi, kde by tov\u00e1rna zam\u011bstnala do 4000 lid\u00ed. Jej\u00ed stavbu odm\u00edtaly m\u00edstn\u00ed aerokluby a piloti vyu\u017e\u00edvaj\u00edc\u00ed z\u00e1lo\u017en\u00ed arm\u00e1dn\u00ed plochu, v n\u011bkter\u00fdch okoln\u00edch obc\u00edch se podepisovaly petice proti stavb\u011b.<\/p>\n","protected":false},"excerpt":{"rendered":"<p>\u010cesk\u00e1 vl\u00e1da projedn\u00e1vala na st\u0159ede\u010dn\u00edm zased\u00e1n\u00ed podporu uva\u017eovan\u00e9 gigafactory na baterie koncernu Volkswagen. Do tohoto&#8230;<\/p>\n","protected":false},"author":1,"featured_media":19,"comment_status":"open","ping_status":"open","sticky":false,"template":"","format":"standard","meta":{"footnotes":""},"categories":[3],"tags":[],"class_list":["post-18","post","type-post","status-publish","format-standard","has-post-thumbnail","hentry","category-investice"],"_links":{"self":[{"href":"https:\/\/www.automakers.cz\/index.php?rest_route=\/wp\/v2\/posts\/18","targetHints":{"allow":["GET"]}}],"collection":[{"href":"https:\/\/www.automakers.cz\/index.php?rest_route=\/wp\/v2\/posts"}],"about":[{"href":"https:\/\/www.automakers.cz\/index.php?rest_route=\/wp\/v2\/types\/post"}],"author":[{"embeddable":true,"href":"https:\/\/www.automakers.cz\/index.php?rest_route=\/wp\/v2\/users\/1"}],"replies":[{"embeddable":true,"href":"https:\/\/www.automakers.cz\/index.php?rest_route=%2Fwp%2Fv2%2Fcomments&post=18"}],"version-history":[{"count":1,"href":"https:\/\/www.automakers.cz\/index.php?rest_route=\/wp\/v2\/posts\/18\/revisions"}],"predecessor-version":[{"id":20,"href":"https:\/\/www.automakers.cz\/index.php?rest_route=\/wp\/v2\/posts\/18\/revisions\/20"}],"wp:featuredmedia":[{"embeddable":true,"href":"https:\/\/www.automakers.cz\/index.php?rest_route=\/wp\/v2\/media\/19"}],"wp:attachment":[{"href":"https:\/\/www.automakers.cz\/index.php?rest_route=%2Fwp%2Fv2%2Fmedia&parent=18"}],"wp:term":[{"taxonomy":"category","embeddable":true,"href":"https:\/\/www.automakers.cz\/index.php?rest_route=%2Fwp%2Fv2%2Fcategories&post=18"},{"taxonomy":"post_tag","embeddable":true,"href":"https:\/\/www.automakers.cz\/index.php?rest_route=%2Fwp%2Fv2%2Ftags&post=18"}],"curies":[{"name":"wp","href":"https:\/\/api.w.org\/{rel}","templated":true}]}}