{"id":18078,"date":"2025-11-25T14:16:58","date_gmt":"2025-11-25T14:16:58","guid":{"rendered":"https:\/\/www.automakers.cz\/?p=18078"},"modified":"2025-12-07T17:23:13","modified_gmt":"2025-12-07T17:23:13","slug":"mitsubishi-nasazuje-velke-suv-grandis","status":"publish","type":"post","link":"https:\/\/www.automakers.cz\/?p=18078","title":{"rendered":"Mitsubishi nasazuje velk\u00e9 SUV Grandis"},"content":{"rendered":"<p><strong>Zna\u010dka Mitsubishi nasazuje na trh hned dv\u011b novinky \u2013 model Grandis<\/strong> <strong>a \u010dist\u011b elektrick\u00fd<\/strong> <strong>Eclipse Cross BEV. \u0160\u00e9f M Motors Kamil \u0160ilhav\u00fd n\u00e1m p\u0159edstavil oba vozy na listopadov\u00e9m e-Salonu.<\/strong><!--more--><\/p>\n<p>Grandis se p\u0159edstavil jako kompaktn\u00ed SUV pro maxim\u00e1ln\u00ed v\u0161estrannost, nejmodern\u011bj\u0161\u00ed konektivitu a vysp\u011bl\u00e9 bezpe\u010dnostn\u00ed syst\u00e9my.<\/p>\n<p><strong>Komu ho chce Kamil \u0160ilhav\u00fd prod\u00e1vat:<\/strong> &#8222;Je to velk\u00e9 prostorn\u00e9 auto vhodn\u00e9 krom\u011b m\u011bsta i pro j\u00edzdy na chalupu. Tak\u017ee to budoui rodiny s d\u011btmi nebo star\u0161\u00ed p\u00e1ry. R\u00e1d bych aby m\u011blo ambice i ve fleetov\u00fdch obchodech, ale tam jsou na\u0161e o\u010dek\u00e1v\u00e1n\u00ed men\u0161\u00ed,&#8220; \u0159ekl pro AUTOmakers \u0161\u00e9f importu.<\/p>\n<p><iframe loading=\"lazy\"  id=\"_ytid_24646\"  width=\"640\" height=\"360\"  data-origwidth=\"640\" data-origheight=\"360\" src=\"https:\/\/www.youtube.com\/embed\/yYRS9mDtmVg?enablejsapi=1&#038;autoplay=0&#038;cc_load_policy=0&#038;cc_lang_pref=&#038;iv_load_policy=1&#038;loop=0&#038;modestbranding=0&#038;rel=1&#038;fs=1&#038;playsinline=0&#038;autohide=2&#038;theme=dark&#038;color=red&#038;controls=1&#038;\" class=\"__youtube_prefs__  epyt-is-override  no-lazyload\" title=\"YouTube player\"  allow=\"accelerometer; autoplay; clipboard-write; encrypted-media; gyroscope; picture-in-picture\" allowfullscreen data-no-lazy=\"1\" data-skipgform_ajax_framebjll=\"\"><\/iframe><\/p>\n<p><strong>Grandis nab\u00edz\u00ed dv\u011b pohonn\u00e9 jednotky<\/strong>, mild hybridn\u00ed nebo pln\u011b hybridn\u00ed,\u00a0 Automatick\u00e1 volba j\u00edzdn\u00edch re\u017eim\u016f a dal\u0161\u00ed inovativn\u00ed technologie nmaj\u00ed usnad\u0148ovat \u0159\u00edzen\u00ed. Robustn\u00ed vzhled, typick\u00e1 LED sv\u011btla vp\u0159edu i vzadu, 19palcov\u00e1 kola z lehk\u00fdch slitin a charakteristick\u00fd design p\u0159edn\u00ed \u010d\u00e1sti \u201eDynamic Shield\u201c typick\u00fd pro vozy Mitsubishi Motors maj\u00ed budit pocit v\u011bt\u0161\u00ed ochrany. Prolis ve tvaru \u0161esti\u00faheln\u00edku na p\u00e1t\u00fdch dve\u0159\u00edch a v\u00fdrazn\u00e9 barvy karoserie dod\u00e1vaj\u00ed vozu punc sofistikovanosti.<\/p>\n<p><strong>Informa\u010dn\u00ed a z\u00e1bavn\u00ed syst\u00e9m<\/strong> nab\u00edz\u00ed vestav\u011bn\u00e9 funkce Google a bezdr\u00e1tov\u00e9 p\u0159ipojen\u00ed CarPlay\u00ae \u010di Android Auto\u2122. Mobiln\u00ed aplikace Mitsubishi Motors V\u00e1m umo\u017en\u00ed ovl\u00e1dat n\u011bkter\u00e9 funkce vozidla na d\u00e1lku, zjistit jeho p\u0159esnou polohu, ov\u011b\u0159it jeho moment\u00e1ln\u00ed stav nebo bezdr\u00e1tov\u011b aktualizovat software.<\/p>\n<p><strong>Zdroj: e-Salon, Video: Lud\u011bk Kortus<\/strong><\/p>\n<p><img loading=\"lazy\" decoding=\"async\" class=\"alignnone size-medium wp-image-17837\" src=\"http:\/\/www.automakers.cz\/wp-content\/uploads\/2025\/11\/eSalon-Mitsubishi-hostesky-Kamil-900x530.jpg\" alt=\"\" width=\"900\" height=\"530\" srcset=\"https:\/\/www.automakers.cz\/wp-content\/uploads\/2025\/11\/eSalon-Mitsubishi-hostesky-Kamil-900x530.jpg 900w, https:\/\/www.automakers.cz\/wp-content\/uploads\/2025\/11\/eSalon-Mitsubishi-hostesky-Kamil-1024x603.jpg 1024w, https:\/\/www.automakers.cz\/wp-content\/uploads\/2025\/11\/eSalon-Mitsubishi-hostesky-Kamil-768x452.jpg 768w, https:\/\/www.automakers.cz\/wp-content\/uploads\/2025\/11\/eSalon-Mitsubishi-hostesky-Kamil-1536x905.jpg 1536w, https:\/\/www.automakers.cz\/wp-content\/uploads\/2025\/11\/eSalon-Mitsubishi-hostesky-Kamil.jpg 1956w\" sizes=\"auto, (max-width: 900px) 100vw, 900px\" \/><\/p>\n<p>&nbsp;<\/p>\n<p>&nbsp;<\/p>\n<p>&nbsp;<\/p>\n","protected":false},"excerpt":{"rendered":"<p>Zna\u010dka Mitsubishi nasazuje na trh hned dv\u011b novinky \u2013 model Grandis a \u010dist\u011b elektrick\u00fd Eclipse&#8230;<\/p>\n","protected":false},"author":1,"featured_media":18082,"comment_status":"closed","ping_status":"closed","sticky":false,"template":"","format":"standard","meta":{"footnotes":""},"categories":[59,71,66,8],"tags":[],"class_list":["post-18078","post","type-post","status-publish","format-standard","has-post-thumbnail","hentry","category-automakers-tv","category-interview","category-video","category-vystavy"],"_links":{"self":[{"href":"https:\/\/www.automakers.cz\/index.php?rest_route=\/wp\/v2\/posts\/18078","targetHints":{"allow":["GET"]}}],"collection":[{"href":"https:\/\/www.automakers.cz\/index.php?rest_route=\/wp\/v2\/posts"}],"about":[{"href":"https:\/\/www.automakers.cz\/index.php?rest_route=\/wp\/v2\/types\/post"}],"author":[{"embeddable":true,"href":"https:\/\/www.automakers.cz\/index.php?rest_route=\/wp\/v2\/users\/1"}],"replies":[{"embeddable":true,"href":"https:\/\/www.automakers.cz\/index.php?rest_route=%2Fwp%2Fv2%2Fcomments&post=18078"}],"version-history":[{"count":5,"href":"https:\/\/www.automakers.cz\/index.php?rest_route=\/wp\/v2\/posts\/18078\/revisions"}],"predecessor-version":[{"id":18339,"href":"https:\/\/www.automakers.cz\/index.php?rest_route=\/wp\/v2\/posts\/18078\/revisions\/18339"}],"wp:featuredmedia":[{"embeddable":true,"href":"https:\/\/www.automakers.cz\/index.php?rest_route=\/wp\/v2\/media\/18082"}],"wp:attachment":[{"href":"https:\/\/www.automakers.cz\/index.php?rest_route=%2Fwp%2Fv2%2Fmedia&parent=18078"}],"wp:term":[{"taxonomy":"category","embeddable":true,"href":"https:\/\/www.automakers.cz\/index.php?rest_route=%2Fwp%2Fv2%2Fcategories&post=18078"},{"taxonomy":"post_tag","embeddable":true,"href":"https:\/\/www.automakers.cz\/index.php?rest_route=%2Fwp%2Fv2%2Ftags&post=18078"}],"curies":[{"name":"wp","href":"https:\/\/api.w.org\/{rel}","templated":true}]}}