{"id":18129,"date":"2025-11-27T13:05:27","date_gmt":"2025-11-27T13:05:27","guid":{"rendered":"https:\/\/www.automakers.cz\/?p=18129"},"modified":"2025-11-27T13:05:39","modified_gmt":"2025-11-27T13:05:39","slug":"skoda-muzeum-otevira-depozitar-v-historicke-hale","status":"publish","type":"post","link":"https:\/\/www.automakers.cz\/?p=18129","title":{"rendered":"\u0160koda Muzeum p\u0159edvedla depozit\u00e1\u0159 v historick\u00e9 hale"},"content":{"rendered":"<p><strong>V historick\u00e9 tov\u00e1rn\u00ed hale, v n\u00ed\u017e od roku 1907 byla kov\u00e1rna, p\u0159edvedla ve \u010dtvrtek \u0160kodovka novin\u00e1\u0159\u016fm sv\u016fj nov\u00fd depozit\u00e1\u0159 historick\u00fdch voz\u016f. Z 23 vystaven\u00fdch expon\u00e1t\u016f je v\u011bt\u0161ina v n\u00e1lezov\u00e9m stavu, tak jak se po des\u00edtk\u00e1ch let vozy objevily v zapomenut\u00fdch koutech \u010di stodol\u00e1ch. Pro ve\u0159ejnost se otev\u0159e 1. prosince.<\/strong><!--more--><\/p>\n<p>\u201eV r\u00e1mci leto\u0161n\u00edch oslav 130 let od polo\u017een\u00ed z\u00e1klad\u016f automobilky \u0160koda n\u00e1v\u0161t\u011bvn\u00edk\u016fm na\u0161eho muzea zp\u0159\u00edstup\u0148ujeme nov\u00e9 atraktivn\u00ed v\u00fdstavn\u00ed prostory. V\u00edce ne\u017e dvac\u00edtka historick\u00fdch voz\u016f sah\u00e1 a\u017e k samotn\u00fdm ko\u0159en\u016fm v\u00fdroby automobil\u016f v Mlad\u00e9 Boleslavi, jejich p\u016fvodn\u00ed stav pak na n\u00e1v\u0161t\u011bvn\u00edky d\u00fdchne origin\u00e1ln\u00edm kouzlem a patinou,\u201c \u0159\u00edk\u00e1 Andrea Frydlov\u00e1, vedouc\u00ed \u0160koda Muzea.<\/p>\n<p>K jedine\u010dn\u00e9mu n\u00e1v\u0161t\u011bvnick\u00e9mu z\u00e1\u017eitku p\u0159isp\u00edv\u00e1 um\u00edst\u011bn\u00ed nov\u00e9 expozice do prostor, kter\u00e9 samy o sob\u011b psaly historii. Tov\u00e1rn\u00ed hala s dne\u0161n\u00edm ozna\u010den\u00edm V4 byla postavena roku 1906 a od roku 1907 vyu\u017e\u00edv\u00e1na jako kov\u00e1rna v r\u00e1mci v\u00fdrazn\u00e9ho roz\u0161\u00ed\u0159en\u00ed a modernizace v\u00fdroby voz\u016f Laurin &amp; Klement. V t\u00e9to budov\u011b byl vedle klasick\u00fdch kovadlin a pece um\u00edst\u011bn velk\u00fd buchar umo\u017e\u0148uj\u00edc\u00ed hromadnou v\u00fdrobu velk\u00fdch kovov\u00fdch sou\u010d\u00e1st\u00ed a tak\u00e9 brzda motor\u016f, na n\u00ed\u017e se m\u011b\u0159il v\u00fdkon a chov\u00e1n\u00ed pohonn\u00e9 jednotky p\u0159ed t\u00edm, ne\u017e se montovala do podvozku.<\/p>\n<p><strong>Sp\u00edc\u00ed kr\u00e1sa: Cenn\u00e9 vozy \u010dekaj\u00edc\u00ed na renovaci <\/strong><br \/>\nCelkem 23 historick\u00fdch automobil\u016f v n\u00e1lezov\u00e9m stavu, pop\u0159. ve stavu po \u010d\u00e1ste\u010dn\u00e9 renovaci, je prezentov\u00e1no atraktivn\u00edm muzejn\u00edm konceptem \u201egar\u00e1\u017eov\u00e9ho stylu\u201c. D\u016fraz, kter\u00fd je kladen na historickou hodnotu vystaven\u00fdch voz\u016f, je d\u00edky tomu umocn\u011bn i charakterem budovy a v\u00fdstavn\u00edho prostoru. U ka\u017ed\u00e9ho exempl\u00e1\u0159e je jeho stru\u010dn\u00fd popis, bli\u017e\u0161\u00ed detaily pak<br \/>\nn\u00e1v\u0161t\u011bvn\u00edk z\u00edsk\u00e1 naskenov\u00e1n\u00edm QR k\u00f3du. Podobn\u011b jako v hlavn\u00ed expozici muzea se i v nov\u00e9ho<br \/>\ndepozit\u00e1\u0159i po\u010d\u00edt\u00e1 s ur\u010ditou obm\u011bnou vystaven\u00fdch voz\u016f.<\/p>\n<p>P\u016flhodinov\u00e1 prohl\u00eddka prob\u00edh\u00e1 v\u017edy v doprovodu pr\u016fvodce \u0160koda Muzea a je nutn\u00e9 si ji p\u0159edem rezervovat. Do konce leto\u0161n\u00edho roku je zdarma, n\u00e1sledn\u011b bude zpoplatn\u011bna formou stokorunov\u00e9ho p\u0159\u00edplatku k jak\u00e9mukoliv typu vstupenky do \u0160koda Muzea. Zp\u0159\u00edstupn\u011bn\u00ed depozit\u00e1\u0159e je sou\u010d\u00e1st\u00ed v\u011bt\u0161\u00edho pl\u00e1nu, j\u00edm\u017e se chce \u0160koda Muzeum d\u00e1le otev\u0159\u00edt ve\u0159ejnosti a fanou\u0161k\u016fm automobilov\u00e9 historie.<\/p>\n<p>V roce 2026 automobilka nav\u00e1\u017ee druh\u00fdm krokem v podob\u011b haly, v n\u00ed\u017e budou moc n\u00e1v\u0161t\u011bvn\u00edci obdivovat prototypy, designov\u00e9 studie a koncepty od 50. let minul\u00e9ho stolet\u00ed do sou\u010dasnosti.<\/p>\n<p><strong>\u0160koda Muzeum v Mlad\u00e9 Boleslavi<\/strong> prov\u00e1z\u00ed n\u00e1v\u0161t\u011bvn\u00edky 130 lety historie spole\u010dnosti, od\u00a0 nejran\u011bj\u0161\u00edch vozidel Laurin &amp; Klement a\u017e po sou\u010dasn\u00e9 modely \u010di designov\u00e9 studie. Muzeum bylo otev\u0159eno v roce 1995 v p\u016fvodn\u00edch tov\u00e1rn\u00edch hal\u00e1ch a v roce 2012 pro\u0161lo kompletn\u00ed rekonstrukc\u00ed, p\u0159i kter\u00e9 byla historick\u00e1 autenticita spojena s modern\u00edmi v\u00fdstavn\u00edmi technikami.<\/p>\n<p>Na plo\u0161e 1 800 m\u00b2 p\u0159edstavuje kolem 360 expon\u00e1t\u016f, v\u010detn\u011b s\u00e9riov\u00fdch voz\u016f, prototyp\u016f, rallye\u00b4voz\u016f, motocykl\u016f, a dokonce i j\u00edzdn\u00edho kola Slavia z roku 1899, nejstar\u0161\u00edho expon\u00e1tu v kolekci.<\/p>\n<p>N\u00e1v\u0161t\u011bvu muzea je tak\u00e9 mo\u017en\u00e9 kombinovat s prohl\u00eddkou v\u00fdrobn\u00edho z\u00e1vodu \u0160koda v Mlad\u00e9 Boleslavi, p\u0159\u00edpadn\u011b z\u00e1vodu ve Vrchlab\u00ed \u010di Kvasin\u00e1ch, stejn\u011b jako s v\u00fdletem do Rodn\u00e9ho domu Ferdinanda Porsche v Liberci-Vratislavic\u00edch.<\/p>\n<p><strong>Erich Handl, Mlad\u00e1 Boleslav<\/strong><\/p>\n<p><img loading=\"lazy\" decoding=\"async\" class=\"alignnone size-medium wp-image-18131\" src=\"http:\/\/www.automakers.cz\/wp-content\/uploads\/2025\/11\/Skoda-Depozitar-veterani-kolaz-orez-900x900.jpg\" alt=\"\" width=\"900\" height=\"900\" srcset=\"https:\/\/www.automakers.cz\/wp-content\/uploads\/2025\/11\/Skoda-Depozitar-veterani-kolaz-orez-900x900.jpg 900w, https:\/\/www.automakers.cz\/wp-content\/uploads\/2025\/11\/Skoda-Depozitar-veterani-kolaz-orez-1024x1024.jpg 1024w, https:\/\/www.automakers.cz\/wp-content\/uploads\/2025\/11\/Skoda-Depozitar-veterani-kolaz-orez-768x768.jpg 768w, https:\/\/www.automakers.cz\/wp-content\/uploads\/2025\/11\/Skoda-Depozitar-veterani-kolaz-orez.jpg 1080w\" sizes=\"auto, (max-width: 900px) 100vw, 900px\" \/><\/p>\n","protected":false},"excerpt":{"rendered":"<p>V historick\u00e9 tov\u00e1rn\u00ed hale, v n\u00ed\u017e od roku 1907 byla kov\u00e1rna, p\u0159edvedla ve \u010dtvrtek \u0160kodovka&#8230;<\/p>\n","protected":false},"author":1,"featured_media":18133,"comment_status":"closed","ping_status":"closed","sticky":false,"template":"","format":"standard","meta":{"footnotes":""},"categories":[34,8],"tags":[],"class_list":["post-18129","post","type-post","status-publish","format-standard","has-post-thumbnail","hentry","category-veterani","category-vystavy"],"_links":{"self":[{"href":"https:\/\/www.automakers.cz\/index.php?rest_route=\/wp\/v2\/posts\/18129","targetHints":{"allow":["GET"]}}],"collection":[{"href":"https:\/\/www.automakers.cz\/index.php?rest_route=\/wp\/v2\/posts"}],"about":[{"href":"https:\/\/www.automakers.cz\/index.php?rest_route=\/wp\/v2\/types\/post"}],"author":[{"embeddable":true,"href":"https:\/\/www.automakers.cz\/index.php?rest_route=\/wp\/v2\/users\/1"}],"replies":[{"embeddable":true,"href":"https:\/\/www.automakers.cz\/index.php?rest_route=%2Fwp%2Fv2%2Fcomments&post=18129"}],"version-history":[{"count":5,"href":"https:\/\/www.automakers.cz\/index.php?rest_route=\/wp\/v2\/posts\/18129\/revisions"}],"predecessor-version":[{"id":18136,"href":"https:\/\/www.automakers.cz\/index.php?rest_route=\/wp\/v2\/posts\/18129\/revisions\/18136"}],"wp:featuredmedia":[{"embeddable":true,"href":"https:\/\/www.automakers.cz\/index.php?rest_route=\/wp\/v2\/media\/18133"}],"wp:attachment":[{"href":"https:\/\/www.automakers.cz\/index.php?rest_route=%2Fwp%2Fv2%2Fmedia&parent=18129"}],"wp:term":[{"taxonomy":"category","embeddable":true,"href":"https:\/\/www.automakers.cz\/index.php?rest_route=%2Fwp%2Fv2%2Fcategories&post=18129"},{"taxonomy":"post_tag","embeddable":true,"href":"https:\/\/www.automakers.cz\/index.php?rest_route=%2Fwp%2Fv2%2Ftags&post=18129"}],"curies":[{"name":"wp","href":"https:\/\/api.w.org\/{rel}","templated":true}]}}