{"id":18231,"date":"2025-12-03T09:00:57","date_gmt":"2025-12-03T09:00:57","guid":{"rendered":"https:\/\/www.automakers.cz\/?p=18231"},"modified":"2025-12-03T09:00:57","modified_gmt":"2025-12-03T09:00:57","slug":"hejral-tiskovym-mluvcim-leapmotoru","status":"publish","type":"post","link":"https:\/\/www.automakers.cz\/?p=18231","title":{"rendered":"Hejral tiskov\u00fdm mluv\u010d\u00edm Leapmotoru"},"content":{"rendered":"<p><strong>Emil Frey letos v \u010cR odtstartoval ofici\u00e1ln\u00ed prodej vozidel zna\u010dky Leapmotor. V tuzemsku je nab\u00edz\u00ed n\u011bkolik dealer\u016f. O PR servis zna\u010dky se dosud staral jej\u00ed country mana\u017eer Luk\u00e1\u0161 Ho\u0161ek, od prosince m\u00e1 import tiskov\u00e9ho mluv\u010d\u00edho.<\/strong><span id=\"more-14429\"><\/span><!--more--><\/p>\n<p>Leapmotor m\u00e1 v \u010cesku ambice, jeho c\u00edl pro druhou polovinu roku 2025 je prodej cca <strong>300 ks automobil\u016f Leapmotor v\u00a0\u010cR<\/strong>. V roce 2026 je pl\u00e1n 800 prodan\u00fdch vozidel a c\u00edl pro rok 2027 je nastaven\u00fd na cca 1300 voz\u016f.<\/p>\n<figure id=\"attachment_16444\" aria-describedby=\"caption-attachment-16444\" style=\"width: 900px\" class=\"wp-caption alignnone\"><img loading=\"lazy\" decoding=\"async\" class=\"size-medium wp-image-16444\" src=\"http:\/\/www.automakers.cz\/wp-content\/uploads\/2025\/09\/Leapmotor_TK-Vysocany-900x651.jpg\" alt=\"\" width=\"900\" height=\"651\" srcset=\"https:\/\/www.automakers.cz\/wp-content\/uploads\/2025\/09\/Leapmotor_TK-Vysocany-900x651.jpg 900w, https:\/\/www.automakers.cz\/wp-content\/uploads\/2025\/09\/Leapmotor_TK-Vysocany-1024x741.jpg 1024w, https:\/\/www.automakers.cz\/wp-content\/uploads\/2025\/09\/Leapmotor_TK-Vysocany-768x555.jpg 768w, https:\/\/www.automakers.cz\/wp-content\/uploads\/2025\/09\/Leapmotor_TK-Vysocany-1536x1111.jpg 1536w, https:\/\/www.automakers.cz\/wp-content\/uploads\/2025\/09\/Leapmotor_TK-Vysocany-2048x1481.jpg 2048w\" sizes=\"auto, (max-width: 900px) 100vw, 900px\" \/><figcaption id=\"caption-attachment-16444\" class=\"wp-caption-text\">Tiskov\u00e1 konference Leapmotoru 18. z\u00e1\u0159\u00ed 2025; Foto: Karel Ber\u00e1nek<\/figcaption><\/figure>\n<p><strong>Ho\u0161ek dok\u00e1zal vybudovat dealersk\u00e9 zastoupen\u00ed v 7 v\u00fdznamn\u00fdch m\u011bstech \u010cR<\/strong>. <em><i>\u201eDo konce roku 2025 se chceme roz\u0161\u00ed\u0159it do Plzn\u011b, \u010cesk\u00fdch Bud\u011bjovic, Liberce. Na konci roku 2026 chceme m\u00edt v\u00a0ide\u00e1ln\u00edm p\u0159\u00edpad\u011b 15 dealer\u016f, nicm\u00e9n\u011b rozvoj dealersk\u00e9 s\u00edt\u011b budeme pe\u010dliv\u011b \u0159\u00eddit a chceme m\u00edt jako partnery region\u00e1ln\u011b siln\u00e1 zastoupen\u00ed v\u00a0oblasti prodeje i marketingu.\u201c<\/i><\/em> uvedl \u0161\u00e9f zna\u010dky.<\/p>\n<p><strong>Pos\u00edlen\u00ed medi\u00e1ln\u00edho PR\u00a0<\/strong><\/p>\n<p>Jeho<strong> v\u00fdkony v oblasti novin\u00e1\u0159sk\u00e9ho PR byly slab\u0161\u00ed<\/strong>, zat\u00edm jedna tiskovka v z\u00e1\u0159\u00ed, na\u0161e redakce \u010dek\u00e1 na autorizaci rozhovoru od \u010dervna.<\/p>\n<p>To se m\u00e1 ale zm\u011bnit, mluv\u010d\u00edm zna\u010dky je od 1. prosince<strong> Martin Hejral.<\/strong><\/p>\n<p>&#8222;Vedle sv\u00e9ho anga\u017em\u00e1 u Opelu v\u00e1m nov\u011b budu zprost\u0159edkov\u00e1vat obvykl\u00fd\u00a0<b>\u201enovin\u00e1\u0159sk\u00fd servis\u201c tak\u00e9 pro LEAPMOTOR,&#8220; napsal redakc\u00edm Hejral s t\u00edm, \u017ee m\u00e1 na starosti i <\/b><b>pl\u00e1nov\u00e1n\u00ed novin\u00e1\u0159sk\u00fdch test\u016f.<\/b><\/p>\n<p class=\"xmprfx_MsoNormal\">&#8222;Budu v\u00e1s tak\u00e9 z\u00e1sobovat <b>tiskov\u00fdmi informacemi<\/b>\u00a0LEAPMOTOR a r\u00e1d v\u00e1s \u010das od \u010dasu v\u00e1s pozvu na\u00a0<b>prezentaci spojenou s\u00a0uv\u00e1d\u011bn\u00edm nov\u00fdch model\u016f<\/b> LEAPMOTOR na \u010desk\u00fd trh,&#8220; uvedl Hejral.<\/p>\n<p><strong>Zdroj: archiv a Martin Hejral<\/strong><\/p>\n<p><img loading=\"lazy\" decoding=\"async\" class=\"alignnone size-medium wp-image-2631\" src=\"http:\/\/www.automakers.cz\/wp-content\/uploads\/2024\/03\/eSalon-23-Hejral-900x675.jpg\" alt=\"\" width=\"900\" height=\"675\" srcset=\"https:\/\/www.automakers.cz\/wp-content\/uploads\/2024\/03\/eSalon-23-Hejral-900x675.jpg 900w, https:\/\/www.automakers.cz\/wp-content\/uploads\/2024\/03\/eSalon-23-Hejral-1024x768.jpg 1024w, https:\/\/www.automakers.cz\/wp-content\/uploads\/2024\/03\/eSalon-23-Hejral-768x576.jpg 768w, https:\/\/www.automakers.cz\/wp-content\/uploads\/2024\/03\/eSalon-23-Hejral-1536x1152.jpg 1536w, https:\/\/www.automakers.cz\/wp-content\/uploads\/2024\/03\/eSalon-23-Hejral.jpg 2040w\" sizes=\"auto, (max-width: 900px) 100vw, 900px\" \/><\/p>\n","protected":false},"excerpt":{"rendered":"<p>Emil Frey letos v \u010cR odtstartoval ofici\u00e1ln\u00ed prodej vozidel zna\u010dky Leapmotor. V tuzemsku je nab\u00edz\u00ed&#8230;<\/p>\n","protected":false},"author":1,"featured_media":2332,"comment_status":"closed","ping_status":"closed","sticky":false,"template":"","format":"standard","meta":{"footnotes":""},"categories":[27,5,21],"tags":[],"class_list":["post-18231","post","type-post","status-publish","format-standard","has-post-thumbnail","hentry","category-novinari","category-personalie","category-pr"],"_links":{"self":[{"href":"https:\/\/www.automakers.cz\/index.php?rest_route=\/wp\/v2\/posts\/18231","targetHints":{"allow":["GET"]}}],"collection":[{"href":"https:\/\/www.automakers.cz\/index.php?rest_route=\/wp\/v2\/posts"}],"about":[{"href":"https:\/\/www.automakers.cz\/index.php?rest_route=\/wp\/v2\/types\/post"}],"author":[{"embeddable":true,"href":"https:\/\/www.automakers.cz\/index.php?rest_route=\/wp\/v2\/users\/1"}],"replies":[{"embeddable":true,"href":"https:\/\/www.automakers.cz\/index.php?rest_route=%2Fwp%2Fv2%2Fcomments&post=18231"}],"version-history":[{"count":5,"href":"https:\/\/www.automakers.cz\/index.php?rest_route=\/wp\/v2\/posts\/18231\/revisions"}],"predecessor-version":[{"id":18253,"href":"https:\/\/www.automakers.cz\/index.php?rest_route=\/wp\/v2\/posts\/18231\/revisions\/18253"}],"wp:featuredmedia":[{"embeddable":true,"href":"https:\/\/www.automakers.cz\/index.php?rest_route=\/wp\/v2\/media\/2332"}],"wp:attachment":[{"href":"https:\/\/www.automakers.cz\/index.php?rest_route=%2Fwp%2Fv2%2Fmedia&parent=18231"}],"wp:term":[{"taxonomy":"category","embeddable":true,"href":"https:\/\/www.automakers.cz\/index.php?rest_route=%2Fwp%2Fv2%2Fcategories&post=18231"},{"taxonomy":"post_tag","embeddable":true,"href":"https:\/\/www.automakers.cz\/index.php?rest_route=%2Fwp%2Fv2%2Ftags&post=18231"}],"curies":[{"name":"wp","href":"https:\/\/api.w.org\/{rel}","templated":true}]}}