{"id":1838,"date":"2024-01-31T09:24:44","date_gmt":"2024-01-31T09:24:44","guid":{"rendered":"https:\/\/www.automakers.cz\/?p=1838"},"modified":"2024-01-31T09:24:44","modified_gmt":"2024-01-31T09:24:44","slug":"barna-vymenil-jagrovi-sestku-za-devitku","status":"publish","type":"post","link":"https:\/\/www.automakers.cz\/?p=1838","title":{"rendered":"Barna vym\u011bnil J\u00e1grovi \u0161estku za dev\u00edtku"},"content":{"rendered":"<p><strong>Kia pokra\u010duje v dlouhodob\u00e9 spolupr\u00e1ci s majitelem a \u00fato\u010dn\u00edkem Ryt\u00ed\u0159\u016f Kladno Jarom\u00edrem J\u00e1grem. Tomu p\u0159i p\u0159\u00edle\u017eitosti oslav 30. v\u00fdro\u010d\u00ed p\u016fsoben\u00ed zna\u010dky na \u010desk\u00e9m trhu p\u0159edal gener\u00e1ln\u00ed \u0159editel Arno\u0161t Barna kl\u00ed\u010dky od nejv\u011bt\u0161\u00edho elektrick\u00e9ho SUV s ozna\u010den\u00edm EV9.<\/strong><!--more--><\/p>\n<p>Nejnov\u011bj\u0161\u00ed model Kia, kter\u00fd byl ji\u017e zvolen n\u011bmeck\u00fdm Autem roku 2024 v kategorii luxusn\u00edch voz\u016f a probojoval se mezi finalisty Evropsk\u00e9ho i \u010desk\u00e9ho auta roku 2024, vyst\u0159\u00edd\u00e1 v gar\u00e1\u017ei hokejov\u00e9 legendy oce\u0148ovan\u00fd elektrick\u00fd crossover EV6.<\/p>\n<p><em>\u201eV partnerstv\u00ed s Kiou je pro m\u011b d\u016fle\u017eit\u00e1 vz\u00e1jemn\u00e1 spokojenost a respekt. S ka\u017ed\u00fdm autem, v kter\u00e9m jsem od Kia jezdil, a\u0165 u\u017e to byl Stinger, plug-in hybridn\u00ed Sorento, elektrick\u00e9 Niro nebo te\u010f posledn\u00ed EV6 jsem m\u011bl a m\u00e1m stoprocentn\u00ed spokojenost. A to nejen s auty, ale tak\u00e9 se servisem. Poskytovan\u00e9 slu\u017eby od Kie jsou pro m\u011b d\u016fle\u017eit\u00e9, proto\u017ee v\u00edm, \u017ee kdykoli zavol\u00e1m, tak m\u00e1m z\u00e1ruku podan\u00e9 ruky,\u201c\u00a0<\/em>\u0159ekl Jarom\u00edr J\u00e1gr a dodal: \u201eEV9 je ka\u017edop\u00e1dn\u011b v\u011bt\u0161\u00ed, ne\u017e jsem \u010dekal.<\/p>\n<p><em>\u201eJakmile si na auto zvyknu, m\u016f\u017eu na stadionu klidn\u011b jezdit i s na\u0161\u00ed rolbou, kter\u00e1 n\u00e1m upravuje led,\u201c\u00a0<\/em>vtipkoval J. J\u00e1gr s t\u00edm, \u017ee by st\u00e1lo za to zm\u011b\u0159it s\u00edly obou vozidel. Gener\u00e1ln\u00ed \u0159editel Kia Czech Arno\u0161t Barna v\u0161e uzav\u0159el slovy:\u00a0<em>\u201eV tomto pomysln\u00e9m z\u00e1pase by to mohlo b\u00fdt vyrovnan\u00e9. EV9 m\u00e1 navrch v rozm\u011brech a v\u00fdbav\u011b, rolba ve v\u00fdkonu. Rozhodoval by tedy \u0159idi\u010d a my ka\u017edop\u00e1dn\u011b s\u00e1z\u00edme na Jarom\u00edra s EV9.\u201c<\/em><\/p>\n<p><img loading=\"lazy\" decoding=\"async\" class=\"alignnone size-medium wp-image-1843\" src=\"http:\/\/www.automakers.cz\/wp-content\/uploads\/2024\/01\/Kia-Jagr-Kladno-900x600.jpg\" alt=\"\" width=\"900\" height=\"600\" \/><\/p>\n<p><strong>T\u0159et\u00ed model na platform\u011b E-GMP<\/strong><\/p>\n<p>EV9 je po EV6 a EV6 GT Line t\u0159et\u00edm modelem Kia vyvinut\u00fdm na nov\u00e9 podvozkov\u00e9 platform\u011b E-GMP ur\u010den\u00e9 speci\u00e1ln\u011b pro elektromobily. Ta zvy\u0161uje \u00farove\u0148 j\u00edzdn\u00edch vlastnost\u00ed a p\u0159isp\u00edv\u00e1 zejm\u00e9na k lep\u0161\u00ed stabilit\u011b vozu v zat\u00e1\u010dk\u00e1ch. Krom\u011b vysok\u00e9ho v\u00fdkonu a dojezdu klade nov\u00e9 SUV rovn\u011b\u017e d\u016fraz na ekologick\u00fd aspekt v duchu glob\u00e1ln\u00ed strategie Kia a z\u00e1vazku k udr\u017eiteln\u00e9 mobilit\u011b.<\/p>\n<p>K v\u00fdrob\u011b interi\u00e9ru bylo pou\u017eito deset udr\u017eiteln\u00fdch prvk\u016f od komponent\u016f na rostlinn\u00e9 b\u00e1zi a\u017e po recyklovan\u00e9 plasty a ryb\u00e1\u0159sk\u00e9 s\u00edt\u011b. Na v\u00fdrobu ka\u017ed\u00e9ho vozu je pak konkr\u00e9tn\u011b vyu\u017eito v\u00edce ne\u017e 70 PET lahv\u00ed a celkem 34 kilogram\u016f biologick\u00fdch a recyklovan\u00fdch materi\u00e1l\u016f vyloven\u00fdch z Tich\u00e9ho oce\u00e1nu.<\/p>\n<p><strong>Kia Express<\/strong><\/p>\n<p><img loading=\"lazy\" decoding=\"async\" class=\"alignnone size-medium wp-image-1842\" src=\"http:\/\/www.automakers.cz\/wp-content\/uploads\/2024\/01\/Jagr-Kia-9-900x600.jpg\" alt=\"\" width=\"900\" height=\"600\" \/><\/p>\n","protected":false},"excerpt":{"rendered":"<p>Kia pokra\u010duje v dlouhodob\u00e9 spolupr\u00e1ci s majitelem a \u00fato\u010dn\u00edkem Ryt\u00ed\u0159\u016f Kladno Jarom\u00edrem J\u00e1grem. Tomu p\u0159i&#8230;<\/p>\n","protected":false},"author":1,"featured_media":1841,"comment_status":"open","ping_status":"open","sticky":false,"template":"","format":"standard","meta":{"footnotes":""},"categories":[56,29],"tags":[],"class_list":["post-1838","post","type-post","status-publish","format-standard","has-post-thumbnail","hentry","category-celebrity","category-sponzoring"],"_links":{"self":[{"href":"https:\/\/www.automakers.cz\/index.php?rest_route=\/wp\/v2\/posts\/1838","targetHints":{"allow":["GET"]}}],"collection":[{"href":"https:\/\/www.automakers.cz\/index.php?rest_route=\/wp\/v2\/posts"}],"about":[{"href":"https:\/\/www.automakers.cz\/index.php?rest_route=\/wp\/v2\/types\/post"}],"author":[{"embeddable":true,"href":"https:\/\/www.automakers.cz\/index.php?rest_route=\/wp\/v2\/users\/1"}],"replies":[{"embeddable":true,"href":"https:\/\/www.automakers.cz\/index.php?rest_route=%2Fwp%2Fv2%2Fcomments&post=1838"}],"version-history":[{"count":4,"href":"https:\/\/www.automakers.cz\/index.php?rest_route=\/wp\/v2\/posts\/1838\/revisions"}],"predecessor-version":[{"id":1845,"href":"https:\/\/www.automakers.cz\/index.php?rest_route=\/wp\/v2\/posts\/1838\/revisions\/1845"}],"wp:featuredmedia":[{"embeddable":true,"href":"https:\/\/www.automakers.cz\/index.php?rest_route=\/wp\/v2\/media\/1841"}],"wp:attachment":[{"href":"https:\/\/www.automakers.cz\/index.php?rest_route=%2Fwp%2Fv2%2Fmedia&parent=1838"}],"wp:term":[{"taxonomy":"category","embeddable":true,"href":"https:\/\/www.automakers.cz\/index.php?rest_route=%2Fwp%2Fv2%2Fcategories&post=1838"},{"taxonomy":"post_tag","embeddable":true,"href":"https:\/\/www.automakers.cz\/index.php?rest_route=%2Fwp%2Fv2%2Ftags&post=1838"}],"curies":[{"name":"wp","href":"https:\/\/api.w.org\/{rel}","templated":true}]}}