{"id":1846,"date":"2024-01-31T09:51:14","date_gmt":"2024-01-31T09:51:14","guid":{"rendered":"https:\/\/www.automakers.cz\/?p=1846"},"modified":"2024-01-31T13:43:48","modified_gmt":"2024-01-31T13:43:48","slug":"anketa-pr-roku-do-2-kola-jde-19-manazeru","status":"publish","type":"post","link":"https:\/\/www.automakers.cz\/?p=1846","title":{"rendered":"Anketa PR roku: ve 2. kole je 19 mana\u017eer\u016f"},"content":{"rendered":"<p><strong>\u010casopis Automakers letos op\u011bt organizuje, ve spolupr\u00e1ci s KMN, anketu o nejlep\u0161\u00ed medi\u00e1ln\u00ed servis v r\u00e1mci SDA v roce 2023. Sout\u011b\u017e PR rokuje je vedlej\u0161\u00ed kategori\u00ed ankety Auto roku v \u010cR. Posledn\u00ed hlasy byly odevzd\u00e1ny 25. ledna, postup do 2. kola turnaje zajistily 19 PR mana\u017eer\u016fm automobilov\u00fdch zna\u010dek.<br \/>\n<\/strong><span id=\"more-147229\"><\/span><span id=\"more-7322\"><\/span><span id=\"more-39493\"><\/span><span id=\"more-46318\"><\/span><span id=\"more-1794\"><\/span><!--more--><\/p>\n<p>Klub motoristick\u00fdch novin\u00e1\u0159\u016f vyhl\u00e1sil loni v prosinci anketu v novodob\u00e9 historii u\u017e poosm\u00e9.<\/p>\n<p>Jejich \u010dlenov\u00e9 mohli d\u00e1vat sv\u00e9 hlasy v\u0161em ofici\u00e1ln\u00edm mluv\u010d\u00edm spole\u010dnost\u00ed sdru\u017een\u00fdch v SDA, kte\u0159\u00ed poskytovali PR servis v pr\u016fb\u011bhu roku 2023.<\/p>\n<p>Celkem letos hlasovalo v pr\u016fb\u011bhu prosince a ledna 29 novin\u00e1\u0159\u016f. Ka\u017ed\u00fd mohl ud\u011blit a\u017e 3 hlasy, ka\u017ed\u00fd hlas je z\u00e1rove\u0148 nominac\u00ed obl\u00edben\u00e9ho mana\u017eera do sout\u011b\u017ee.<\/p>\n<p><strong>Vyhl\u00e1\u0161en\u00ed v\u00edt\u011bze: 6. \u00fanora v Kongresov\u00e9m centru<br \/>\n<\/strong><\/p>\n<p>Vyhl\u00e1\u0161en\u00ed mana\u017eer\u016f, kte\u0159\u00ed loni poskytovali nejdostupn\u011bj\u0161\u00ed informa\u010dn\u00ed servis pro jejich redakce, chystaj\u00ed organiz\u00e1to\u0159i na 6. \u00fanora v r\u00e1mci fin\u00e1le ankety Auto roku 2024 v \u010cR.<\/p>\n<p><strong>Leto\u0161n\u00ed nominace do hlavn\u00ed sout\u011b\u017ee ankety dle abecedy:<\/strong><\/p>\n<p><strong>Dominika Baborsk\u00e1, Suzuki<\/strong><\/p>\n<p><strong>Martina Bedrnov\u00e1, DS<\/strong><\/p>\n<p><strong>Petr Buri\u00e1n, Ford<\/strong><\/p>\n<p><strong>David Haidinger, BMW, Mini<\/strong><\/p>\n<p><strong>Martin Hejral, Opel<\/strong><\/p>\n<p><strong>Petra Klosov\u00e1, Porsche<\/strong><\/p>\n<p><strong>Tom\u00e1\u0161 Kotera, \u0160koda<\/strong><\/p>\n<p><strong>Mark\u00e9ta Kuklov\u00e1, Mazda<\/strong><\/p>\n<p><strong>Jitka Jechov\u00e1, Toyota<\/strong><\/p>\n<p><strong>Sylva Marounkov\u00e1, FIAT, Jeep, Alfa<\/strong><\/p>\n<p><strong>Lenka Martinov\u00e1, Citro\u00ebn<\/strong><\/p>\n<p><strong>Radka Matthey, Peugeot<\/strong><\/p>\n<p><strong>David Pavl\u00ed\u010dek, Hyundai<\/strong><\/p>\n<p><strong>Ji\u0159\u00ed Rozko\u0161n\u00fd, Audi<\/strong><\/p>\n<p><strong>Jitka Skali\u010dkov\u00e1, Renault, Dacia<\/strong><\/p>\n<p><strong>Linda Truhl\u00e1\u0159ov\u00e1, Citro\u00ebn<\/strong><\/p>\n<p><strong>Josef Hl\u00e1vka, Mercedes<\/strong><\/p>\n<p><strong>Filip Stoulil, SEAT, CUPRA<br \/>\n<\/strong><\/p>\n<p><strong>Frank Tiemann, Rolls Royce<\/strong><\/p>\n<p><strong>David Valenta, VW<\/strong><\/p>\n<p><strong>Kate\u0159ina Va\u0148kov\u00e1 Jougl\u00ed\u010dkov\u00e1, Kia<\/strong><\/p>\n<p><strong>Lenka Va\u0148kov\u00e1, VW U\u017eitkov\u00e9<\/strong><\/p>\n<p><strong>Marek Vodi\u010dka, MG<\/strong><\/p>\n<p><strong>Zden\u011bk Zikmund, Subaru<\/strong><\/p>\n<p>&#8212;&#8212;&#8212;&#8212;&#8212;&#8212;&#8212;&#8212;&#8212;&#8212;&#8212;&#8212;&#8212;&#8212;&#8212;&#8212;&#8212;&#8212;&#8212;&#8212;&#8212;&#8212;&#8212;&#8212;&#8212;&#8212;&#8212;&#8212;&#8212;&#8212;&#8212;&#8211;<\/p>\n<p><strong>Koment\u00e1\u0159 k nominac\u00edm:<\/strong><\/p>\n<p>Ve startovn\u00edm poli letos nejsou oproti lo\u0148sku velk\u00e9 zm\u011bny. Poprv\u00e9 se v sout\u011b\u017ei objevil Frank Tiemann za Rolls, kter\u00fd letos nahradil loni boduj\u00edc\u00edho Michala Kudelu.<\/p>\n<p>U zna\u010dky Porsche letos m\u00e1me m\u00edsto Katar\u00edny Ardov\u00e9 Petru Klosovou.<\/p>\n<p>U zna\u010dky \u0160koda u\u017e neboduje obl\u00edben\u00fd Pavel J\u00edna, kter\u00fd loni p\u0159e\u0161el na mezin\u00e1rodn\u00ed PR automobilky.<\/p>\n<p>V poli tradi\u010dn\u011b chyb\u00ed zna\u010dky Nissan nebo Honda, medi\u00e1ln\u011b loni t\u00e9m\u011b\u0159 neviditeln\u00e9. Tento rok tak\u00e9 z v\u00fdznamn\u00fdch zna\u010dek absentuje Volvo. Objevila se nov\u00e1 zna\u010dka &#8211; \u010d\u00ednsk\u00e1 MG.<\/p>\n<p>&#8212;&#8212;&#8212;&#8212;&#8212;&#8212;&#8212;&#8212;&#8212;&#8212;&#8212;&#8212;&#8212;&#8212;&#8212;&#8212;&#8212;&#8212;&#8212;&#8212;&#8212;&#8212;&#8212;&#8212;&#8212;&#8212;&#8212;&#8212;&#8212;&#8212;&#8212;&#8212;<\/p>\n<p><strong>POSTOUPILI DO 2. KOLA (zisk 2 a v\u00edce novin\u00e1\u0159sk\u00fdch hlas\u016f)<\/strong><\/p>\n<p><strong>Martina Bedrnov\u00e1, DS<\/strong><\/p>\n<p><strong>Petr Buri\u00e1n, Ford<\/strong><\/p>\n<p><strong>David Haidinger, BMW, Mini<\/strong><\/p>\n<p><strong>Martin Hejral, Opel<\/strong><\/p>\n<p><strong>Petra Klosov\u00e1, Porsche<\/strong><\/p>\n<p><strong>Tom\u00e1\u0161 Kotera, \u0160koda<\/strong><\/p>\n<p><strong>Jitka Jechov\u00e1, Toyota<\/strong><\/p>\n<p><strong>Sylva Marounkov\u00e1, FIAT, Jeep, Alfa<\/strong><\/p>\n<p><strong>Radka Matthey, Peugeot<\/strong><\/p>\n<p><strong>David Pavl\u00ed\u010dek, Hyundai<\/strong><\/p>\n<p><strong>Ji\u0159\u00ed Rozko\u0161n\u00fd, Audi<\/strong><\/p>\n<p><strong>Jitka Skali\u010dkov\u00e1, Renault, Dacia<\/strong><\/p>\n<p><strong>Josef Hl\u00e1vka, Mercedes<\/strong><\/p>\n<p><strong>Filip Stoulil, SEAT, CUPRA<br \/>\n<\/strong><\/p>\n<p><strong>David Valenta, VW<\/strong><\/p>\n<p><strong>Kate\u0159ina Va\u0148kov\u00e1 Jougl\u00ed\u010dkov\u00e1, Kia<\/strong><\/p>\n<p><strong>Lenka Va\u0148kov\u00e1, VW U\u017eitkov\u00e9<\/strong><\/p>\n<p><strong>Marek Vodi\u010dka, MG<\/strong><\/p>\n<p><strong>Zden\u011bk Zikmund, Subaru<\/strong><\/p>\n<p>&#8212;&#8212;&#8212;&#8212;&#8212;&#8212;&#8212;&#8212;&#8212;&#8212;&#8212;&#8212;&#8212;&#8212;&#8212;&#8212;&#8212;-<\/p>\n<p><strong>Koment\u00e1\u0159 ke 2. kolu:<\/strong><\/p>\n<p>Do 2. kola nepostoupily zna\u010dky Mazda a Suzuki, podle pozn\u00e1mek novin\u00e1\u0159\u016f m\u00e1lo viditeln\u00e9 na m\u00e9di\u00e1ln\u00edm trhu. Mazda loni snad ani nem\u011bla tiskovku.<\/p>\n<p>Vypadl tak\u00e9 Frank Tiemann z Rollsu. P\u0159ekvapiv\u011b se d\u00e1l neprokousal Citro\u00ebn, ale tam lze v\u00fdsledek p\u0159i\u010d\u00edst rozd\u011blen\u00ed volitelsk\u00fdch hlas\u016f mezi Lindu a Lenku.<\/p>\n<p><strong>Zdroj: Erich Handl za v\u00fdbor KMN<\/strong><\/p>\n<p><img loading=\"lazy\" decoding=\"async\" class=\"alignnone size-medium wp-image-561\" src=\"http:\/\/www.automakers.cz\/wp-content\/uploads\/2023\/11\/Chvalska-tvrz-Auto-roku-2024-skupina-900x505.jpg\" alt=\"\" width=\"900\" height=\"505\" srcset=\"https:\/\/www.automakers.cz\/wp-content\/uploads\/2023\/11\/Chvalska-tvrz-Auto-roku-2024-skupina-900x505.jpg 900w, https:\/\/www.automakers.cz\/wp-content\/uploads\/2023\/11\/Chvalska-tvrz-Auto-roku-2024-skupina-1024x575.jpg 1024w, https:\/\/www.automakers.cz\/wp-content\/uploads\/2023\/11\/Chvalska-tvrz-Auto-roku-2024-skupina-768x431.jpg 768w, https:\/\/www.automakers.cz\/wp-content\/uploads\/2023\/11\/Chvalska-tvrz-Auto-roku-2024-skupina.jpg 1179w\" sizes=\"auto, (max-width: 900px) 100vw, 900px\" \/><\/p>\n<p>&nbsp;<\/p>\n<p>&nbsp;<\/p>\n<p>&nbsp;<\/p>\n","protected":false},"excerpt":{"rendered":"<p>\u010casopis Automakers letos op\u011bt organizuje, ve spolupr\u00e1ci s KMN, anketu o nejlep\u0161\u00ed medi\u00e1ln\u00ed servis v&#8230;<\/p>\n","protected":false},"author":1,"featured_media":1796,"comment_status":"open","ping_status":"open","sticky":false,"template":"","format":"standard","meta":{"footnotes":""},"categories":[32,21],"tags":[],"class_list":["post-1846","post","type-post","status-publish","format-standard","has-post-thumbnail","hentry","category-ankety","category-pr"],"_links":{"self":[{"href":"https:\/\/www.automakers.cz\/index.php?rest_route=\/wp\/v2\/posts\/1846","targetHints":{"allow":["GET"]}}],"collection":[{"href":"https:\/\/www.automakers.cz\/index.php?rest_route=\/wp\/v2\/posts"}],"about":[{"href":"https:\/\/www.automakers.cz\/index.php?rest_route=\/wp\/v2\/types\/post"}],"author":[{"embeddable":true,"href":"https:\/\/www.automakers.cz\/index.php?rest_route=\/wp\/v2\/users\/1"}],"replies":[{"embeddable":true,"href":"https:\/\/www.automakers.cz\/index.php?rest_route=%2Fwp%2Fv2%2Fcomments&post=1846"}],"version-history":[{"count":9,"href":"https:\/\/www.automakers.cz\/index.php?rest_route=\/wp\/v2\/posts\/1846\/revisions"}],"predecessor-version":[{"id":1864,"href":"https:\/\/www.automakers.cz\/index.php?rest_route=\/wp\/v2\/posts\/1846\/revisions\/1864"}],"wp:featuredmedia":[{"embeddable":true,"href":"https:\/\/www.automakers.cz\/index.php?rest_route=\/wp\/v2\/media\/1796"}],"wp:attachment":[{"href":"https:\/\/www.automakers.cz\/index.php?rest_route=%2Fwp%2Fv2%2Fmedia&parent=1846"}],"wp:term":[{"taxonomy":"category","embeddable":true,"href":"https:\/\/www.automakers.cz\/index.php?rest_route=%2Fwp%2Fv2%2Fcategories&post=1846"},{"taxonomy":"post_tag","embeddable":true,"href":"https:\/\/www.automakers.cz\/index.php?rest_route=%2Fwp%2Fv2%2Ftags&post=1846"}],"curies":[{"name":"wp","href":"https:\/\/api.w.org\/{rel}","templated":true}]}}