{"id":18586,"date":"2025-12-18T08:49:55","date_gmt":"2025-12-18T08:49:55","guid":{"rendered":"https:\/\/www.automakers.cz\/?p=18586"},"modified":"2025-12-18T08:49:55","modified_gmt":"2025-12-18T08:49:55","slug":"ministr-bednarik-zakaz-spalovacich-motoru-je-potreba-zcela-zrusit","status":"publish","type":"post","link":"https:\/\/www.automakers.cz\/?p=18586","title":{"rendered":"Ministr Bedn\u00e1rik: Z\u00e1kaz spalovac\u00edch motor\u016f je pot\u0159eba zcela zru\u0161it"},"content":{"rendered":"<p class=\"xmprfx_paragraph\"><span class=\"xmprfx_normaltextrun\"><b>Evropsk\u00e1 komise p\u0159edstavila bal\u00ed\u010dek k<\/b><\/span><span class=\"xmprfx_normaltextrun\"><b>\u202f<\/b><\/span><span class=\"xmprfx_normaltextrun\"><b>budoucnosti automobilov\u00e9ho sektoru.\u00a0Prost\u0159ednictv\u00edm revize CO<\/b><\/span><span class=\"xmprfx_normaltextrun\"><b><sub>2<\/sub><\/b><\/span><span class=\"xmprfx_normaltextrun\"><b>\u00a0standard\u016f se\u00a0navrhuje\u00a0zru\u0161en\u00ed\u00a0\u00fapln\u00e9ho\u00a0z\u00e1kazu\u00a0prodeje aut se spalovac\u00edmi motory v roce 2035.<\/b><\/span><!--more--><\/p>\n<p class=\"xmprfx_paragraph\"><span class=\"xmprfx_normaltextrun\"> Od roku 2035 budou muset v\u00fdrobci automobil\u016f splnit c\u00edl sn\u00ed\u017een\u00ed emis\u00ed z v\u00fdfuk\u016f o 90 %, p\u0159i\u010dem\u017e zb\u00fdvaj\u00edc\u00edch 10 % emis\u00ed bude nutn\u00e9 kompenzovat vyu\u017eit\u00edm n\u00edzkouhl\u00edkov\u00e9 oceli vyroben\u00e9 v Unii nebo e-paliv a biopaliv.\u00a0\u010cesk\u00e1 republika ale tento\u00a0n\u00e1vrh\u00a0pova\u017euje za\u00a0zcela\u00a0nedostate\u010dn\u00fd\u00a0a bude prosazovat \u00fapln\u00e9 zru\u0161en\u00ed z\u00e1kazu.<\/span><span class=\"xmprfx_eop\">\u00a0<\/span><\/p>\n<p class=\"xmprfx_paragraph\"><span class=\"xmprfx_normaltextrun\"><i>\u201eNepodporuji, stejn\u011b jako cel\u00e1 na\u0161e vl\u00e1da, z\u00e1kaz v\u00fdroby nov\u00fdch automobil\u016f se spalovac\u00edmi motory po roce 2035. Domn\u00edv\u00e1m se\u00a0proto, \u017ee by bylo nejlep\u0161\u00ed cel\u00fd z\u00e1kaz spalovac\u00edch motor\u016f zcela zru\u0161it, nikoliv jej pouze\u00a0kosmeticky\u00a0omezit, jak navrhuje Evropsk\u00e1 komise,\u201c<\/i><\/span><span class=\"xmprfx_normaltextrun\">\u00a0\u0159\u00edk\u00e1 ministr dopravy Ivan\u00a0Bedn\u00e1rik.<\/span><span class=\"xmprfx_eop\">\u00a0<\/span><\/p>\n<p class=\"xmprfx_paragraph\"><span class=\"xmprfx_normaltextrun\">Problematick\u00e9 tak\u00e9 je podle \u010desk\u00e9ho Ministerstva dopravy stanoven\u00ed povinn\u00fdch c\u00edl\u016f pro st\u00e1ty, aby zajistily, \u017ee velk\u00e9 firmy budou kupovat do budoucna pouze elektrovozidla \u010di vozidla na alternativn\u00ed paliva. Z\u00e1rove\u0148\u00a0je\u00a0zav\u00e1d\u011bna\u00a0definice mal\u00e9ho dostupn\u00e9ho\u00a0evropsk\u00e9ho\u00a0elektrick\u00e9ho\u00a0vozidla. Za v\u00fdrobu takov\u00e9hoto vozidla budou v\u00fdrobci zv\u00fdhodn\u011bny prost\u0159ednictv\u00edm tzv.\u00a0superkredit\u016f.\u00a0\u00a0Stanoven\u00e9 parametry takov\u00fdch vozidel pova\u017euje \u010cesk\u00e1 republika tak\u00e9 za p\u0159\u00edli\u0161 svazuj\u00edc\u00ed\u00a0a odm\u00edt\u00e1 t\u00e9\u017e zaveden\u00ed povinn\u00fdch kv\u00f3t pro firmy<\/span><span class=\"xmprfx_eop\">.<\/span><\/p>\n<p class=\"xmprfx_paragraph\"><span class=\"xmprfx_normaltextrun\"><i>\u201eEvropsk\u00fd automobilov\u00fd pr\u016fmysl je u\u017e nyn\u00ed zat\u00ed\u017een mno\u017estv\u00edm regulac\u00ed a norem. Nepova\u017euji za p\u0159\u00ednosn\u00e9, abychom na n\u011bj uvalovali dal\u0161\u00ed omezen\u00ed a z\u00e1kazy. Ve v\u00fdsledku by to p\u0159ineslo v\u00edce \u0161kody ne\u017e u\u017eitku: automobily by\u00a0se staly\u00a0m\u00e9n\u011b dostupn\u00e9, mnoho lid\u00ed by si nemohlo dovolit po\u0159\u00eddit nov\u00fd v\u016fz, vozov\u00fd park by d\u00e1le st\u00e1rnul a \u017eivotn\u00edmu prost\u0159ed\u00ed bychom t\u00edm prok\u00e1zali medv\u011bd\u00ed slu\u017ebu,\u201c<\/i><\/span><span class=\"xmprfx_normaltextrun\">\u00a0dod\u00e1v\u00e1 ministr.<\/span><span class=\"xmprfx_eop\">\u00a0<\/span><\/p>\n<p class=\"xmprfx_paragraph\"><span class=\"xmprfx_normaltextrun\">N\u00e1vrhy\u00a0podle vyj\u00e1d\u0159en\u00ed\u00a0Komise vych\u00e1zej\u00ed z Ak\u010dn\u00edho pl\u00e1nu pro automobilov\u00fd pr\u016fmysl a podn\u011bt\u016f od pr\u016fmyslu a kl\u00ed\u010dov\u00fdch z\u00fa\u010dastn\u011bn\u00fdch stran z\u00edskan\u00fdch b\u011bhem Strategick\u00e9ho dialogu pod veden\u00edm p\u0159edsedkyn\u011b von der\u00a0Leyen\u00a0od ledna 2025.\u00a0P\u0159edstaven\u00e9 legislativn\u00ed n\u00e1vrhy Evropsk\u00e9 komise budou nyn\u00ed projedn\u00e1ny v<\/span><span class=\"xmprfx_normaltextrun\">\u202f<\/span><span class=\"xmprfx_normaltextrun\">Rad\u011b<\/span><span class=\"xmprfx_normaltextrun\">\u00a0a Evropsk\u00e9<\/span><span class=\"xmprfx_normaltextrun\">m parlamentu. \u010c<\/span><span class=\"xmprfx_normaltextrun\">esk\u00e1<\/span><span class=\"xmprfx_normaltextrun\">\u00a0republika bude\u00a0usilovat o z\u00e1sadn\u00ed zm\u011bnu navr\u017een\u00e9ho bal\u00ed\u010dku a bude\u00a0v tomto\u00a0sm\u011bru\u00a0hledat\u00a0spojence\u00a0mezi \u010dlensk\u00fdmi st\u00e1ty, tak jak tomu bylo p\u0159i projedn\u00e1v\u00e1n\u00ed p\u0159ede\u0161l\u00fdch evropsk\u00fdch legislativ v oblasti\u00a0automotive.\u00a0<\/span><span class=\"xmprfx_eop\">\u00a0<\/span><\/p>\n<p class=\"xmprfx_paragraph\"><span class=\"xmprfx_eop\">\u00a0<\/span><\/p>\n","protected":false},"excerpt":{"rendered":"<p>Evropsk\u00e1 komise p\u0159edstavila bal\u00ed\u010dek k\u202fbudoucnosti automobilov\u00e9ho sektoru.\u00a0Prost\u0159ednictv\u00edm revize CO2\u00a0standard\u016f se\u00a0navrhuje\u00a0zru\u0161en\u00ed\u00a0\u00fapln\u00e9ho\u00a0z\u00e1kazu\u00a0prodeje aut se spalovac\u00edmi motory v&#8230;<\/p>\n","protected":false},"author":1,"featured_media":18588,"comment_status":"closed","ping_status":"closed","sticky":false,"template":"","format":"standard","meta":{"footnotes":""},"categories":[57,14],"tags":[],"class_list":["post-18586","post","type-post","status-publish","format-standard","has-post-thumbnail","hentry","category-emise","category-komentar"],"_links":{"self":[{"href":"https:\/\/www.automakers.cz\/index.php?rest_route=\/wp\/v2\/posts\/18586","targetHints":{"allow":["GET"]}}],"collection":[{"href":"https:\/\/www.automakers.cz\/index.php?rest_route=\/wp\/v2\/posts"}],"about":[{"href":"https:\/\/www.automakers.cz\/index.php?rest_route=\/wp\/v2\/types\/post"}],"author":[{"embeddable":true,"href":"https:\/\/www.automakers.cz\/index.php?rest_route=\/wp\/v2\/users\/1"}],"replies":[{"embeddable":true,"href":"https:\/\/www.automakers.cz\/index.php?rest_route=%2Fwp%2Fv2%2Fcomments&post=18586"}],"version-history":[{"count":2,"href":"https:\/\/www.automakers.cz\/index.php?rest_route=\/wp\/v2\/posts\/18586\/revisions"}],"predecessor-version":[{"id":18589,"href":"https:\/\/www.automakers.cz\/index.php?rest_route=\/wp\/v2\/posts\/18586\/revisions\/18589"}],"wp:featuredmedia":[{"embeddable":true,"href":"https:\/\/www.automakers.cz\/index.php?rest_route=\/wp\/v2\/media\/18588"}],"wp:attachment":[{"href":"https:\/\/www.automakers.cz\/index.php?rest_route=%2Fwp%2Fv2%2Fmedia&parent=18586"}],"wp:term":[{"taxonomy":"category","embeddable":true,"href":"https:\/\/www.automakers.cz\/index.php?rest_route=%2Fwp%2Fv2%2Fcategories&post=18586"},{"taxonomy":"post_tag","embeddable":true,"href":"https:\/\/www.automakers.cz\/index.php?rest_route=%2Fwp%2Fv2%2Ftags&post=18586"}],"curies":[{"name":"wp","href":"https:\/\/api.w.org\/{rel}","templated":true}]}}