{"id":18590,"date":"2025-12-18T09:45:10","date_gmt":"2025-12-18T09:45:10","guid":{"rendered":"https:\/\/www.automakers.cz\/?p=18590"},"modified":"2025-12-18T10:23:21","modified_gmt":"2025-12-18T10:23:21","slug":"ek-zakaz-spalovacich-motoru-fakticky-ztvrdila","status":"publish","type":"post","link":"https:\/\/www.automakers.cz\/?p=18590","title":{"rendered":"Koment\u00e1\u0159: EK z\u00e1kaz spalovac\u00edch motor\u016f fakticky ztvrdila"},"content":{"rendered":"<div class=\"_6241b6d122e5e742b990b0cc d_mM\">\n<p class=\"e_cr d_kA speakable\" data-dot=\"ogm-article-perex\"><strong>Na tlak \u0159ady \u010dlensk\u00fdch zem\u00ed Evropsk\u00e9 unie zm\u00edrnit z\u00e1kaz v\u00fdroby a prodeje nov\u00fdch aut se spalovac\u00edmi motory od roku 2035 dnes odpov\u011bd\u011bla zelen\u011b progresivistick\u00e1 Evropsk\u00e1 komise po sv\u00e9m: hora unijn\u00ed byrokracie porodila my\u0161. Novou legislativu okomentoval Milan Smutn\u00fd.<\/strong><\/p>\n<\/div>\n<p><!--more--><\/p>\n<div class=\"_6241b6de22e5e742b990b0cd d_mM\">\n<article class=\"d_g\" aria-labelledby=\"accessibility-article\" data-dot=\"ogm-content\" data-e2e=\"ogm-content\">\n<h6 id=\"accessibility-article\" class=\"e_o atm-headline-h6 e_i\"><span class=\"atm-text-decorator\">Evropsk\u00e1 komise \u00fasty sv\u00e9 \u0161\u00e9fky Ursuly von der Leyenov\u00e9 ve sv\u00e9m v\u010derej\u0161\u00edm (16. 12.) stanovisku \u00fadajn\u011b zm\u00edrnila z\u00e1kaz provozu vozidel se spalovac\u00edm motorem. Je to v\u0161ak naprost\u00e9 vyt\u00edr\u00e1n\u00ed zraku evropsk\u00e9 ve\u0159ejnosti. Proslovy o \u00fadajn\u00e9 \u201etechnologick\u00e9 otev\u0159enosti\u201c a o \u201euv\u011bdom\u011bn\u00ed si v\u00fdznamu\u201c tohoto pr\u016fmyslu pro ekonomiku EU (zaji\u0161\u0165uje 13 milion\u016f pracovn\u00edch m\u00edst a p\u0159isp\u00edv\u00e1 7 % k HDP Unie) z\u016fst\u00e1vaj\u00ed naprosto jalov\u00fdmi \u0159e\u010dmi.<\/span><\/h6>\n<div class=\"f_ht f_cS ogm-content__richContent\">\n<div class=\"f_cr speakable\" data-dot=\"mol-paragraph\">\n<p class=\"e_cr\"><span class=\"atm-text-decorator\">Pro soukrom\u00e9 osoby bude platit sn\u00ed\u017een\u00ed emis\u00ed CO\u2082 do roku 2035\u00a0nikoli o\u00a0100, ale \u201ejen\u201c o\u00a090\u00a0procent. To by m\u011blo znamenat, \u017ee 30\u00a0% prod\u00e1van\u00fdch vozidel pro soukrom\u00e9 osoby by se m\u011blo pokr\u00fdt vyu\u017e\u00edv\u00e1n\u00edm syntetick\u00fdch paliv, 70\u00a0procent z\u00a0nich pak ekologickou v\u00fdrobou, ve kter\u00e9 by se vyu\u017eila t\u0159eba ocel produkovan\u00e1 s\u00a0pomoc\u00ed vod\u00edku. \u201eTo umo\u017en\u00ed, aby plug-in hybridy (PHEV), vozidla s\u00a0prodlou\u017een\u00fdm dojezdem, m\u00edrn\u00e9 hybridy a\u00a0vozidla se spalovac\u00edm motorem hr\u00e1ly i\u00a0po roce 2035\u00a0d\u016fle\u017eitou roli, a\u00a0to vedle pln\u011b elektrick\u00fdch (EV) a\u00a0vod\u00edkov\u00fdch vozidel,\u201c uvedla komise. Vozy s\u00a0tzv. range extenderem jsou v\u00a0podstat\u011b s\u00a0elektromobily, kter\u00e9 maj\u00ed spalovac\u00ed motor na dob\u00edjen\u00ed baterie. Komise tak\u00e9 zm\u00edrnila c\u00edle pro elektrick\u00e9 dod\u00e1vky a\u00a0sn\u00ed\u017eila po\u017eadavky na 50% sn\u00ed\u017een\u00ed emis\u00ed uhl\u00edku do roku 2030\u00a0na 40\u00a0%.<\/span><\/p>\n<\/div>\n<div class=\"f_cr speakable\" data-dot=\"mol-paragraph\">\n<p class=\"e_cr\"><span class=\"atm-text-decorator\">Do roku 2035\u00a0budou v\u00fdrobci automobil\u016f moci vyu\u017e\u00edvat \u201esuperkredity\u201c pro mal\u00e9 cenov\u011b dostupn\u00e9 elektromobily (do d\u00e9lky 4,2\u00a0metru) vyroben\u00e9 v\u00a0Evropsk\u00e9 unii, sd\u011blila EK ve sv\u00e9m tiskov\u00e9m prohl\u00e1\u0161en\u00ed. Ud\u011blen\u00edm \u201esuper kredit\u016f\u201c, kter\u00e9 se budou zapo\u010d\u00edt\u00e1vat jako 1,3\u00a0nam\u00edsto 1, bude stimulov\u00e1na v\u00fdroba t\u011bchto mal\u00fdch elektromobil\u016f v\u00a0EU.<\/span><\/p>\n<p><strong>Autor koment\u00e1\u0159e Milan Smutn\u00fd<\/strong><\/p>\n<\/div>\n<\/div>\n<\/article>\n<\/div>\n","protected":false},"excerpt":{"rendered":"<p>Na tlak \u0159ady \u010dlensk\u00fdch zem\u00ed Evropsk\u00e9 unie zm\u00edrnit z\u00e1kaz v\u00fdroby a prodeje nov\u00fdch aut se&#8230;<\/p>\n","protected":false},"author":1,"featured_media":1155,"comment_status":"closed","ping_status":"closed","sticky":false,"template":"","format":"standard","meta":{"footnotes":""},"categories":[42,14],"tags":[],"class_list":["post-18590","post","type-post","status-publish","format-standard","has-post-thumbnail","hentry","category-analyza","category-komentar"],"_links":{"self":[{"href":"https:\/\/www.automakers.cz\/index.php?rest_route=\/wp\/v2\/posts\/18590","targetHints":{"allow":["GET"]}}],"collection":[{"href":"https:\/\/www.automakers.cz\/index.php?rest_route=\/wp\/v2\/posts"}],"about":[{"href":"https:\/\/www.automakers.cz\/index.php?rest_route=\/wp\/v2\/types\/post"}],"author":[{"embeddable":true,"href":"https:\/\/www.automakers.cz\/index.php?rest_route=\/wp\/v2\/users\/1"}],"replies":[{"embeddable":true,"href":"https:\/\/www.automakers.cz\/index.php?rest_route=%2Fwp%2Fv2%2Fcomments&post=18590"}],"version-history":[{"count":2,"href":"https:\/\/www.automakers.cz\/index.php?rest_route=\/wp\/v2\/posts\/18590\/revisions"}],"predecessor-version":[{"id":18603,"href":"https:\/\/www.automakers.cz\/index.php?rest_route=\/wp\/v2\/posts\/18590\/revisions\/18603"}],"wp:featuredmedia":[{"embeddable":true,"href":"https:\/\/www.automakers.cz\/index.php?rest_route=\/wp\/v2\/media\/1155"}],"wp:attachment":[{"href":"https:\/\/www.automakers.cz\/index.php?rest_route=%2Fwp%2Fv2%2Fmedia&parent=18590"}],"wp:term":[{"taxonomy":"category","embeddable":true,"href":"https:\/\/www.automakers.cz\/index.php?rest_route=%2Fwp%2Fv2%2Fcategories&post=18590"},{"taxonomy":"post_tag","embeddable":true,"href":"https:\/\/www.automakers.cz\/index.php?rest_route=%2Fwp%2Fv2%2Ftags&post=18590"}],"curies":[{"name":"wp","href":"https:\/\/api.w.org\/{rel}","templated":true}]}}