{"id":18606,"date":"2025-12-18T17:15:45","date_gmt":"2025-12-18T17:15:45","guid":{"rendered":"https:\/\/www.automakers.cz\/?p=18606"},"modified":"2025-12-18T17:15:45","modified_gmt":"2025-12-18T17:15:45","slug":"soohang-chang-prezidentem-kia-europe","status":"publish","type":"post","link":"https:\/\/www.automakers.cz\/?p=18606","title":{"rendered":"Soohang Chang prezidentem Kia Europe"},"content":{"rendered":"<div class=\"text\">\n<p><strong>Kia Corporation jmenovala Soohang Changa, sou\u010dasn\u00e9ho Senior Viceprezidenta regionu Bl\u00edzk\u00e9ho v\u00fdchodu a Afriky, do pozice prezidenta a gener\u00e1ln\u00edho \u0159editele Kia Europe. Chang m\u00e1 bohat\u00e9 glob\u00e1ln\u00ed zku\u0161enosti, mimo jin\u00e9 p\u016fsobil v\u00edce ne\u017e deset let v Evrop\u011b, a bude \u0159\u00eddit strategii Kia zam\u011b\u0159enou na zv\u00fd\u0161en\u00ed konkurenceschopnosti a prodeje v cel\u00e9m regionu.<\/strong><\/p>\n<p>Ve\u00a0sv\u00e9 nov\u00e9 funkci se Chang zam\u011b\u0159\u00ed na\u00a0rychlej\u0161\u00ed implementaci strategie elektrifikace a\u00a0iniciativ v\u00a0oblasti udr\u017eitelnosti zna\u010dky v\u00a0Evrop\u011b a\u00a0z\u00e1rove\u0148 na\u00a0pos\u00edlen\u00ed partnerstv\u00ed a\u00a0strategi\u00ed pro\u00a0udr\u017een\u00ed z\u00e1kazn\u00edk\u016f. Sv\u00e9 schopnosti prok\u00e1zal v\u00fdsledky, kter\u00fdch dos\u00e1hl na\u00a0r\u016fzn\u00fdch trz\u00edch, a\u00a0na\u00a0z\u00e1klad\u011b t\u011bchto zku\u0161enost\u00ed m\u00e1 \u0159\u00eddit Kia v\u00a0neust\u00e1le se vyv\u00edjej\u00edc\u00edm evropsk\u00e9m automobilov\u00e9m prost\u0159ed\u00ed a\u00a0podporovat dlouhodob\u00fd r\u016fst zna\u010dky v\u00a0jednom z\u00a0nejdynami\u010dt\u011bj\u0161\u00edch region\u016f sv\u011bta.<\/p>\n<p><strong>Hedrich prezidentem Kia Francie<\/strong><\/p>\n<p>Marc Hedrich, kter\u00fd\u00a0dosud zast\u00e1val pozici prezidenta a\u00a0gener\u00e1ln\u00edho \u0159editele Kia Europe, byl s\u00a0\u00fa\u010dinnost\u00ed od\u00a01. ledna 2026 jmenov\u00e1n prezidentem Kia France a\u00a0v\u00a0t\u00e9to funkci nahrad\u00ed Tae Kun Yanga. Po\u00a0dvou letech, b\u011bhem nich\u017e Hedrich p\u0159ipravoval dal\u0161\u00ed f\u00e1zi r\u016fstu Kia Europe, se tak\u00a0vrac\u00ed na\u00a0pozici, kterou ji\u017e zast\u00e1val v\u00a0letech 2021 a\u017e\u00a02023, a\u00a0p\u0159in\u00e1\u0161\u00ed s\u00a0sebou sv\u00e9 rozs\u00e1hl\u00e9 zku\u0161enosti a\u00a0\u00fasp\u011bchy na\u00a0francouzsk\u00e9m automobilov\u00e9m trhu.<\/p>\n<p>Jeho \u00fakolem bude v\u00e9st Kia France k\u00a0dal\u0161\u00ed f\u00e1z\u00ed r\u016fstu a\u00a0pos\u00edlit pozici zna\u010dky na\u00a0jednom z\u00a0nejkonkurenceschopn\u011bj\u0161\u00edch trh\u016f v\u00a0Evrop\u011b. Vzhledem k\u00a0jeho hlubok\u00e9mu porozum\u011bn\u00ed m\u00edstn\u00edm spot\u0159ebitelsk\u00fdm trend\u016fm a\u00a0regula\u010dn\u00ed dynamice, jako\u017e i\u00a0jeho p\u0159edchoz\u00edm \u00fasp\u011bch\u016fm, se jedn\u00e1 o\u00a0strategick\u00fd krok pro\u00a0spole\u010dnost Kia.<\/p>\n<\/div>\n<p><!--more--><\/p>\n","protected":false},"excerpt":{"rendered":"<p>Kia Corporation jmenovala Soohang Changa, sou\u010dasn\u00e9ho Senior Viceprezidenta regionu Bl\u00edzk\u00e9ho v\u00fdchodu a Afriky, do pozice&#8230;<\/p>\n","protected":false},"author":1,"featured_media":18608,"comment_status":"closed","ping_status":"closed","sticky":false,"template":"","format":"standard","meta":{"footnotes":""},"categories":[6,5],"tags":[],"class_list":["post-18606","post","type-post","status-publish","format-standard","has-post-thumbnail","hentry","category-management","category-personalie"],"_links":{"self":[{"href":"https:\/\/www.automakers.cz\/index.php?rest_route=\/wp\/v2\/posts\/18606","targetHints":{"allow":["GET"]}}],"collection":[{"href":"https:\/\/www.automakers.cz\/index.php?rest_route=\/wp\/v2\/posts"}],"about":[{"href":"https:\/\/www.automakers.cz\/index.php?rest_route=\/wp\/v2\/types\/post"}],"author":[{"embeddable":true,"href":"https:\/\/www.automakers.cz\/index.php?rest_route=\/wp\/v2\/users\/1"}],"replies":[{"embeddable":true,"href":"https:\/\/www.automakers.cz\/index.php?rest_route=%2Fwp%2Fv2%2Fcomments&post=18606"}],"version-history":[{"count":2,"href":"https:\/\/www.automakers.cz\/index.php?rest_route=\/wp\/v2\/posts\/18606\/revisions"}],"predecessor-version":[{"id":18609,"href":"https:\/\/www.automakers.cz\/index.php?rest_route=\/wp\/v2\/posts\/18606\/revisions\/18609"}],"wp:featuredmedia":[{"embeddable":true,"href":"https:\/\/www.automakers.cz\/index.php?rest_route=\/wp\/v2\/media\/18608"}],"wp:attachment":[{"href":"https:\/\/www.automakers.cz\/index.php?rest_route=%2Fwp%2Fv2%2Fmedia&parent=18606"}],"wp:term":[{"taxonomy":"category","embeddable":true,"href":"https:\/\/www.automakers.cz\/index.php?rest_route=%2Fwp%2Fv2%2Fcategories&post=18606"},{"taxonomy":"post_tag","embeddable":true,"href":"https:\/\/www.automakers.cz\/index.php?rest_route=%2Fwp%2Fv2%2Ftags&post=18606"}],"curies":[{"name":"wp","href":"https:\/\/api.w.org\/{rel}","templated":true}]}}