{"id":18645,"date":"2025-12-22T09:37:27","date_gmt":"2025-12-22T09:37:27","guid":{"rendered":"https:\/\/www.automakers.cz\/?p=18645"},"modified":"2025-12-22T09:43:02","modified_gmt":"2025-12-22T09:43:02","slug":"dealersky-special-automakers-shrnul-rok-2025","status":"publish","type":"post","link":"https:\/\/www.automakers.cz\/?p=18645","title":{"rendered":"Dealersk\u00fd speci\u00e1l AUTOmakers shrnul rok 2025"},"content":{"rendered":"<p><strong>Rok 2025 p\u0159inesl do sv\u011bta import\u00e9r\u016f a dealer\u016f aut \u0159adu novinek. V severn\u00edch \u010cech\u00e1ch se objevila nov\u00e1 dealersk\u00e1 skupina, nov\u00e9 showroomy jsou v Praze, Ostrav\u011b, Liberci, Tuchom\u011b\u0159ic\u00edch nebo v Pr\u016fhonic\u00edch. Ud\u00e1losti uplynul\u00fdch 12 m\u011bs\u00edc\u016f shrnul ti\u0161t\u011bn\u00fd Dealersk\u00fd speci\u00e1l 2025! P\u0159inesl tak\u00e9 ohl\u00e9dnut\u00ed za e-Salonem a \u0159adou podzimn\u00edch premi\u00e9r.<\/strong><!--more--><\/p>\n<h3><strong>T\u00e9mata leto\u0161n\u00edho posledn\u00edho vyd\u00e1n\u00ed:<\/strong><\/h3>\n<p><strong>Premi\u00e9ry nov\u00fdch model\u016f ve 4. kvart\u00e1lu 2025<\/strong><\/p>\n<p><img loading=\"lazy\" decoding=\"async\" class=\"alignnone size-medium wp-image-17824\" src=\"http:\/\/www.automakers.cz\/wp-content\/uploads\/2025\/11\/eSALON-Hyundai-Ioniq-orez-900x506.jpg\" alt=\"\" width=\"900\" height=\"506\" srcset=\"https:\/\/www.automakers.cz\/wp-content\/uploads\/2025\/11\/eSALON-Hyundai-Ioniq-orez-900x506.jpg 900w, https:\/\/www.automakers.cz\/wp-content\/uploads\/2025\/11\/eSALON-Hyundai-Ioniq-orez-1024x576.jpg 1024w, https:\/\/www.automakers.cz\/wp-content\/uploads\/2025\/11\/eSALON-Hyundai-Ioniq-orez-768x432.jpg 768w, https:\/\/www.automakers.cz\/wp-content\/uploads\/2025\/11\/eSALON-Hyundai-Ioniq-orez-1536x864.jpg 1536w, https:\/\/www.automakers.cz\/wp-content\/uploads\/2025\/11\/eSALON-Hyundai-Ioniq-orez-1280x720.jpg 1280w, https:\/\/www.automakers.cz\/wp-content\/uploads\/2025\/11\/eSALON-Hyundai-Ioniq-orez.jpg 2048w\" sizes=\"auto, (max-width: 900px) 100vw, 900px\" \/><strong>Ale\u0161 Nov\u00e1k startuje Auto Nord Group<\/strong><\/p>\n<p><img loading=\"lazy\" decoding=\"async\" class=\"alignnone size-medium wp-image-18648\" src=\"http:\/\/www.automakers.cz\/wp-content\/uploads\/2025\/12\/Novak-Ales-neutral-900x838.jpg\" alt=\"\" width=\"900\" height=\"838\" srcset=\"https:\/\/www.automakers.cz\/wp-content\/uploads\/2025\/12\/Novak-Ales-neutral-900x838.jpg 900w, https:\/\/www.automakers.cz\/wp-content\/uploads\/2025\/12\/Novak-Ales-neutral-1024x953.jpg 1024w, https:\/\/www.automakers.cz\/wp-content\/uploads\/2025\/12\/Novak-Ales-neutral-768x715.jpg 768w, https:\/\/www.automakers.cz\/wp-content\/uploads\/2025\/12\/Novak-Ales-neutral.jpg 1255w\" sizes=\"auto, (max-width: 900px) 100vw, 900px\" \/><strong>Anketa Auto roku 2026 v \u010cR jde do 2. kola<\/strong><\/p>\n<p><img loading=\"lazy\" decoding=\"async\" class=\"size-medium wp-image-18093\" src=\"http:\/\/www.automakers.cz\/wp-content\/uploads\/2025\/11\/Auto-roku-2026-Certousy-auta-snih-900x600.jpeg\" alt=\"\" width=\"900\" height=\"600\" \/><\/p>\n<p><strong>Daimler Trucks otev\u00edr\u00e1 nov\u00e9 parts centrum<\/strong><\/p>\n<p><img loading=\"lazy\" decoding=\"async\" class=\"size-medium wp-image-15467\" src=\"http:\/\/www.automakers.cz\/wp-content\/uploads\/2025\/08\/Daimler-Truck-hala-900x280.jpg\" alt=\"\" width=\"900\" height=\"280\" \/><\/p>\n<p><strong>AutoBinck otev\u0159el novou CUPRA Garage<\/strong><\/p>\n<p><img loading=\"lazy\" decoding=\"async\" class=\"alignnone size-medium wp-image-18053\" src=\"http:\/\/www.automakers.cz\/wp-content\/uploads\/2025\/11\/Cupra-Garage-Tuchomerice-vizualizace-11-900x356.jpg\" alt=\"\" width=\"900\" height=\"356\" srcset=\"https:\/\/www.automakers.cz\/wp-content\/uploads\/2025\/11\/Cupra-Garage-Tuchomerice-vizualizace-11-900x356.jpg 900w, https:\/\/www.automakers.cz\/wp-content\/uploads\/2025\/11\/Cupra-Garage-Tuchomerice-vizualizace-11-1024x405.jpg 1024w, https:\/\/www.automakers.cz\/wp-content\/uploads\/2025\/11\/Cupra-Garage-Tuchomerice-vizualizace-11-768x304.jpg 768w, https:\/\/www.automakers.cz\/wp-content\/uploads\/2025\/11\/Cupra-Garage-Tuchomerice-vizualizace-11.jpg 1314w\" sizes=\"auto, (max-width: 900px) 100vw, 900px\" \/><strong>Citro\u00ebn m\u00e1 nov\u00fd showroom v Liberci<\/strong><\/p>\n<p><img loading=\"lazy\" decoding=\"async\" class=\"alignnone size-medium wp-image-10877\" src=\"http:\/\/www.automakers.cz\/wp-content\/uploads\/2025\/02\/Citroen-Fleet-e-C3-1-900x617.jpeg\" alt=\"\" width=\"900\" height=\"617\" \/><\/p>\n<p><strong>Veletrh e-SALON 2025<\/strong><br \/>\ne-SALON nab\u00eddl den pln\u00fd tiskovek<br \/>\nPorsche \u010cR m\u011blo tradi\u010dn\u00ed e-Salon Night<br \/>\nBYD p\u0159edvedl na veletrhu Dolphin Surf<br \/>\nMitsubishi p\u0159ivezlo do Let\u0148an Grandis<br \/>\nHyundai uk\u00e1zal Ioniq 6 a dal\u0161\u00ed modely<br \/>\nSt\u00e1nek MG zdobily vozy S5 EV a Cybester<\/p>\n<p><strong>Premi\u00e9ry a ud\u00e1losti podzimu 2025<\/strong><br \/>\nPolicie testuje elekrickou \u0160kodu Elroq<br \/>\nOrbion otev\u0159el showroom Lynk Pr\u016fhonice<br \/>\nPragovka Art District vid\u011bla premi\u00e9ru DS 8<br \/>\nHyundai Ioniq 9 se bl\u00fdskl v Tatr\u00e1ch<br \/>\nJahn vyvezl \u0160kodu Vison O na Designblok<br \/>\nBMW iX3 m\u011blo premi\u00e9ru v Uheln\u00e9m ml\u00fdn\u011b<br \/>\nPolygon Most \u0161kol\u00ed \u0159\u00edzen\u00ed elektromobil\u016f<br \/>\nBrno chyst\u00e1 na jaro veletrh AMPER 2026<br \/>\nOmoda 9 odjela prvn\u00ed testy v Ob\u0159\u00edstv\u00ed<br \/>\nDirect Auto otev\u0159elo galerii aut v Ostrav\u011b<br \/>\nKION slavi 10 let s kapelou Chinaski<br \/>\nKia p\u0159edvedla model EV v Kr\u00e1lovic\u00edch<\/p>\n<p><strong>Aplikace Fleetman ud\u011bl\u00e1 po\u0159\u00e1dek ve firemn\u00edch flotil\u00e1ch\u00a0<\/strong><\/p>\n<p><img loading=\"lazy\" decoding=\"async\" class=\"alignnone size-medium wp-image-18649\" src=\"http:\/\/www.automakers.cz\/wp-content\/uploads\/2025\/12\/fleetman_clanek_prinosy-900x600.jpg\" alt=\"\" width=\"900\" height=\"600\" \/><\/p>\n<p>&nbsp;<\/p>\n","protected":false},"excerpt":{"rendered":"<p>Rok 2025 p\u0159inesl do sv\u011bta import\u00e9r\u016f a dealer\u016f aut \u0159adu novinek. V severn\u00edch \u010cech\u00e1ch se&#8230;<\/p>\n","protected":false},"author":1,"featured_media":18555,"comment_status":"closed","ping_status":"closed","sticky":false,"template":"","format":"standard","meta":{"footnotes":""},"categories":[17,49,12],"tags":[],"class_list":["post-18645","post","type-post","status-publish","format-standard","has-post-thumbnail","hentry","category-dealeri","category-media","category-premiery"],"_links":{"self":[{"href":"https:\/\/www.automakers.cz\/index.php?rest_route=\/wp\/v2\/posts\/18645","targetHints":{"allow":["GET"]}}],"collection":[{"href":"https:\/\/www.automakers.cz\/index.php?rest_route=\/wp\/v2\/posts"}],"about":[{"href":"https:\/\/www.automakers.cz\/index.php?rest_route=\/wp\/v2\/types\/post"}],"author":[{"embeddable":true,"href":"https:\/\/www.automakers.cz\/index.php?rest_route=\/wp\/v2\/users\/1"}],"replies":[{"embeddable":true,"href":"https:\/\/www.automakers.cz\/index.php?rest_route=%2Fwp%2Fv2%2Fcomments&post=18645"}],"version-history":[{"count":8,"href":"https:\/\/www.automakers.cz\/index.php?rest_route=\/wp\/v2\/posts\/18645\/revisions"}],"predecessor-version":[{"id":18651,"href":"https:\/\/www.automakers.cz\/index.php?rest_route=\/wp\/v2\/posts\/18645\/revisions\/18651"}],"wp:featuredmedia":[{"embeddable":true,"href":"https:\/\/www.automakers.cz\/index.php?rest_route=\/wp\/v2\/media\/18555"}],"wp:attachment":[{"href":"https:\/\/www.automakers.cz\/index.php?rest_route=%2Fwp%2Fv2%2Fmedia&parent=18645"}],"wp:term":[{"taxonomy":"category","embeddable":true,"href":"https:\/\/www.automakers.cz\/index.php?rest_route=%2Fwp%2Fv2%2Fcategories&post=18645"},{"taxonomy":"post_tag","embeddable":true,"href":"https:\/\/www.automakers.cz\/index.php?rest_route=%2Fwp%2Fv2%2Ftags&post=18645"}],"curies":[{"name":"wp","href":"https:\/\/api.w.org\/{rel}","templated":true}]}}