{"id":1865,"date":"2024-02-01T09:33:25","date_gmt":"2024-02-01T09:33:25","guid":{"rendered":"https:\/\/www.automakers.cz\/?p=1865"},"modified":"2024-02-01T09:33:25","modified_gmt":"2024-02-01T09:33:25","slug":"cerne-skrinky-povinne-od-cervence","status":"publish","type":"post","link":"https:\/\/www.automakers.cz\/?p=1865","title":{"rendered":"\u010cern\u00e9 sk\u0159\u00ed\u0148ky povinn\u011b od \u010dervence"},"content":{"rendered":"<p class=\"c_aW f_gb speakable\" data-dot=\"ogm-article-perex\"><strong>Nov\u00e9 automobily prod\u00e1van\u00e9 v zem\u00edch EU budou povinn\u011b vybaveny za\u0159\u00edzen\u00edm ozna\u010dovan\u00fdm jako EDR, kter\u00e9 bude m\u00edt podobnou funkci jako \u010dern\u00e9 sk\u0159\u00ed\u0148ky pou\u017e\u00edvan\u00e9 v letectv\u00ed. Uvedl to port\u00e1l Motor1.<\/strong><!--more--><\/p>\n<div class=\"f_gc\">\n<div class=\"ogm-main-media__container\" data-dot=\"ogm-main-media\" data-e2e=\"ogm-main-media\">\n<figure class=\"e_br\" aria-label=\"Galerie Mercedesy EQA a\u00a0EQS SUV v\u00a0crash testu, ilustra\u010dn\u00ed foto\" data-dot=\"mol-figure\" data-dot-data=\"{&quot;mediaItemType&quot;:&quot;foto&quot;}\">\n<div class=\"c_aI e_bs\"><\/div>\n<\/figure>\n<\/div>\n<\/div>\n<div class=\"ogm-container _6231b388c0086990921bf42b\">\n<div class=\"f_gg\" data-e2e=\"ogm-article-layout\">\n<article class=\"f_gi\" role=\"article\" aria-labelledby=\"accessibility-article\">\n<div class=\"f_gh\" data-dot=\"ogm-article-content\">\n<div class=\"e_dX e_d7\">\n<div class=\"e_aW speakable\" data-dot=\"mol-paragraph\">\n<p class=\"c_aW\"><span class=\"c_ek\">Zat\u00edmco letadla jsou \u010dern\u00fdmi sk\u0159\u00ed\u0148kami povinn\u011b vybavov\u00e1na od \u0161edes\u00e1t\u00fdch let, v\u0161echna nov\u00e1 auta prod\u00e1van\u00e1 na \u00fazem\u00ed EU je budou muset m\u00edt od \u010dervence 2024.\u00a0<\/span><\/p>\n<\/div>\n<div class=\"e_aW speakable\" data-dot=\"mol-paragraph\">\n<p class=\"c_aW\"><span class=\"c_ek\">V\u00a0tu dobu toti\u017e vstoup\u00ed v\u00a0platnost na\u0159\u00edzen\u00ed, podle kter\u00e9ho mus\u00ed b\u00fdt v\u0161echny nov\u00e9 vozy registrovan\u00e9 v\u00a0EU vybaveny za\u0159\u00edzen\u00edm EDR (Event Data Recorder), p\u0159ezd\u00edvan\u00fdm \u010dern\u00e1 sk\u0159\u00ed\u0148ka, jak upozornil <a class=\"c_ak\" href=\"https:\/\/www.motor1.com\/news\/706396\/black-box-europe-mandatory-july-2024\/\" target=\"_blank\" rel=\"noopener\">Motor1<\/a>.<\/span><\/p>\n<\/div>\n<div class=\"e_aW speakable\" data-dot=\"mol-paragraph\">\n<p class=\"c_aW\"><span class=\"c_ek\">Na\u0159\u00edzen\u00ed se t\u00fdk\u00e1 osobn\u00edch automobil\u016f M1, kter\u00e9 mohou p\u0159ev\u00e1\u017eet a\u017e osm cestuj\u00edc\u00edch, i\u00a0lehk\u00fdch u\u017eitkov\u00fdch vozidel N1, jako jsou pick-upy a\u00a0dod\u00e1vky, jejich\u017e hmotnost nep\u0159esahuje 3,5\u00a0tuny.<\/span><\/p>\n<\/div>\n<div class=\"e_fA js-ad e_aX\">\n<div class=\"e_eF\"><\/div>\n<\/div>\n<\/div>\n<\/div>\n<\/article>\n<\/div>\n<\/div>\n<div class=\"e_aW speakable\" data-dot=\"mol-paragraph\">\n<p class=\"c_aW\"><span class=\"c_ek\">Na\u0159\u00edzen\u00ed p\u0159ijat\u00e9 EU vstoupilo v\u00a0platnost pro nov\u00e9 typy vozidel ji\u017e v\u00a0\u010dervenci 2022, od \u010dervence 2024\u00a0pak plat\u00ed pro v\u0161echna nov\u011b registrovan\u00e1 vozidla. Hlavn\u00edm smyslem EDR je zaznamen\u00e1vat informace p\u011bt\u00a0vte\u0159in p\u0159ed nehodou a\u00a00,3\u00a0sekundy po n\u00e1razu. Anal\u00fdza dat by pak m\u011bla p\u0159isp\u011bt k\u00a0dal\u0161\u00edmu rozvoji bezpe\u010dnosti automobil\u016f.<\/span><\/p>\n<\/div>\n<div class=\"e_eF\"><\/div>\n<div class=\"e_aW speakable\" data-dot=\"mol-paragraph\">\n<p class=\"c_aW\"><span class=\"c_ek\">Mezi sb\u00edran\u00fdmi daty maj\u00ed b\u00fdt informace o\u00a0rychlosti, brzd\u011bn\u00ed, pozici a\u00a0n\u00e1klonu automobilu na silnici a\u00a0tak\u00e9 informace o\u00a0z\u00e1sahu bezpe\u010dnostn\u00edch asisten\u010dn\u00edch syst\u00e9m\u016f. Za\u0159\u00edzen\u00ed EDR bude typicky ulo\u017eeno v\u00a0jednotce airbagu a\u00a0nebude mo\u017en\u00e9 jej vypnout. Zaznamen\u00e1vat za\u010dne p\u0159i zpomalen\u00ed v\u011bt\u0161\u00edm ne\u017e 8\u00a0km\/h za 0,15\u00a0sekundy a\u00a0p\u0159i aktivaci airbag\u016f, p\u0159edep\u00edna\u010de p\u00e1su nebo aktivn\u00ed kapoty.<\/span><\/p>\n<\/div>\n<div class=\"e_aW speakable\" data-dot=\"mol-paragraph\">\n<p class=\"c_aW\"><span class=\"c_ek\">Data budou pat\u0159it v\u017edy majiteli vozu a\u00a0sb\u00edr\u00e1na budou anonymn\u011b. Pou\u017eita mohou b\u00fdt pouze \u00fa\u0159ady, nap\u0159\u00edklad p\u0159i rekonstrukci nehody. Do budoucna by pak mohla pomoci p\u0159i v\u00fdvoji bezpe\u010dn\u011bj\u0161\u00edch automobil\u016f a\u00a0asisten\u010dn\u00edch syst\u00e9m\u016f.<\/span><\/p>\n<\/div>\n<div class=\"e_aW speakable\" data-dot=\"mol-paragraph\">\n<p class=\"c_aW\"><span class=\"c_ek\">Instalace za\u0159\u00edzen\u00ed EDR p\u0159itom nen\u00ed ve sv\u011bt\u011b ni\u010d\u00edm neobvykl\u00fdm. O na\u0159\u00edzen\u00ed se uva\u017eovalo i v USA, v\u011bt\u0161ina automobilek v\u0161ak z\u00e1konod\u00e1rce p\u0159edb\u011bhla a za\u0159\u00edzen\u00ed za\u010daly instalovat ve velk\u00e9 m\u00ed\u0159e i bez n\u011bj. O povinn\u00e9m zaveden\u00ed \u010dern\u00fdch sk\u0159\u00edn\u011bk pro auta pak po vzoru EU uva\u017euje i Austr\u00e1lie.<\/span><\/p>\n<p><strong>Zdroj: novinky.cz<\/strong><\/p>\n<p><img loading=\"lazy\" decoding=\"async\" class=\"alignnone size-medium wp-image-303\" src=\"http:\/\/www.automakers.cz\/wp-content\/uploads\/2023\/11\/Audi-vyroba-linka-Gyor-900x600.jpg\" alt=\"\" width=\"900\" height=\"600\" \/><\/p>\n<\/div>\n","protected":false},"excerpt":{"rendered":"<p>Nov\u00e9 automobily prod\u00e1van\u00e9 v zem\u00edch EU budou povinn\u011b vybaveny za\u0159\u00edzen\u00edm ozna\u010dovan\u00fdm jako EDR, kter\u00e9 bude&#8230;<\/p>\n","protected":false},"author":1,"featured_media":529,"comment_status":"open","ping_status":"open","sticky":false,"template":"","format":"standard","meta":{"footnotes":""},"categories":[60,40],"tags":[],"class_list":["post-1865","post","type-post","status-publish","format-standard","has-post-thumbnail","hentry","category-software","category-technologie"],"_links":{"self":[{"href":"https:\/\/www.automakers.cz\/index.php?rest_route=\/wp\/v2\/posts\/1865","targetHints":{"allow":["GET"]}}],"collection":[{"href":"https:\/\/www.automakers.cz\/index.php?rest_route=\/wp\/v2\/posts"}],"about":[{"href":"https:\/\/www.automakers.cz\/index.php?rest_route=\/wp\/v2\/types\/post"}],"author":[{"embeddable":true,"href":"https:\/\/www.automakers.cz\/index.php?rest_route=\/wp\/v2\/users\/1"}],"replies":[{"embeddable":true,"href":"https:\/\/www.automakers.cz\/index.php?rest_route=%2Fwp%2Fv2%2Fcomments&post=1865"}],"version-history":[{"count":1,"href":"https:\/\/www.automakers.cz\/index.php?rest_route=\/wp\/v2\/posts\/1865\/revisions"}],"predecessor-version":[{"id":1866,"href":"https:\/\/www.automakers.cz\/index.php?rest_route=\/wp\/v2\/posts\/1865\/revisions\/1866"}],"wp:featuredmedia":[{"embeddable":true,"href":"https:\/\/www.automakers.cz\/index.php?rest_route=\/wp\/v2\/media\/529"}],"wp:attachment":[{"href":"https:\/\/www.automakers.cz\/index.php?rest_route=%2Fwp%2Fv2%2Fmedia&parent=1865"}],"wp:term":[{"taxonomy":"category","embeddable":true,"href":"https:\/\/www.automakers.cz\/index.php?rest_route=%2Fwp%2Fv2%2Fcategories&post=1865"},{"taxonomy":"post_tag","embeddable":true,"href":"https:\/\/www.automakers.cz\/index.php?rest_route=%2Fwp%2Fv2%2Ftags&post=1865"}],"curies":[{"name":"wp","href":"https:\/\/api.w.org\/{rel}","templated":true}]}}