{"id":18662,"date":"2025-12-23T08:29:31","date_gmt":"2025-12-23T08:29:31","guid":{"rendered":"https:\/\/www.automakers.cz\/?p=18662"},"modified":"2025-12-23T08:29:31","modified_gmt":"2025-12-23T08:29:31","slug":"hyundai-odhali-v-bruselu-velky-elektromobil","status":"publish","type":"post","link":"https:\/\/www.automakers.cz\/?p=18662","title":{"rendered":"Hyundai odhal\u00ed v Bruselu velk\u00fd elektromobil"},"content":{"rendered":"<div class=\"_67f5fff6d27cec3392ad16c3 ogm-container\">\n<article class=\"i_iM\" aria-labelledby=\"accessibility-article\" data-dot=\"ogm-content\" data-e2e=\"ogm-content\">\n<div class=\"f_fP f_by ogm-content__richContent\">\n<div class=\"f_bt speakable\" data-dot=\"mol-paragraph\">\n<p class=\"c_bt\"><strong><span class=\"c_gc\">Na bruselsk\u00fd autosalon, kter\u00fd se uskute\u010dn\u00ed v term\u00ednu 9. a\u017e 18. ledna, slibuje Hyundai premi\u00e9ru \u010dist\u011b elektrick\u00e9 novinky, kter\u00e1 zat\u00edm nem\u00e1 ofici\u00e1ln\u00ed jm\u00e9no. Design nazna\u010duje jen jeden detail, podle automobilky p\u016fjde o jej\u00ed dosud nejv\u011bt\u0161\u00ed elektromobil.<\/span><\/strong><\/p>\n<p class=\"c_bt\"><span class=\"c_gc\">S ohledem na st\u00e1vaj\u00edc\u00ed nab\u00eddku zna\u010dky, u\u017e tak opulentn\u00ed rozm\u011bry modelu Ioniq 9 a jeden zve\u0159ejn\u011bn\u00fd sn\u00edmek lze p\u0159itom o\u010dek\u00e1vat, \u017ee dosud nezn\u00e1mou novinkou by se mohla st\u00e1t pln\u011b elektrick\u00e1 verze futuristick\u00e9ho MPV modelu Staria, kter\u00fd je dnes dostupn\u00fd se spalovac\u00edm motorem. O elektrick\u00e9 verzi u\u017e se p\u0159itom spekuluje od roku 2024.<\/span><\/p>\n<\/div>\n<figure class=\"f_bN\" aria-label=\"Galerie Hyundai Staria\" data-dot=\"mol-figure\" data-dot-data=\"{&quot;mediaItemType&quot;:&quot;foto&quot;}\"><\/figure>\n<div class=\"f_hR js-ad f_bu\">\n<div class=\"f_fR f_gF mol-document-link--advert f_gH\" data-dot=\"mol-document-link-advert\">\n<div class=\"f_gy\">\n<p class=\"c_bt\"><span class=\"c_gc\">Automobilka k tajemn\u00e9 novince pouze dodala, \u017ee jej\u00edm z\u00e1kladem bude op\u011bt modern\u00ed 800V architektura, co\u017e je p\u0159\u00edslibem rychl\u00e9ho nab\u00edjen\u00ed i osv\u011bd\u010den\u00e9 techniky se slu\u0161n\u00fdm v\u00fdkonem a dojezdem. Novinku pak p\u0159\u00edmo na m\u00edst\u011b p\u0159edstav\u00ed Raf Van Nuffel, viceprezident evropsk\u00e9 divize spole\u010dnosti odpov\u011bdn\u00fd za produkt.<\/span><\/p>\n<\/div>\n<\/div>\n<\/div>\n<div class=\"f_bt speakable\" data-dot=\"mol-paragraph\">\n<p class=\"c_bt\"><span class=\"c_gc\">Vedle zcela nov\u00e9ho modelu nab\u00eddne st\u00e1nek zna\u010dky na bruselsk\u00e9m v\u00fdstavi\u0161ti tak\u00e9 modernizovan\u00fd Ioniq 6, kter\u00fd zde bude m\u00edt v\u00fdstavn\u00ed premi\u00e9ru, chyb\u011bt nebude ani speci\u00e1ln\u00ed N koutek. Zde n\u00e1v\u0161t\u011bvn\u00edci uvid\u00ed produk\u010dn\u00ed modely Ioniq 5\u00a0N a\u00a06\u00a0N nebo divok\u00fd koncept Insteroid vych\u00e1zej\u00edc\u00ed z\u00a0modelu Inster.<\/span><\/p>\n<p><strong>Zdroj: novinky.cz, HMCZ<\/strong><\/p>\n<\/div>\n<\/div>\n<\/article>\n<\/div>\n<p><!--more--><\/p>\n","protected":false},"excerpt":{"rendered":"<p>Na bruselsk\u00fd autosalon, kter\u00fd se uskute\u010dn\u00ed v term\u00ednu 9. a\u017e 18. ledna, slibuje Hyundai premi\u00e9ru&#8230;<\/p>\n","protected":false},"author":1,"featured_media":18670,"comment_status":"closed","ping_status":"closed","sticky":false,"template":"","format":"standard","meta":{"footnotes":""},"categories":[13,9,8],"tags":[],"class_list":["post-18662","post","type-post","status-publish","format-standard","has-post-thumbnail","hentry","category-design","category-elektromobily","category-vystavy"],"_links":{"self":[{"href":"https:\/\/www.automakers.cz\/index.php?rest_route=\/wp\/v2\/posts\/18662","targetHints":{"allow":["GET"]}}],"collection":[{"href":"https:\/\/www.automakers.cz\/index.php?rest_route=\/wp\/v2\/posts"}],"about":[{"href":"https:\/\/www.automakers.cz\/index.php?rest_route=\/wp\/v2\/types\/post"}],"author":[{"embeddable":true,"href":"https:\/\/www.automakers.cz\/index.php?rest_route=\/wp\/v2\/users\/1"}],"replies":[{"embeddable":true,"href":"https:\/\/www.automakers.cz\/index.php?rest_route=%2Fwp%2Fv2%2Fcomments&post=18662"}],"version-history":[{"count":4,"href":"https:\/\/www.automakers.cz\/index.php?rest_route=\/wp\/v2\/posts\/18662\/revisions"}],"predecessor-version":[{"id":18672,"href":"https:\/\/www.automakers.cz\/index.php?rest_route=\/wp\/v2\/posts\/18662\/revisions\/18672"}],"wp:featuredmedia":[{"embeddable":true,"href":"https:\/\/www.automakers.cz\/index.php?rest_route=\/wp\/v2\/media\/18670"}],"wp:attachment":[{"href":"https:\/\/www.automakers.cz\/index.php?rest_route=%2Fwp%2Fv2%2Fmedia&parent=18662"}],"wp:term":[{"taxonomy":"category","embeddable":true,"href":"https:\/\/www.automakers.cz\/index.php?rest_route=%2Fwp%2Fv2%2Fcategories&post=18662"},{"taxonomy":"post_tag","embeddable":true,"href":"https:\/\/www.automakers.cz\/index.php?rest_route=%2Fwp%2Fv2%2Ftags&post=18662"}],"curies":[{"name":"wp","href":"https:\/\/api.w.org\/{rel}","templated":true}]}}