{"id":18726,"date":"2026-01-02T10:19:00","date_gmt":"2026-01-02T10:19:00","guid":{"rendered":"https:\/\/www.automakers.cz\/?p=18726"},"modified":"2026-01-02T10:19:00","modified_gmt":"2026-01-02T10:19:00","slug":"konec-roku-zastihl-prumysl-v-dobre-nalade","status":"publish","type":"post","link":"https:\/\/www.automakers.cz\/?p=18726","title":{"rendered":"Konec roku zastihl pr\u016fmysl v dobr\u00e9 n\u00e1lad\u011b"},"content":{"rendered":"<p><strong>Index PMI pro zpracovatelsk\u00fd pr\u016fmysl skon\u010dil v prosinci nad o\u010dek\u00e1v\u00e1n\u00edmi, kdy\u017e medi\u00e1n trhu predikoval jeho stagnaci a na\u0161e progn\u00f3za pak nepatrn\u00fd pokles (47,8 bod\u016f). Nakonec se ale zv\u00fd\u0161il z listopadov\u00fdch 48,0 a\u017e na 50,4 bod\u016f a p\u0159ekonal kl\u00ed\u010dovou hranici 50 bod\u016f d\u011bl\u00edc\u00ed expanzi od kontrakce v tomto odv\u011btv\u00ed. Stalo se tak podruh\u00e9 v minul\u00e9m roce (v \u010dervnu 50,2) a z\u00e1rove\u0148 je to nejlep\u0161\u00ed v\u00fdsledek od kv\u011btna 2022.<\/strong><!--more--><br \/>\nPozitivn\u00ed je, \u017ee tento v\u00fdvoj je d\u00e1n v\u00edce faktory. <b>Vzrostl po\u010det nov\u00fdch zak\u00e1zek<\/b>, p\u0159i\u010dem\u017e jejich n\u00e1r\u016fst byl zaznamen\u00e1n z dom\u00e1c\u00edho i zahrani\u010dn\u00edho trhu, a tak\u00e9 se da\u0159ilo firm\u00e1m naj\u00edt nov\u00e9 z\u00e1kazn\u00edky. <b>D\u00edky tomu se zv\u00fd\u0161il objem produkce, a i proto bylo t\u0159eba p\u0159ij\u00edmat nov\u00e9 zam\u011bstnance<\/b>.<b>Optimismus firem<\/b> z tohoto d\u016fvodu <b>byl na nejvy\u0161\u0161\u00ed \u00farovni za posledn\u00ed 3 m\u011bs\u00edce<\/b>.<br \/>\n<img decoding=\"async\" src=\"https:\/\/mail133.m1.active24.cz\/webmail\/server\/download.php?dlsess=CBE7ED0CEEBBC034CC271A82424D5DED29E27671B98D859232ACB43B35BCD631BFDB32D3055564FA4E514EBB215EE388E0619AB8C32885EA657B19261AAD3E9DAACDEDCF79ADC391AA14A058DE7D35F5CE3BF483749250C17334E5F09D27C98514A0D7EBDECCF865CC6947D8E7597A37B915593D589B9590F505C6D5CCFF26151DB88AE789441E81F010FB1FCABAA3DBCC968899B1D0920A05DF2253B80C4E367713A5F49F028BC393480197A574F49AE4CE2927AD158AAD576B29567C9D2E3FC274AB5932CCC8840AB9AE7E49A1B0E561111F3339916A6B27266868AC6D097F492288E1B7E9E96958A424C1FA531B7CD70E35B80FCC7379BF2831C51019BF2F&amp;class=cid&amp;fullpath=handl%40czechnews.cz%2FINBOX%2F18458%2F_1_0BA43DA00BA439E00035187DC1258D73&amp;part=1.3\" \/><br \/>\nZlep\u0161en\u00ed podm\u00ednek v tuzemsk\u00e9m zpracovatelsk\u00e9m pr\u016fmyslu bylo b\u011bhem prosince d\u00e1no zv\u00fd\u0161en\u00edm objem\u016f produkce, nov\u00fdch zak\u00e1zek i zam\u011bstnanosti, a\u010d ve v\u0161ech p\u0159\u00edpadech pouze m\u00edrn\u00e9mu. <b>V p\u0159\u00edpad\u011b nov\u00fdch zak\u00e1zek do\u0161lo k jejich n\u00e1r\u016fstu poprv\u00e9 po \u010dty\u0159ech m\u011bs\u00edc\u00edch, p\u0159i\u010dem\u017e druh\u00fd m\u011bs\u00edc v \u0159ad\u011b se nav\u00fd\u0161il jejich po\u010det ze zahrani\u010d\u00ed<\/b>. Z\u00e1rove\u0148 se i nad\u00e1le da\u0159\u00ed hledat nov\u00e9 z\u00e1kazn\u00edky a pokra\u010duje tak <b>diverzifikace \u010desk\u00e9ho exportu<\/b>.<\/p>\n<p>V\u00fdrobci reagovali na zv\u00fd\u0161en\u00ed sv\u00fdch objedn\u00e1vkov\u00fdch knih naj\u00edm\u00e1n\u00edm nov\u00fdch pracovn\u00edk\u016f (p\u0159edev\u0161\u00edm na pln\u00fd \u00favazek) a tak\u00e9 zv\u00fd\u0161en\u00edm sv\u00e9 v\u00fdroby. <b>Tento v\u00fdvoj tak zcela zapad\u00e1 do na\u0161eho sc\u00e9n\u00e1\u0159e<\/b>, kdy <b>o\u010dek\u00e1v\u00e1me stabilizaci nezam\u011bstnanosti v pr\u016fb\u011bhu tohoto roku<\/b> (zam\u011bstnanost v pr\u016fmyslu stoupla poprv\u00e9 za 39 m\u011bs\u00edc\u016f) <b>a tak\u00e9 lep\u0161\u00ed kondici \u010desk\u00e9ho pr\u016fmyslu<\/b> d\u00edky p\u0159\u00edzniv\u011bj\u0161\u00edmu zahrani\u010dn\u00edmu prost\u0159ed\u00ed. O\u017eiven\u00ed v N\u011bmecku bude ale sp\u00ed\u0161e pozvoln\u011bj\u0161\u00ed, proto p\u0159edpokl\u00e1d\u00e1me, \u017ee <b>pr\u016fmysl nebude hlavn\u00edm tahounem \u010desk\u00e9 ekonomiky, ale na druh\u00e9 stran\u011b ani jej\u00ed kotvou<\/b>. Rovn\u011b\u017e samotn\u00fd pr\u016fmysl je relativn\u011b pozitivn\u00ed, kdy\u017e se m\u00edra optimismu zv\u00fd\u0161ila na nejvy\u0161\u0161\u00ed \u00farove\u0148 za posledn\u00ed 3 m\u011bs\u00edce. Firmy jsou povzbuzeny \u00fasp\u011bchy na nov\u00fdch trz\u00edch a nad\u011bj\u00ed na stabilizaci obchodn\u00edho prost\u0159ed\u00ed (= znalost v\u00fd\u0161e americk\u00fdch cel).<\/p>\n<p>Zv\u00fd\u0161en\u00e1 popt\u00e1vka se projevila v ni\u017e\u0161\u00edm omezov\u00e1n\u00ed n\u00e1kup\u016f vstup\u016f, nicm\u00e9n\u011b i nad\u00e1le p\u0159evl\u00e1d\u00e1 opatrnost, proto\u017ee jejich <b>ceny (nap\u0159. kovy \u010di d\u0159evo) rostou<\/b>. Jsou tak nad\u00e1le vyu\u017e\u00edv\u00e1ny d\u0159\u00edv\u011bj\u0161\u00ed z\u00e1soby. <b>Provozn\u00ed n\u00e1klady firem vzrostly nejrychlej\u0161\u00edm tempem od minul\u00e9ho kv\u011btna<\/b>, co\u017e se odrazilo na rostouc\u00edch prodejn\u00edch cen\u00e1ch. <b>Tempo zdra\u017eov\u00e1n\u00ed ov\u0161em zpomalilo<\/b>, proto\u017ee firmy cht\u011bj\u00ed z\u016fstat konkurenceschopn\u00e9 a necht\u011bj\u00ed odradit nov\u011b z\u00edskan\u00e9 z\u00e1kazn\u00edky.<\/p>\n<p><strong>Zdroj: RBMartin Kron, analytik<\/strong><\/p>\n","protected":false},"excerpt":{"rendered":"<p>Index PMI pro zpracovatelsk\u00fd pr\u016fmysl skon\u010dil v prosinci nad o\u010dek\u00e1v\u00e1n\u00edmi, kdy\u017e medi\u00e1n trhu predikoval jeho&#8230;<\/p>\n","protected":false},"author":1,"featured_media":17479,"comment_status":"closed","ping_status":"closed","sticky":false,"template":"","format":"standard","meta":{"footnotes":""},"categories":[42,10,18],"tags":[],"class_list":["post-18726","post","type-post","status-publish","format-standard","has-post-thumbnail","hentry","category-analyza","category-statistika","category-vyroba"],"_links":{"self":[{"href":"https:\/\/www.automakers.cz\/index.php?rest_route=\/wp\/v2\/posts\/18726","targetHints":{"allow":["GET"]}}],"collection":[{"href":"https:\/\/www.automakers.cz\/index.php?rest_route=\/wp\/v2\/posts"}],"about":[{"href":"https:\/\/www.automakers.cz\/index.php?rest_route=\/wp\/v2\/types\/post"}],"author":[{"embeddable":true,"href":"https:\/\/www.automakers.cz\/index.php?rest_route=\/wp\/v2\/users\/1"}],"replies":[{"embeddable":true,"href":"https:\/\/www.automakers.cz\/index.php?rest_route=%2Fwp%2Fv2%2Fcomments&post=18726"}],"version-history":[{"count":1,"href":"https:\/\/www.automakers.cz\/index.php?rest_route=\/wp\/v2\/posts\/18726\/revisions"}],"predecessor-version":[{"id":18727,"href":"https:\/\/www.automakers.cz\/index.php?rest_route=\/wp\/v2\/posts\/18726\/revisions\/18727"}],"wp:featuredmedia":[{"embeddable":true,"href":"https:\/\/www.automakers.cz\/index.php?rest_route=\/wp\/v2\/media\/17479"}],"wp:attachment":[{"href":"https:\/\/www.automakers.cz\/index.php?rest_route=%2Fwp%2Fv2%2Fmedia&parent=18726"}],"wp:term":[{"taxonomy":"category","embeddable":true,"href":"https:\/\/www.automakers.cz\/index.php?rest_route=%2Fwp%2Fv2%2Fcategories&post=18726"},{"taxonomy":"post_tag","embeddable":true,"href":"https:\/\/www.automakers.cz\/index.php?rest_route=%2Fwp%2Fv2%2Ftags&post=18726"}],"curies":[{"name":"wp","href":"https:\/\/api.w.org\/{rel}","templated":true}]}}