{"id":1876,"date":"2024-02-05T11:06:01","date_gmt":"2024-02-05T11:06:01","guid":{"rendered":"https:\/\/www.automakers.cz\/?p=1876"},"modified":"2024-02-06T14:12:18","modified_gmt":"2024-02-06T14:12:18","slug":"importersky-special-velky-prehled-bilancnich-tiskovek","status":"publish","type":"post","link":"https:\/\/www.automakers.cz\/?p=1876","title":{"rendered":"Import\u00e9rsk\u00fd speci\u00e1l AUTOmakers v b\u0159eznu"},"content":{"rendered":"<div class=\"meta-space\">\n<p><strong>P\u0159ehnalo se obdob\u00ed lednov\u00fdch bilan\u010dn\u00edch tiskovek, jejich p\u0159ehled s hodnocen\u00edm lo\u0148sk\u00e9ho roku p\u0159inese b\u0159eznov\u00fd ti\u0161t\u011bn\u00fd Import\u00e9rsk\u00fd speci\u00e1l Automakers. Nebudou chyb\u011bt rozhovory o pl\u00e1nech na leto\u0161ek, person\u00e1lie, v\u00fdsledky ankety PR roku a interview s loni nejobl\u00edben\u011bj\u0161\u00edm mluv\u010d\u00edm SDA!<\/strong><\/p>\n<\/div>\n<p><!--more--><\/p>\n<p><strong>OBSAH MAGAZ\u00cdNU<\/strong><\/p>\n<p><strong>T\u00c9MA<\/strong><\/p>\n<p>Mana\u017ee\u0159i SDA hodnot\u00ed pozice sv\u00fdch zna\u010dek. Jak dopadl rok 2023 a co chystaj\u00ed nejv\u00fdznamn\u011bj\u0161\u00ed dovozci na leto\u0161ek?<\/p>\n<p><strong>BILAN\u010cN\u00cd TISKOVKY 2024<\/strong><\/p>\n<p><strong> (\u0160koda, Porsche \u010cR, Toyota, Kia, Ford, Opel, Fiat, BMW, Audi, MG, Mitsubishi a Subaru)<br \/>\n<\/strong><\/p>\n<figure id=\"attachment_1878\" aria-describedby=\"caption-attachment-1878\" style=\"width: 900px\" class=\"wp-caption alignnone\"><img loading=\"lazy\" decoding=\"async\" class=\"size-medium wp-image-1878\" src=\"http:\/\/www.automakers.cz\/wp-content\/uploads\/2024\/02\/Skoda-Malacek-bilancni-TK-Filadelfie-900x675.jpg\" alt=\"\" width=\"900\" height=\"675\" srcset=\"https:\/\/www.automakers.cz\/wp-content\/uploads\/2024\/02\/Skoda-Malacek-bilancni-TK-Filadelfie-900x675.jpg 900w, https:\/\/www.automakers.cz\/wp-content\/uploads\/2024\/02\/Skoda-Malacek-bilancni-TK-Filadelfie-1024x768.jpg 1024w, https:\/\/www.automakers.cz\/wp-content\/uploads\/2024\/02\/Skoda-Malacek-bilancni-TK-Filadelfie-768x576.jpg 768w, https:\/\/www.automakers.cz\/wp-content\/uploads\/2024\/02\/Skoda-Malacek-bilancni-TK-Filadelfie-1536x1152.jpg 1536w, https:\/\/www.automakers.cz\/wp-content\/uploads\/2024\/02\/Skoda-Malacek-bilancni-TK-Filadelfie.jpg 2040w\" sizes=\"auto, (max-width: 900px) 100vw, 900px\" \/><figcaption id=\"caption-attachment-1878\" class=\"wp-caption-text\"><strong>Ji\u0159\u00ed Mal\u00e1\u010dek bilancoval 30. ledna v\u00fdsledky \u0160kody \u010cR ve Filadelfii<\/strong><\/figcaption><\/figure>\n<figure id=\"attachment_1543\" aria-describedby=\"caption-attachment-1543\" style=\"width: 900px\" class=\"wp-caption alignnone\"><img loading=\"lazy\" decoding=\"async\" class=\"size-medium wp-image-1543\" src=\"http:\/\/www.automakers.cz\/wp-content\/uploads\/2024\/01\/Porsche-Alcron-Hurt-2024-900x505.jpg\" alt=\"\" width=\"900\" height=\"505\" srcset=\"https:\/\/www.automakers.cz\/wp-content\/uploads\/2024\/01\/Porsche-Alcron-Hurt-2024-900x505.jpg 900w, https:\/\/www.automakers.cz\/wp-content\/uploads\/2024\/01\/Porsche-Alcron-Hurt-2024-1024x575.jpg 1024w, https:\/\/www.automakers.cz\/wp-content\/uploads\/2024\/01\/Porsche-Alcron-Hurt-2024-768x431.jpg 768w, https:\/\/www.automakers.cz\/wp-content\/uploads\/2024\/01\/Porsche-Alcron-Hurt-2024.jpg 1179w\" sizes=\"auto, (max-width: 900px) 100vw, 900px\" \/><figcaption id=\"caption-attachment-1543\" class=\"wp-caption-text\"><strong>Jednatel Porsche \u010cR Jan Hurt sezval novin\u00e1\u0159e do Alcronu<\/strong><\/figcaption><\/figure>\n<figure id=\"attachment_1709\" aria-describedby=\"caption-attachment-1709\" style=\"width: 900px\" class=\"wp-caption alignnone\"><img loading=\"lazy\" decoding=\"async\" class=\"size-medium wp-image-1709\" src=\"http:\/\/www.automakers.cz\/wp-content\/uploads\/2024\/01\/Toyota-bilancni-TK-Peleska-2024-900x675.jpg\" alt=\"\" width=\"900\" height=\"675\" srcset=\"https:\/\/www.automakers.cz\/wp-content\/uploads\/2024\/01\/Toyota-bilancni-TK-Peleska-2024-900x675.jpg 900w, https:\/\/www.automakers.cz\/wp-content\/uploads\/2024\/01\/Toyota-bilancni-TK-Peleska-2024-1024x768.jpg 1024w, https:\/\/www.automakers.cz\/wp-content\/uploads\/2024\/01\/Toyota-bilancni-TK-Peleska-2024-768x576.jpg 768w, https:\/\/www.automakers.cz\/wp-content\/uploads\/2024\/01\/Toyota-bilancni-TK-Peleska-2024-1536x1152.jpg 1536w, https:\/\/www.automakers.cz\/wp-content\/uploads\/2024\/01\/Toyota-bilancni-TK-Peleska-2024.jpg 2040w\" sizes=\"auto, (max-width: 900px) 100vw, 900px\" \/><figcaption id=\"caption-attachment-1709\" class=\"wp-caption-text\"><strong>Martin Pele\u0161ka komentoval v\u00fdsledky Toyoty a Lexusu v centr\u00e1le importu<br \/><\/strong><\/figcaption><\/figure>\n<figure id=\"attachment_1552\" aria-describedby=\"caption-attachment-1552\" style=\"width: 900px\" class=\"wp-caption alignnone\"><img loading=\"lazy\" decoding=\"async\" class=\"size-medium wp-image-1552\" src=\"http:\/\/www.automakers.cz\/wp-content\/uploads\/2024\/01\/Kia-30-let-Yoo-Barna-Brzobohata-1-900x675.jpg\" alt=\"\" width=\"900\" height=\"675\" srcset=\"https:\/\/www.automakers.cz\/wp-content\/uploads\/2024\/01\/Kia-30-let-Yoo-Barna-Brzobohata-1-900x675.jpg 900w, https:\/\/www.automakers.cz\/wp-content\/uploads\/2024\/01\/Kia-30-let-Yoo-Barna-Brzobohata-1-1024x768.jpg 1024w, https:\/\/www.automakers.cz\/wp-content\/uploads\/2024\/01\/Kia-30-let-Yoo-Barna-Brzobohata-1-768x576.jpg 768w, https:\/\/www.automakers.cz\/wp-content\/uploads\/2024\/01\/Kia-30-let-Yoo-Barna-Brzobohata-1-1536x1152.jpg 1536w, https:\/\/www.automakers.cz\/wp-content\/uploads\/2024\/01\/Kia-30-let-Yoo-Barna-Brzobohata-1.jpg 2040w\" sizes=\"auto, (max-width: 900px) 100vw, 900px\" \/><figcaption id=\"caption-attachment-1552\" class=\"wp-caption-text\"><strong>\u0160\u00e9f Kia Czech Arno\u0161t Barna oslavil 30 let zna\u010dky ve Veletr\u017en\u00edm pal\u00e1ci<\/strong><\/figcaption><\/figure>\n<figure id=\"attachment_754\" aria-describedby=\"caption-attachment-754\" style=\"width: 900px\" class=\"wp-caption alignnone\"><img loading=\"lazy\" decoding=\"async\" class=\"size-medium wp-image-754\" src=\"http:\/\/www.automakers.cz\/wp-content\/uploads\/2023\/12\/foto-Dacia-900x600.jpg\" alt=\"\" width=\"900\" height=\"600\" \/><figcaption id=\"caption-attachment-754\" class=\"wp-caption-text\"><strong>Dacia s Renaultem budou m\u00edt bilan\u010dku 8. \u00fanora<\/strong><\/figcaption><\/figure>\n<figure id=\"attachment_1416\" aria-describedby=\"caption-attachment-1416\" style=\"width: 900px\" class=\"wp-caption alignnone\"><img loading=\"lazy\" decoding=\"async\" class=\"size-medium wp-image-1416\" src=\"http:\/\/www.automakers.cz\/wp-content\/uploads\/2024\/01\/Ford-Benes-Revir-900x675.jpg\" alt=\"\" width=\"900\" height=\"675\" srcset=\"https:\/\/www.automakers.cz\/wp-content\/uploads\/2024\/01\/Ford-Benes-Revir-900x675.jpg 900w, https:\/\/www.automakers.cz\/wp-content\/uploads\/2024\/01\/Ford-Benes-Revir-1024x768.jpg 1024w, https:\/\/www.automakers.cz\/wp-content\/uploads\/2024\/01\/Ford-Benes-Revir-768x576.jpg 768w, https:\/\/www.automakers.cz\/wp-content\/uploads\/2024\/01\/Ford-Benes-Revir-1536x1152.jpg 1536w, https:\/\/www.automakers.cz\/wp-content\/uploads\/2024\/01\/Ford-Benes-Revir.jpg 2040w\" sizes=\"auto, (max-width: 900px) 100vw, 900px\" \/><figcaption id=\"caption-attachment-1416\" class=\"wp-caption-text\"><strong>\u0160\u00e9f importu FMC Libor Bene\u0161 odhalil pl\u00e1ny na tiskovce v Rev\u00edru<\/strong><\/figcaption><\/figure>\n<figure id=\"attachment_1360\" aria-describedby=\"caption-attachment-1360\" style=\"width: 900px\" class=\"wp-caption alignnone\"><img loading=\"lazy\" decoding=\"async\" class=\"size-medium wp-image-1360\" src=\"http:\/\/www.automakers.cz\/wp-content\/uploads\/2024\/01\/Opel-Tancici-dum-Sopik-orez-900x584.jpg\" alt=\"\" width=\"900\" height=\"584\" srcset=\"https:\/\/www.automakers.cz\/wp-content\/uploads\/2024\/01\/Opel-Tancici-dum-Sopik-orez-900x584.jpg 900w, https:\/\/www.automakers.cz\/wp-content\/uploads\/2024\/01\/Opel-Tancici-dum-Sopik-orez-1024x664.jpg 1024w, https:\/\/www.automakers.cz\/wp-content\/uploads\/2024\/01\/Opel-Tancici-dum-Sopik-orez-768x498.jpg 768w, https:\/\/www.automakers.cz\/wp-content\/uploads\/2024\/01\/Opel-Tancici-dum-Sopik-orez-1536x996.jpg 1536w, https:\/\/www.automakers.cz\/wp-content\/uploads\/2024\/01\/Opel-Tancici-dum-Sopik-orez.jpg 2040w\" sizes=\"auto, (max-width: 900px) 100vw, 900px\" \/><figcaption id=\"caption-attachment-1360\" class=\"wp-caption-text\"><strong>\u0160\u00e9f Opelu Josef \u0160op\u00edk se pochlubil v Tan\u010d\u00edc\u00edm dom\u011b<\/strong><\/figcaption><\/figure>\n<figure id=\"attachment_1587\" aria-describedby=\"caption-attachment-1587\" style=\"width: 900px\" class=\"wp-caption alignnone\"><img loading=\"lazy\" decoding=\"async\" class=\"size-medium wp-image-1587\" src=\"http:\/\/www.automakers.cz\/wp-content\/uploads\/2024\/01\/Fiat-Hermansky-900x506.jpg\" alt=\"\" width=\"900\" height=\"506\" srcset=\"https:\/\/www.automakers.cz\/wp-content\/uploads\/2024\/01\/Fiat-Hermansky-900x506.jpg 900w, https:\/\/www.automakers.cz\/wp-content\/uploads\/2024\/01\/Fiat-Hermansky-1024x576.jpg 1024w, https:\/\/www.automakers.cz\/wp-content\/uploads\/2024\/01\/Fiat-Hermansky-768x432.jpg 768w, https:\/\/www.automakers.cz\/wp-content\/uploads\/2024\/01\/Fiat-Hermansky-1536x863.jpg 1536w, https:\/\/www.automakers.cz\/wp-content\/uploads\/2024\/01\/Fiat-Hermansky-1280x720.jpg 1280w, https:\/\/www.automakers.cz\/wp-content\/uploads\/2024\/01\/Fiat-Hermansky.jpg 2048w\" sizes=\"auto, (max-width: 900px) 100vw, 900px\" \/><figcaption id=\"caption-attachment-1587\" class=\"wp-caption-text\"><strong>Jarom\u00edr He\u0159mansk\u00fd p\u0159ibl\u00ed\u017eil situaci F Automobil Importu ve Wine Foodu<\/strong><\/figcaption><\/figure>\n<figure id=\"attachment_1826\" aria-describedby=\"caption-attachment-1826\" style=\"width: 900px\" class=\"wp-caption alignnone\"><img loading=\"lazy\" decoding=\"async\" class=\"size-medium wp-image-1826\" src=\"http:\/\/www.automakers.cz\/wp-content\/uploads\/2024\/01\/BMW_3_Haidinger-900x469.jpg\" alt=\"\" width=\"900\" height=\"469\" srcset=\"https:\/\/www.automakers.cz\/wp-content\/uploads\/2024\/01\/BMW_3_Haidinger-900x469.jpg 900w, https:\/\/www.automakers.cz\/wp-content\/uploads\/2024\/01\/BMW_3_Haidinger-1024x533.jpg 1024w, https:\/\/www.automakers.cz\/wp-content\/uploads\/2024\/01\/BMW_3_Haidinger-768x400.jpg 768w, https:\/\/www.automakers.cz\/wp-content\/uploads\/2024\/01\/BMW_3_Haidinger-1536x800.jpg 1536w, https:\/\/www.automakers.cz\/wp-content\/uploads\/2024\/01\/BMW_3_Haidinger-2048x1066.jpg 2048w\" sizes=\"auto, (max-width: 900px) 100vw, 900px\" \/><figcaption id=\"caption-attachment-1826\" class=\"wp-caption-text\"><strong>Bilan\u010dku BMW a MINI svolal mluv\u010d\u00ed zna\u010dky David Haidinger do Ko\u0161\u00ed\u0159<\/strong><\/figcaption><\/figure>\n<p>&nbsp;<\/p>\n<figure id=\"attachment_1310\" aria-describedby=\"caption-attachment-1310\" style=\"width: 900px\" class=\"wp-caption alignnone\"><img loading=\"lazy\" decoding=\"async\" class=\"size-medium wp-image-1310\" src=\"http:\/\/www.automakers.cz\/wp-content\/uploads\/2024\/01\/MG-Kralicek-Joglova-Vodicka-1-900x675.jpg\" alt=\"\" width=\"900\" height=\"675\" srcset=\"https:\/\/www.automakers.cz\/wp-content\/uploads\/2024\/01\/MG-Kralicek-Joglova-Vodicka-1-900x675.jpg 900w, https:\/\/www.automakers.cz\/wp-content\/uploads\/2024\/01\/MG-Kralicek-Joglova-Vodicka-1-1024x768.jpg 1024w, https:\/\/www.automakers.cz\/wp-content\/uploads\/2024\/01\/MG-Kralicek-Joglova-Vodicka-1-768x576.jpg 768w, https:\/\/www.automakers.cz\/wp-content\/uploads\/2024\/01\/MG-Kralicek-Joglova-Vodicka-1-1536x1152.jpg 1536w, https:\/\/www.automakers.cz\/wp-content\/uploads\/2024\/01\/MG-Kralicek-Joglova-Vodicka-1.jpg 2040w\" sizes=\"auto, (max-width: 900px) 100vw, 900px\" \/><figcaption id=\"caption-attachment-1310\" class=\"wp-caption-text\"><strong>\u0160\u00e9f MG Martin Kr\u00e1l\u00ed\u010dek a market\u00e9r Marek Vodi\u010dka vyhl\u00e1sili ofenzivu v Bastionu<\/strong><\/figcaption><\/figure>\n<figure id=\"attachment_1755\" aria-describedby=\"caption-attachment-1755\" style=\"width: 900px\" class=\"wp-caption alignnone\"><img loading=\"lazy\" decoding=\"async\" class=\"size-medium wp-image-1755\" src=\"http:\/\/www.automakers.cz\/wp-content\/uploads\/2024\/01\/Audi-TK-2024-Archleb-Savoy-900x675.jpg\" alt=\"\" width=\"900\" height=\"675\" srcset=\"https:\/\/www.automakers.cz\/wp-content\/uploads\/2024\/01\/Audi-TK-2024-Archleb-Savoy-900x675.jpg 900w, https:\/\/www.automakers.cz\/wp-content\/uploads\/2024\/01\/Audi-TK-2024-Archleb-Savoy-1024x768.jpg 1024w, https:\/\/www.automakers.cz\/wp-content\/uploads\/2024\/01\/Audi-TK-2024-Archleb-Savoy-768x576.jpg 768w, https:\/\/www.automakers.cz\/wp-content\/uploads\/2024\/01\/Audi-TK-2024-Archleb-Savoy-1536x1152.jpg 1536w, https:\/\/www.automakers.cz\/wp-content\/uploads\/2024\/01\/Audi-TK-2024-Archleb-Savoy.jpg 2040w\" sizes=\"auto, (max-width: 900px) 100vw, 900px\" \/><figcaption id=\"caption-attachment-1755\" class=\"wp-caption-text\"><strong>Vedouc\u00ed Audi Marcel Archleb p\u0159ipomn\u011bl novin\u00e1\u0159\u016fm \u010d\u00edsla ve \u0160pindlu<\/strong><\/figcaption><\/figure>\n<figure id=\"attachment_1504\" aria-describedby=\"caption-attachment-1504\" style=\"width: 900px\" class=\"wp-caption alignnone\"><img loading=\"lazy\" decoding=\"async\" class=\"size-medium wp-image-1504\" src=\"http:\/\/www.automakers.cz\/wp-content\/uploads\/2024\/01\/Mitsubishi-Silhavy-PR-vymena-900x675.jpg\" alt=\"\" width=\"900\" height=\"675\" srcset=\"https:\/\/www.automakers.cz\/wp-content\/uploads\/2024\/01\/Mitsubishi-Silhavy-PR-vymena-900x675.jpg 900w, https:\/\/www.automakers.cz\/wp-content\/uploads\/2024\/01\/Mitsubishi-Silhavy-PR-vymena-1024x768.jpg 1024w, https:\/\/www.automakers.cz\/wp-content\/uploads\/2024\/01\/Mitsubishi-Silhavy-PR-vymena-768x576.jpg 768w, https:\/\/www.automakers.cz\/wp-content\/uploads\/2024\/01\/Mitsubishi-Silhavy-PR-vymena-1536x1152.jpg 1536w, https:\/\/www.automakers.cz\/wp-content\/uploads\/2024\/01\/Mitsubishi-Silhavy-PR-vymena.jpg 2040w\" sizes=\"auto, (max-width: 900px) 100vw, 900px\" \/><figcaption id=\"caption-attachment-1504\" class=\"wp-caption-text\"><strong>\u0160\u00e9f Mitsubishi Kamil \u0160ilhav\u00fd ohl\u00e1sil v\u00fdsledky ve Volcano Resort<\/strong><\/figcaption><\/figure>\n<p><img loading=\"lazy\" decoding=\"async\" class=\"alignnone size-medium wp-image-1654\" src=\"http:\/\/www.automakers.cz\/wp-content\/uploads\/2024\/01\/Subaru-prodej-2023-900x675.jpg\" alt=\"\" width=\"900\" height=\"675\" srcset=\"https:\/\/www.automakers.cz\/wp-content\/uploads\/2024\/01\/Subaru-prodej-2023-900x675.jpg 900w, https:\/\/www.automakers.cz\/wp-content\/uploads\/2024\/01\/Subaru-prodej-2023-1024x768.jpg 1024w, https:\/\/www.automakers.cz\/wp-content\/uploads\/2024\/01\/Subaru-prodej-2023-768x576.jpg 768w, https:\/\/www.automakers.cz\/wp-content\/uploads\/2024\/01\/Subaru-prodej-2023-1536x1152.jpg 1536w, https:\/\/www.automakers.cz\/wp-content\/uploads\/2024\/01\/Subaru-prodej-2023.jpg 2040w\" sizes=\"auto, (max-width: 900px) 100vw, 900px\" \/><strong>Zden\u011bk Zikmund analyzoval situaci Subaru \u010cR na Letn\u00ed sc\u00e9n\u011b ve Vod\u011br\u00e1dk\u00e1ch<\/strong><\/p>\n<p><strong>D\u00c1LE:<\/strong><\/p>\n<p><strong>Setk\u00e1n\u00ed \u0161\u00e9fredaktor\u016f<\/strong> s mana\u017eery\u00a0 Volkswagen Financial Services<\/p>\n<p><img loading=\"lazy\" decoding=\"async\" class=\"alignnone size-medium wp-image-977\" src=\"http:\/\/www.automakers.cz\/wp-content\/uploads\/2023\/12\/VWFS-vecere-Augustin-900x675.jpg\" alt=\"\" width=\"900\" height=\"675\" srcset=\"https:\/\/www.automakers.cz\/wp-content\/uploads\/2023\/12\/VWFS-vecere-Augustin-900x675.jpg 900w, https:\/\/www.automakers.cz\/wp-content\/uploads\/2023\/12\/VWFS-vecere-Augustin-1024x768.jpg 1024w, https:\/\/www.automakers.cz\/wp-content\/uploads\/2023\/12\/VWFS-vecere-Augustin-768x576.jpg 768w, https:\/\/www.automakers.cz\/wp-content\/uploads\/2023\/12\/VWFS-vecere-Augustin-1536x1152.jpg 1536w, https:\/\/www.automakers.cz\/wp-content\/uploads\/2023\/12\/VWFS-vecere-Augustin.jpg 2040w\" sizes=\"auto, (max-width: 900px) 100vw, 900px\" \/><\/p>\n<p><strong>PERSON\u00c1LIE:<\/strong><\/p>\n<figure id=\"attachment_8852\" class=\"wp-caption alignnone\" aria-describedby=\"caption-attachment-8852\"><figcaption id=\"caption-attachment-8852\" class=\"wp-caption-text\"><img loading=\"lazy\" decoding=\"async\" class=\"alignnone size-medium wp-image-244\" src=\"http:\/\/www.automakers.cz\/wp-content\/uploads\/2023\/11\/eSalon-Vodicka-MG-900x675.jpg\" alt=\"\" width=\"900\" height=\"675\" srcset=\"https:\/\/www.automakers.cz\/wp-content\/uploads\/2023\/11\/eSalon-Vodicka-MG-900x675.jpg 900w, https:\/\/www.automakers.cz\/wp-content\/uploads\/2023\/11\/eSalon-Vodicka-MG-1024x768.jpg 1024w, https:\/\/www.automakers.cz\/wp-content\/uploads\/2023\/11\/eSalon-Vodicka-MG-768x576.jpg 768w, https:\/\/www.automakers.cz\/wp-content\/uploads\/2023\/11\/eSalon-Vodicka-MG-1536x1152.jpg 1536w, https:\/\/www.automakers.cz\/wp-content\/uploads\/2023\/11\/eSalon-Vodicka-MG.jpg 2040w\" sizes=\"auto, (max-width: 900px) 100vw, 900px\" \/><\/figcaption><\/figure>\n<p><strong>Marek Vodi\u010dka \u0161\u00e9fuje marketing a PR mana\u017eerem<\/strong> \u010d\u00ednsk\u00e9 zna\u010dky MG<\/p>\n<p><img loading=\"lazy\" decoding=\"async\" class=\"alignnone size-medium wp-image-1859\" src=\"http:\/\/www.automakers.cz\/wp-content\/uploads\/2024\/01\/AGC-Foto-Miloslav-Zoula-700x900.jpg\" alt=\"\" width=\"700\" height=\"900\" srcset=\"https:\/\/www.automakers.cz\/wp-content\/uploads\/2024\/01\/AGC-Foto-Miloslav-Zoula-700x900.jpg 700w, https:\/\/www.automakers.cz\/wp-content\/uploads\/2024\/01\/AGC-Foto-Miloslav-Zoula-796x1024.jpg 796w, https:\/\/www.automakers.cz\/wp-content\/uploads\/2024\/01\/AGC-Foto-Miloslav-Zoula-768x987.jpg 768w, https:\/\/www.automakers.cz\/wp-content\/uploads\/2024\/01\/AGC-Foto-Miloslav-Zoula-1195x1536.jpg 1195w, https:\/\/www.automakers.cz\/wp-content\/uploads\/2024\/01\/AGC-Foto-Miloslav-Zoula-1593x2048.jpg 1593w, https:\/\/www.automakers.cz\/wp-content\/uploads\/2024\/01\/AGC-Foto-Miloslav-Zoula-1024x1317.jpg 1024w, https:\/\/www.automakers.cz\/wp-content\/uploads\/2024\/01\/AGC-Foto-Miloslav-Zoula-scaled.jpg 1991w\" sizes=\"auto, (max-width: 700px) 100vw, 700px\" \/><\/p>\n<p><strong>AGC Automotive m\u011bn\u00ed country mana\u017eera<\/strong><\/p>\n<p><strong>SEKCE N\u00c1KLADN\u00cdCH AUT<\/strong><\/p>\n<p><img loading=\"lazy\" decoding=\"async\" class=\"alignnone size-full wp-image-25902\" src=\"http:\/\/www.automakersnews.cz\/wp-content\/uploads\/2023\/03\/Josef-Marik.jpeg\" sizes=\"auto, (max-width: 627px) 100vw, 627px\" srcset=\"https:\/\/www.automakersnews.cz\/wp-content\/uploads\/2023\/03\/Josef-Marik.jpeg 627w, https:\/\/www.automakersnews.cz\/wp-content\/uploads\/2023\/03\/Josef-Marik-300x200.jpeg 300w\" alt=\"\" width=\"627\" height=\"418\" \/><\/p>\n<p><strong>Josef Ma\u0159\u00edk: rozhovor<\/strong> k \u010d\u00edsl\u016fm Mecedes-Benz Truck<\/p>\n<p><strong>EVENTY<\/strong><\/p>\n<p><strong>Franti\u0161ek Neuman<\/strong> s Markem Ebenem vypravili t\u00fdm Duckaru na Dakar<\/p>\n<p><img loading=\"lazy\" decoding=\"async\" class=\"alignnone size-medium wp-image-349\" src=\"http:\/\/www.automakers.cz\/wp-content\/uploads\/2023\/11\/Neuman-Eben-900x675.jpg\" alt=\"\" width=\"900\" height=\"675\" srcset=\"https:\/\/www.automakers.cz\/wp-content\/uploads\/2023\/11\/Neuman-Eben-900x675.jpg 900w, https:\/\/www.automakers.cz\/wp-content\/uploads\/2023\/11\/Neuman-Eben-1024x768.jpg 1024w, https:\/\/www.automakers.cz\/wp-content\/uploads\/2023\/11\/Neuman-Eben-768x576.jpg 768w, https:\/\/www.automakers.cz\/wp-content\/uploads\/2023\/11\/Neuman-Eben-1536x1152.jpg 1536w, https:\/\/www.automakers.cz\/wp-content\/uploads\/2023\/11\/Neuman-Eben.jpg 2040w\" sizes=\"auto, (max-width: 900px) 100vw, 900px\" \/><\/p>\n<p><strong>ANKETY:<\/strong><\/p>\n<p><strong>Generali \u010cesk\u00e1<\/strong> finalizuje anketu TOP AUTOSERVIS<\/p>\n<p><img loading=\"lazy\" decoding=\"async\" class=\"alignnone size-full wp-image-1883\" src=\"http:\/\/www.automakers.cz\/wp-content\/uploads\/2024\/02\/TOP-AUTOSERVIS_oceneni-podium-e1683794257756-678x381-1.jpg\" alt=\"\" width=\"678\" height=\"381\" \/><\/p>\n<p><strong>Fotoreport\u00e1\u017e z fin\u00e1le ankety Auto roku 2024 v \u010cR (prob\u011bhne 6. \u00fanora)<\/strong><\/p>\n<p><img loading=\"lazy\" decoding=\"async\" class=\"alignnone size-medium wp-image-414\" src=\"http:\/\/www.automakers.cz\/wp-content\/uploads\/2023\/11\/logo-Auto-roku-2024-900x458.jpg\" alt=\"\" width=\"900\" height=\"458\" srcset=\"https:\/\/www.automakers.cz\/wp-content\/uploads\/2023\/11\/logo-Auto-roku-2024-900x458.jpg 900w, https:\/\/www.automakers.cz\/wp-content\/uploads\/2023\/11\/logo-Auto-roku-2024-1024x521.jpg 1024w, https:\/\/www.automakers.cz\/wp-content\/uploads\/2023\/11\/logo-Auto-roku-2024-768x391.jpg 768w, https:\/\/www.automakers.cz\/wp-content\/uploads\/2023\/11\/logo-Auto-roku-2024-1536x781.jpg 1536w, https:\/\/www.automakers.cz\/wp-content\/uploads\/2023\/11\/logo-Auto-roku-2024.jpg 1766w\" sizes=\"auto, (max-width: 900px) 100vw, 900px\" \/><\/p>\n<p><strong>a nakonec: MEDAILON PR MANA\u017dERA &#8211; Kdo si letos odnese titul PR roku za rok 2023? <\/strong><\/p>\n<figure id=\"attachment_1796\" aria-describedby=\"caption-attachment-1796\" style=\"width: 678px\" class=\"wp-caption alignnone\"><img loading=\"lazy\" decoding=\"async\" class=\"size-full wp-image-1796\" src=\"http:\/\/www.automakers.cz\/wp-content\/uploads\/2024\/01\/Anketa-PR-roku-2016-ceny-678x381-1.jpg\" alt=\"\" width=\"678\" height=\"381\" \/><figcaption id=\"caption-attachment-1796\" class=\"wp-caption-text\">Ilustra\u010dn\u00ed foto: ceny z prvn\u00edho ro\u010dn\u00edku sout\u011b\u017ee<\/figcaption><\/figure>\n","protected":false},"excerpt":{"rendered":"<p>P\u0159ehnalo se obdob\u00ed lednov\u00fdch bilan\u010dn\u00edch tiskovek, jejich p\u0159ehled s hodnocen\u00edm lo\u0148sk\u00e9ho roku p\u0159inese b\u0159eznov\u00fd ti\u0161t\u011bn\u00fd&#8230;<\/p>\n","protected":false},"author":1,"featured_media":1885,"comment_status":"open","ping_status":"open","sticky":false,"template":"","format":"standard","meta":{"footnotes":""},"categories":[49,20],"tags":[],"class_list":["post-1876","post","type-post","status-publish","format-standard","has-post-thumbnail","hentry","category-media","category-tiskovky"],"_links":{"self":[{"href":"https:\/\/www.automakers.cz\/index.php?rest_route=\/wp\/v2\/posts\/1876","targetHints":{"allow":["GET"]}}],"collection":[{"href":"https:\/\/www.automakers.cz\/index.php?rest_route=\/wp\/v2\/posts"}],"about":[{"href":"https:\/\/www.automakers.cz\/index.php?rest_route=\/wp\/v2\/types\/post"}],"author":[{"embeddable":true,"href":"https:\/\/www.automakers.cz\/index.php?rest_route=\/wp\/v2\/users\/1"}],"replies":[{"embeddable":true,"href":"https:\/\/www.automakers.cz\/index.php?rest_route=%2Fwp%2Fv2%2Fcomments&post=1876"}],"version-history":[{"count":14,"href":"https:\/\/www.automakers.cz\/index.php?rest_route=\/wp\/v2\/posts\/1876\/revisions"}],"predecessor-version":[{"id":1939,"href":"https:\/\/www.automakers.cz\/index.php?rest_route=\/wp\/v2\/posts\/1876\/revisions\/1939"}],"wp:featuredmedia":[{"embeddable":true,"href":"https:\/\/www.automakers.cz\/index.php?rest_route=\/wp\/v2\/media\/1885"}],"wp:attachment":[{"href":"https:\/\/www.automakers.cz\/index.php?rest_route=%2Fwp%2Fv2%2Fmedia&parent=1876"}],"wp:term":[{"taxonomy":"category","embeddable":true,"href":"https:\/\/www.automakers.cz\/index.php?rest_route=%2Fwp%2Fv2%2Fcategories&post=1876"},{"taxonomy":"post_tag","embeddable":true,"href":"https:\/\/www.automakers.cz\/index.php?rest_route=%2Fwp%2Fv2%2Ftags&post=1876"}],"curies":[{"name":"wp","href":"https:\/\/api.w.org\/{rel}","templated":true}]}}