{"id":18823,"date":"2026-01-08T07:50:32","date_gmt":"2026-01-08T07:50:32","guid":{"rendered":"https:\/\/www.automakers.cz\/?p=18823"},"modified":"2026-01-08T08:02:41","modified_gmt":"2026-01-08T08:02:41","slug":"mercedes-benz-podesate-prvni-mezi-premiovymi-znackami","status":"publish","type":"post","link":"https:\/\/www.automakers.cz\/?p=18823","title":{"rendered":"Mercedes-Benz podes\u00e1t\u00e9 prvn\u00ed mezi pr\u00e9miov\u00fdmi zna\u010dkami"},"content":{"rendered":"<div class=\"sc-jBaHRL faVZzB\">\n<div class=\"sc-gFqXPY fktDmt\">\n<p class=\"sc-hWgKua eAmkLm\"><strong>Mercedes-Benz dodal v roce 2025 na \u010desk\u00fd trh 8 364 osobn\u00edch automobil\u016f, co\u017e p\u0159edstavuje meziro\u010dn\u00ed n\u00e1r\u016fst 3,8 %. Zna\u010dka s t\u0159\u00edc\u00edpou hv\u011bzdou tak potvrdila prvn\u00ed m\u00edsto mezi pr\u00e9miov\u00fdmi zna\u010dkami ji\u017e deset let za sebou. V absolutn\u00edm \u017eeb\u0159\u00ed\u010dku zna\u010dek na \u010desk\u00e9m trhu dos\u00e1hl Mercedes-Benz sedm\u00e9 p\u0159\u00ed\u010dky.<\/strong><\/p>\n<\/div>\n<\/div>\n<p><!--more--><\/p>\n<div class=\"sc-fcSHUR YUFEd\">\n<div class=\"sc-jCWzJg fpYcjN\">\n<div class=\"sc-VLMBG iuJpXq\">\n<p>V\u00fdznamn\u00fd pod\u00edl na celkov\u00e9m r\u016fstu m\u011bly i pln\u011b elektrick\u00e9 vozy. Jejich registrace dos\u00e1hly 572 kus\u016f (+9,6 %) a to zna\u010dce Mercedes-Benz zajistilo dokonce <strong>\u0161estou p\u0159\u00ed\u010dku v\u00a0t\u00e9to kategorii<\/strong>. Do statistiky ji\u017e p\u0159isp\u011bl <strong>technologicky vysp\u011bl\u00fd model CLA<\/strong> se zcela novou 800V architekturou, jeho\u017e se za prvn\u00ed \u010dty\u0159i m\u011bs\u00edce od jeho uveden\u00ed na \u010desk\u00fd trh dodalo v\u00edce ne\u017e 100 kus\u016f, a stal se tak dokonce 5. nej\u017e\u00e1dan\u011bj\u0161\u00edm elektromobilem v\u00a0tomto obdob\u00ed.<\/p>\n<p>V\u00a0roce 2025 v\u00fdrazn\u011b narostl z\u00e1jem o <strong>plug-in hybridn\u00ed vozidla Mercedes-Benz, zejm\u00e9na v\u00a0kombinaci s\u00a0naftov\u00fdm motorem, kter\u00e1 jsou na trhu ojedin\u011blou nab\u00eddkou<\/strong> \u2013 zvolilo je 402 u\u017eivatel\u016f (+26,8 %), co\u017e spolu s\u00a0benzinov\u00fdmi plug-in hybridy (325\u00a0ks) a\u00a0elektromobily znamen\u00e1 celkem 1\u00a0299 vozidel Mercedes-Benz s\u00a0extern\u00edm nab\u00edjen\u00edm.<\/p>\n<p>V\u016fbec <strong>nejprod\u00e1van\u011bj\u0161\u00ed modelovou \u0159adou<\/strong> Mercedes-Benz se v\u00a0\u010cesk\u00e9 republice za rok 2025 znovu stalo <strong>GLC<\/strong>, popul\u00e1rn\u00ed SUV zvolilo 1\u00a0256 z\u00e1kazn\u00edk\u016f, p\u0159i\u010dem\u017e 20,8 % voz\u016f m\u011blo plug-in hybridn\u00ed pohon.<\/p>\n<p>\u00dasp\u011b\u0161n\u00fd rok zaznamenala zna\u010dka <strong>Mercedes-AMG,<\/strong> nab\u00edzej\u00edc\u00ed vrcholn\u00e9 a sportovn\u00ed modely. <strong>Poprv\u00e9 v\u00a0historii p\u0159ekonala hranici 900 dodan\u00fdch voz\u016f<\/strong> v\u0161ech typov\u00fdch \u0159ad. Ji\u017e tradi\u010dn\u011b mimo\u0159\u00e1dn\u011b velk\u00e9mu z\u00e1jmu se v\u00a0\u010cesk\u00e9 republice t\u011b\u0161ila ikonick\u00e1 T\u0159\u00edda G, 378 registrovan\u00fdch voz\u016f je nov\u00fdm rekordem.<\/p>\n<p><strong>Na ja\u0159e 2026<\/strong> Mercedes-Benz uvede na \u010desk\u00fd trh v\u00fdznamn\u00e9 novinky z\u00a0kategorie SUV: zcela novou generaci a\u017e\u00a07m\u00edstn\u00e9ho <strong>GLB<\/strong> a fascinuj\u00edc\u00ed elektrick\u00e9 <strong>GLC<\/strong>. Prvn\u00ed z\u00e1kazn\u00edci si ji\u017e brzy p\u0159evezmou hybridn\u00ed proveden\u00ed nov\u00e9ho CLA a za\u010d\u00e1tek roku bude d\u00e1le ve znamen\u00ed uveden\u00ed karos\u00e1\u0159sk\u00e9ho proveden\u00ed <strong>CLA Shooting Brake<\/strong>.<\/p>\n<figure id=\"attachment_17212\" aria-describedby=\"caption-attachment-17212\" style=\"width: 900px\" class=\"wp-caption alignnone\"><img loading=\"lazy\" decoding=\"async\" class=\"size-medium wp-image-17212\" src=\"http:\/\/www.automakers.cz\/wp-content\/uploads\/2025\/10\/Mercedes-CLA-Signal-Festival-orez-900x596.jpg\" alt=\"\" width=\"900\" height=\"596\" srcset=\"https:\/\/www.automakers.cz\/wp-content\/uploads\/2025\/10\/Mercedes-CLA-Signal-Festival-orez-900x596.jpg 900w, https:\/\/www.automakers.cz\/wp-content\/uploads\/2025\/10\/Mercedes-CLA-Signal-Festival-orez-1024x678.jpg 1024w, https:\/\/www.automakers.cz\/wp-content\/uploads\/2025\/10\/Mercedes-CLA-Signal-Festival-orez-768x509.jpg 768w, https:\/\/www.automakers.cz\/wp-content\/uploads\/2025\/10\/Mercedes-CLA-Signal-Festival-orez-1536x1017.jpg 1536w, https:\/\/www.automakers.cz\/wp-content\/uploads\/2025\/10\/Mercedes-CLA-Signal-Festival-orez.jpg 1647w\" sizes=\"auto, (max-width: 900px) 100vw, 900px\" \/><figcaption id=\"caption-attachment-17212\" class=\"wp-caption-text\">Expozice zna\u010dky v Ryt\u00ed\u0159sk\u00e9 ulici, Foto: Erich Handl<\/figcaption><\/figure>\n<p><strong>Prvn\u00ed premi\u00e9rou roku 2026<\/strong> se stane nov\u00e1 generace vrcholn\u00e9 <strong>T\u0159\u00eddy S:<\/strong> slavnostn\u00ed odhalen\u00ed prob\u011bhne 29. ledna. Datum nebylo zvoleno n\u00e1hodn\u011b: pr\u00e1v\u011b tento den uplyne <strong>140 let<\/strong> od doby, kdy Carl Benz v\u00a0roce 1886 podal patent na sv\u00e9 prvn\u00ed motorov\u00e9 vozidlo. Tento okam\u017eik se pova\u017euje za zrod v\u016fbec prvn\u00edho automobilu poh\u00e1n\u011bn\u00e9ho spalovac\u00edm motorem.<\/p>\n<ul>\n<li>Mercedes-Benz v\u00a0roce 2025 v\u00a0\u010cesk\u00e9 republice registroval 8 364 osobn\u00edch voz\u016f (+3,8 %), \u010d\u00edm\u017e potvrdil svoji pozici nej\u017e\u00e1dan\u011bj\u0161\u00ed pr\u00e9miov\u00e9 zna\u010dky<\/li>\n<li>Registrace pln\u011b elektrick\u00fdch voz\u016f (BEV) vzrostly o 9,6 % na 572 kus\u016f, co\u017e znamen\u00e1 6. m\u00edsto v\u00a0t\u00e9to kategorii<\/li>\n<li>Vysok\u00fd z\u00e1jem i o plug-in hybridy (PHEV): celkem 727\u00a0vozidel, z\u00a0toho 402 v\u00a0ojedin\u011bl\u00e9 kombinaci s\u00a0naftov\u00fdm motorem (meziro\u010dn\u011b +26,8\u00a0%)<\/li>\n<li>Rekordn\u00ed rok pro sportovn\u00ed vozy Mercedes-AMG: poprv\u00e9 v\u00a0historii registrace p\u0159ekonaly hranici 900 voz\u016f<\/li>\n<\/ul>\n<p><strong><i>Zdroj: Svaz Dovozc\u016f Automobil\u016f (SDA), Statistiky: Registrace nov\u00fdch OA v \u010cR 1-12\/2025<\/i><\/strong><\/p>\n<\/div>\n<\/div>\n<\/div>\n","protected":false},"excerpt":{"rendered":"<p>Mercedes-Benz dodal v roce 2025 na \u010desk\u00fd trh 8 364 osobn\u00edch automobil\u016f, co\u017e p\u0159edstavuje meziro\u010dn\u00ed&#8230;<\/p>\n","protected":false},"author":1,"featured_media":16139,"comment_status":"closed","ping_status":"closed","sticky":false,"template":"","format":"standard","meta":{"footnotes":""},"categories":[11,48,10],"tags":[],"class_list":["post-18823","post","type-post","status-publish","format-standard","has-post-thumbnail","hentry","category-importeri","category-registrace","category-statistika"],"_links":{"self":[{"href":"https:\/\/www.automakers.cz\/index.php?rest_route=\/wp\/v2\/posts\/18823","targetHints":{"allow":["GET"]}}],"collection":[{"href":"https:\/\/www.automakers.cz\/index.php?rest_route=\/wp\/v2\/posts"}],"about":[{"href":"https:\/\/www.automakers.cz\/index.php?rest_route=\/wp\/v2\/types\/post"}],"author":[{"embeddable":true,"href":"https:\/\/www.automakers.cz\/index.php?rest_route=\/wp\/v2\/users\/1"}],"replies":[{"embeddable":true,"href":"https:\/\/www.automakers.cz\/index.php?rest_route=%2Fwp%2Fv2%2Fcomments&post=18823"}],"version-history":[{"count":1,"href":"https:\/\/www.automakers.cz\/index.php?rest_route=\/wp\/v2\/posts\/18823\/revisions"}],"predecessor-version":[{"id":18824,"href":"https:\/\/www.automakers.cz\/index.php?rest_route=\/wp\/v2\/posts\/18823\/revisions\/18824"}],"wp:featuredmedia":[{"embeddable":true,"href":"https:\/\/www.automakers.cz\/index.php?rest_route=\/wp\/v2\/media\/16139"}],"wp:attachment":[{"href":"https:\/\/www.automakers.cz\/index.php?rest_route=%2Fwp%2Fv2%2Fmedia&parent=18823"}],"wp:term":[{"taxonomy":"category","embeddable":true,"href":"https:\/\/www.automakers.cz\/index.php?rest_route=%2Fwp%2Fv2%2Fcategories&post=18823"},{"taxonomy":"post_tag","embeddable":true,"href":"https:\/\/www.automakers.cz\/index.php?rest_route=%2Fwp%2Fv2%2Ftags&post=18823"}],"curies":[{"name":"wp","href":"https:\/\/api.w.org\/{rel}","templated":true}]}}