{"id":19003,"date":"2026-01-16T10:38:37","date_gmt":"2026-01-16T10:38:37","guid":{"rendered":"https:\/\/www.automakers.cz\/?p=19003"},"modified":"2026-01-16T10:38:37","modified_gmt":"2026-01-16T10:38:37","slug":"letos-konci-platnost-ridicaku-vice-nez-557-tisicum-lidi","status":"publish","type":"post","link":"https:\/\/www.automakers.cz\/?p=19003","title":{"rendered":"Letos kon\u010d\u00ed platnost \u0159idi\u010d\u00e1k\u016f v\u00edce ne\u017e 557 tis\u00edc\u016fm lid\u00ed"},"content":{"rendered":"<p><strong>V\u00edc ne\u017e 557 tis\u00edc\u016fm \u0159idi\u010d\u016f letos v pr\u016fb\u011bhu roku skon\u010d\u00ed platnost \u0159idi\u010dsk\u00e9ho pr\u016fkazu. K jednoduch\u00e9 v\u00fdm\u011bn\u011b lze vyu\u017e\u00edt <\/strong><a href=\"https:\/\/portaldopravy.cz\/\"><strong>Port\u00e1l dopravy<\/strong><\/a><strong>. D\u00edky digitalizaci ji\u017e nen\u00ed nutn\u00e9 chodit na \u00fa\u0159ad, a je\u0161t\u011b lze z\u00edskat slevu na poplatku. <\/strong><!--more--><\/p>\n<p>Cel\u00fd proces za\u017e\u00e1d\u00e1n\u00ed o prodlou\u017een\u00ed platnosti \u0159idi\u010dsk\u00e9ho pr\u016fkazu je rychl\u00fd a jednoduch\u00fd, v\u0161e prob\u011bhne na p\u00e1r kliknut\u00ed. Hotov\u00fd doklad se d\u00e1 vyzvednout ve v\u00fddejn\u00edm boxu \u010di m\u00edst\u011b. Tuto slu\u017ebu vyu\u017e\u00edvaj\u00ed tis\u00edce \u0159idi\u010d\u016f m\u011bs\u00ed\u010dn\u011b.<\/p>\n<p>V pr\u016fb\u011bhu roku 2026 bude postupn\u011b kon\u010dit platnost 557 566 \u0159idi\u010dsk\u00fdm pr\u016fkaz\u016fm. Samotn\u00e9 pod\u00e1n\u00ed \u017e\u00e1dosti o vyd\u00e1n\u00ed nov\u00e9ho pr\u016fkazu i jeho vyzvednut\u00ed p\u0159itom Ministerstvo dopravy digitalizac\u00ed v\u00fdrazn\u011b uleh\u010dilo. V\u0161e je mo\u017en\u00e9 vy\u0159\u00eddit od po\u010d\u00edta\u010de i vyzvednout podobn\u011b jako t\u0159eba bal\u00ed\u010dek z e-shopu, a to nez\u00e1visle na \u00fa\u0159edn\u00edch hodin\u00e1ch.<\/p>\n<p><em>\u201eMo\u017enost vym\u011bnit si \u0159idi\u010d\u00e1k s bl\u00ed\u017e\u00edc\u00edm se koncem platnosti on-line a hotov\u00fd doklad vyzvednout v bl\u00edzkosti sv\u00e9ho bydli\u0161t\u011b \u0161et\u0159\u00ed lidem \u010das i pen\u00edze. Vloni si o nov\u00fd pr\u016fkaz na Port\u00e1lu dopravy za\u017e\u00e1dalo 165 tis\u00edc z\u00e1jemc\u016f, tak v\u011b\u0159\u00edm, \u017ee letos, kdy je pot\u0159eba vym\u011bnit t\u0159ikr\u00e1t tolik pr\u016fkaz\u016f, se i d\u00edky Port\u00e1lu dopravy obejde pro \u0159idi\u010de v\u0161e bez stresu a probl\u00e9m\u016f. St\u00e1t by m\u011bl lidem uleh\u010dovat \u017eivot, co\u017e v tomto p\u0159\u00edpad\u011b d\u011bl\u00e1,\u201c \u0159\u00edk\u00e1 ministr dopravy <strong>Ivan Bedn\u00e1rik<\/strong>. \u00a0<\/em><\/p>\n<p>Ve St\u0159edo\u010desk\u00e9m kraji by si letos m\u011blo prodlou\u017een\u00ed \u0159idi\u010dsk\u00e9ho pr\u016fkazu vy\u0159\u00eddit v\u00edce ne\u017e 80 tis\u00edc \u0159idi\u010d\u016f, v Praze p\u0159ibli\u017en\u011b 60 tis\u00edc \u0159idi\u010d\u016f a v Jihomoravsk\u00e9m kraji je to pak p\u0159es 61 tis\u00edc \u0159idi\u010d\u016f. V Moravskoslezsk\u00e9m kraji se nov\u00e9 \u017e\u00e1dosti t\u00fdkaj\u00ed na 58 tis\u00edc \u0159idi\u010d\u016f, v \u00dasteck\u00e9m kraji jich je p\u0159es 40 tis\u00edc a na jihu \u010cech v\u00edce ne\u017e 37 tis\u00edc lid\u00ed.<\/p>\n<p>Statistice m\u011bst v\u00e9vod\u00ed Praha, Brno m\u00e1 k v\u00fdm\u011bn\u011b letos v\u00edce ne\u017e 17 tis\u00edc pr\u016fkaz\u016f, Ostrava pak p\u0159es 14 tis\u00edc, Plze\u0148 pak ve statistik\u00e1ch m\u00e1 cca 9 300 doklad\u016f.<\/p>\n<p>V\u00fdm\u011bny se t\u00fdkaj\u00ed nejv\u00edce lid\u00ed ve v\u011bku 61 let a v\u00edce, jde o 178 375 tis\u00edc \u0159idi\u010d\u016f. Ve v\u011bkov\u00e9 kategorii mezi 41 a\u017e 50 lety bude \u017e\u00e1dat o prodlou\u017een\u00ed p\u0159ibli\u017en\u011b 120 tis\u00edc \u0159idi\u010d\u016f, na druh\u00e9 stran\u011b nejm\u00e9n\u011b jich bude ve skupin\u011b 30 let a m\u00e9n\u011b, konkr\u00e9tn\u011b p\u0159es 48 tis\u00edc doklad\u016f.<\/p>\n<p>V \u010cR je nyn\u00ed celkem 6 122 546 platn\u00fdch \u0159idi\u010dsk\u00fdch pr\u016fkaz\u016f lid\u00ed, kte\u0159\u00ed mohou \u0159\u00eddit a nemaj\u00ed platn\u00fd z\u00e1kaz \u0159\u00edzen\u00ed nebo blokaci \u0159idi\u010dsk\u00e9ho opr\u00e1vn\u011bn\u00ed.<\/p>\n<p>O nov\u00fd doklad lze \u017e\u00e1dat 3 m\u011bs\u00edce p\u0159ed koncem platnosti a na Port\u00e1lu dopravy si lze nastavit notifikaci upozor\u0148uj\u00edc\u00ed na bl\u00ed\u017e\u00edc\u00ed se konec dokladu.<\/p>\n<p><em>D\u016fle\u017eit\u00e9 je zm\u00ednit, \u017ee v \u010cR nen\u00ed t\u0159eba od ledna 2024 vozit platn\u00fd fyzick\u00fd pr\u016fkaz u sebe, kontrola m\u016f\u017ee prob\u011bhnout prost\u0159ednictv\u00edm vzd\u00e1len\u00e9ho p\u0159\u00edstupu do registr\u016f. Pro cesty do zahrani\u010d\u00ed, zvl\u00e1\u0161t\u011b mimo EU, je st\u00e1le t\u0159eba m\u00edt platn\u00fd fyzick\u00fd doklad u sebe. Evropsk\u00e1 legislativa ale st\u00e1le na\u0159izuje \u0159idi\u010d\u00e1k jednou za deset let vym\u011bnit a v r\u00e1mci \u010dlensk\u00fdch st\u00e1t\u016f je \u0159idi\u010d povinen t\u00edmto dokladem prokazovat opr\u00e1vn\u011bn\u00ed auto \u0159\u00eddit.<\/em><\/p>\n","protected":false},"excerpt":{"rendered":"<p>V\u00edc ne\u017e 557 tis\u00edc\u016fm \u0159idi\u010d\u016f letos v pr\u016fb\u011bhu roku skon\u010d\u00ed platnost \u0159idi\u010dsk\u00e9ho pr\u016fkazu. K jednoduch\u00e9&#8230;<\/p>\n","protected":false},"author":2,"featured_media":19004,"comment_status":"closed","ping_status":"closed","sticky":false,"template":"","format":"standard","meta":{"footnotes":""},"categories":[47,25],"tags":[],"class_list":["post-19003","post","type-post","status-publish","format-standard","has-post-thumbnail","hentry","category-doprava","category-legislativa"],"_links":{"self":[{"href":"https:\/\/www.automakers.cz\/index.php?rest_route=\/wp\/v2\/posts\/19003","targetHints":{"allow":["GET"]}}],"collection":[{"href":"https:\/\/www.automakers.cz\/index.php?rest_route=\/wp\/v2\/posts"}],"about":[{"href":"https:\/\/www.automakers.cz\/index.php?rest_route=\/wp\/v2\/types\/post"}],"author":[{"embeddable":true,"href":"https:\/\/www.automakers.cz\/index.php?rest_route=\/wp\/v2\/users\/2"}],"replies":[{"embeddable":true,"href":"https:\/\/www.automakers.cz\/index.php?rest_route=%2Fwp%2Fv2%2Fcomments&post=19003"}],"version-history":[{"count":2,"href":"https:\/\/www.automakers.cz\/index.php?rest_route=\/wp\/v2\/posts\/19003\/revisions"}],"predecessor-version":[{"id":19019,"href":"https:\/\/www.automakers.cz\/index.php?rest_route=\/wp\/v2\/posts\/19003\/revisions\/19019"}],"wp:featuredmedia":[{"embeddable":true,"href":"https:\/\/www.automakers.cz\/index.php?rest_route=\/wp\/v2\/media\/19004"}],"wp:attachment":[{"href":"https:\/\/www.automakers.cz\/index.php?rest_route=%2Fwp%2Fv2%2Fmedia&parent=19003"}],"wp:term":[{"taxonomy":"category","embeddable":true,"href":"https:\/\/www.automakers.cz\/index.php?rest_route=%2Fwp%2Fv2%2Fcategories&post=19003"},{"taxonomy":"post_tag","embeddable":true,"href":"https:\/\/www.automakers.cz\/index.php?rest_route=%2Fwp%2Fv2%2Ftags&post=19003"}],"curies":[{"name":"wp","href":"https:\/\/api.w.org\/{rel}","templated":true}]}}