{"id":1902,"date":"2024-02-02T11:56:12","date_gmt":"2024-02-02T11:56:12","guid":{"rendered":"https:\/\/www.automakers.cz\/?p=1902"},"modified":"2024-02-02T12:26:18","modified_gmt":"2024-02-02T12:26:18","slug":"pr-roku-zna-ctvrtfinalovou-osmicku","status":"publish","type":"post","link":"https:\/\/www.automakers.cz\/?p=1902","title":{"rendered":"PR roku 2023 zn\u00e1 \u010dtvrtfin\u00e1lovou osmi\u010dku"},"content":{"rendered":"<p><strong>\u010casopis Automakers a KMN letos op\u011bt organizuj\u00ed anketu o nejlep\u0161\u00ed medi\u00e1ln\u00ed servis v r\u00e1mci SDA v roce 2023. Sout\u011b\u017e PR rokuje je vedlej\u0161\u00ed kategori\u00ed Auta roku v \u010cR. Posledn\u00ed hlasy byly odevzd\u00e1ny 25. ledna, postup do druh\u00e9ho turnajov\u00e9ho t\u00fddne zajistily osmi PR mana\u017eer\u016fm automobilov\u00fdch zna\u010dek.<br \/>\n<\/strong><span id=\"more-147229\"><\/span><span id=\"more-7322\"><\/span><span id=\"more-39493\"><\/span><span id=\"more-46318\"><\/span><span id=\"more-1794\"><\/span><span id=\"more-1846\"><\/span><span id=\"more-1872\"><\/span><!--more--><\/p>\n<p>Klub motoristick\u00fdch novin\u00e1\u0159\u016f vyhl\u00e1sil loni v prosinci anketu v novodob\u00e9 historii u\u017e poosm\u00e9.<\/p>\n<p>Jejich \u010dlenov\u00e9 mohli d\u00e1vat sv\u00e9 hlasy v\u0161em ofici\u00e1ln\u00edm mluv\u010d\u00edm spole\u010dnost\u00ed sdru\u017een\u00fdch v SDA, kte\u0159\u00ed poskytovali PR servis v pr\u016fb\u011bhu roku 2023.<\/p>\n<p>Celkem letos hlasovalo v pr\u016fb\u011bhu prosince a ledna 29 novin\u00e1\u0159\u016f. Ka\u017ed\u00fd mohl ud\u011blit a\u017e 3 hlasy, ka\u017ed\u00fd hlas je z\u00e1rove\u0148 nominac\u00ed obl\u00edben\u00e9ho mana\u017eera do sout\u011b\u017ee.<\/p>\n<p><strong>Vyhl\u00e1\u0161en\u00ed v\u00edt\u011bze: 6. \u00fanora v Kongresov\u00e9m centru<br \/>\n<\/strong><\/p>\n<p>Vyhl\u00e1\u0161en\u00ed mana\u017eer\u016f, kte\u0159\u00ed loni poskytovali nejdostupn\u011bj\u0161\u00ed informa\u010dn\u00ed servis pro jejich redakce, chystaj\u00ed organiz\u00e1to\u0159i na 6. \u00fanora v r\u00e1mci fin\u00e1le ankety Auto roku 2024 v \u010cR.<\/p>\n<p>&#8212;&#8212;&#8212;&#8212;&#8212;&#8212;&#8212;&#8212;&#8212;&#8212;&#8212;&#8212;&#8212;&#8212;&#8212;&#8212;&#8212;&#8212;&#8212;&#8212;&#8212;&#8212;&#8212;&#8212;&#8212;&#8212;<\/p>\n<p><strong>Leto\u0161n\u00ed nominace do hlavn\u00ed sout\u011b\u017ee ankety dle abecedy:<\/strong><\/p>\n<p>Dominika Baborsk\u00e1, Suzuki<\/p>\n<p>Martina Bedrnov\u00e1, DS<\/p>\n<p>Petr Buri\u00e1n, Ford<\/p>\n<p>David Haidinger, BMW, Mini<\/p>\n<p>Martin Hejral, Opel<\/p>\n<p>Petra Klosov\u00e1, Porsche<\/p>\n<p>Tom\u00e1\u0161 Kotera, \u0160koda<\/p>\n<p>Mark\u00e9ta Kuklov\u00e1, Mazda<\/p>\n<p>Jitka Jechov\u00e1, Toyota<\/p>\n<p>Sylva Marounkov\u00e1, FIAT, Jeep, Alfa<\/p>\n<p>Lenka Martinov\u00e1, Citro\u00ebn<\/p>\n<p>Radka Matthey, Peugeot<\/p>\n<p>David Pavl\u00ed\u010dek, Hyundai<\/p>\n<p>Ji\u0159\u00ed Rozko\u0161n\u00fd, Audi<\/p>\n<p>Jitka Skali\u010dkov\u00e1, Renault, Dacia<\/p>\n<p>Linda Truhl\u00e1\u0159ov\u00e1, Citro\u00ebn<\/p>\n<p>Josef Hl\u00e1vka, Mercedes<\/p>\n<p>Filip Stoulil, SEAT, CUPRA<\/p>\n<p>Frank Tiemann, Rolls Royce<\/p>\n<p>David Valenta, VW<\/p>\n<p>Kate\u0159ina Va\u0148kov\u00e1 Jougl\u00ed\u010dkov\u00e1, Kia<\/p>\n<p>Lenka Va\u0148kov\u00e1, VW U\u017eitkov\u00e9<\/p>\n<p>Marek Vodi\u010dka, MG<\/p>\n<p>Zden\u011bk Zikmund, Subaru<\/p>\n<p>\u2014\u2014\u2014\u2014\u2014\u2014\u2014\u2014\u2014\u2014\u2014\u2014\u2014\u2014\u2014\u2014\u2014\u2014\u2014\u2014\u2014\u2014\u2014\u2014\u2014\u2014\u2014\u2014\u2014\u2014\u2014\u2013<\/p>\n<p><strong>Ve 4. kole opustili sout\u011b\u017e:<\/strong><\/p>\n<p>Tom\u00e1\u0161 Kotera, \u0160koda<\/p>\n<p>Jitka Jechov\u00e1, Toyota<\/p>\n<p>Ji\u0159\u00ed Rozko\u0161n\u00fd, Audi<\/p>\n<p>Filip Stoulil, SEAT, CUPRA<\/p>\n<p>David Valenta, VW<\/p>\n<p>Lenka Va\u0148kov\u00e1, VW U\u017eitkov\u00e9<\/p>\n<p>Marek Vodi\u010dka, MG<\/p>\n<p><strong>POSTOUPILI DO \u010dtvrtfin\u00e1lov\u00e9ho 5. KOLA (zisk 4 a v\u00edce novin\u00e1\u0159sk\u00fdch hlas\u016f)<\/strong><\/p>\n<p>Martina Bedrnov\u00e1, DS<\/p>\n<p>Petr Buri\u00e1n, Ford<\/p>\n<p>David Haidinger, BMW, Mini<\/p>\n<p>Martin Hejral, Opel<\/p>\n<p>Radka Matthey, Peugeot<\/p>\n<p>David Pavl\u00ed\u010dek, Hyundai<\/p>\n<p>Jitka Skali\u010dkov\u00e1, Renault, Dacia<\/p>\n<p>Zden\u011bk Zikmund, Subaru<\/p>\n<p>\u2014\u2014\u2014\u2014\u2014\u2014\u2014\u2014\u2014\u2014\u2014\u2014\u2014\u2014\u2014\u2014\u2014-<\/p>\n<p><strong>Koment\u00e1\u0159 ke 4. kolu:<\/strong><\/p>\n<p>Do druh\u00e9ho turnajov\u00e9ho t\u00fddne jdou majitel\u00e9 4 a v\u00edce hlas\u016f. V pavouku se dr\u017e\u00ed tradi\u010dn\u00ed medailist\u00e9 ankety, k nim se letos p\u0159idali David Pavl\u00ed\u010dek a Petr Buri\u00e1n!<\/p>\n<p><strong>Zdroj: Erich Handl za v\u00fdbor KMN<\/strong><\/p>\n<p><img loading=\"lazy\" decoding=\"async\" class=\"alignnone size-medium wp-image-1201\" src=\"http:\/\/www.automakers.cz\/wp-content\/uploads\/2024\/01\/Auto-roku-Certousy-2024-900x675.jpg\" alt=\"\" width=\"900\" height=\"675\" \/><\/p>\n","protected":false},"excerpt":{"rendered":"<p>\u010casopis Automakers a KMN letos op\u011bt organizuj\u00ed anketu o nejlep\u0161\u00ed medi\u00e1ln\u00ed servis v r\u00e1mci SDA&#8230;<\/p>\n","protected":false},"author":1,"featured_media":1796,"comment_status":"open","ping_status":"open","sticky":false,"template":"","format":"standard","meta":{"footnotes":""},"categories":[32,21],"tags":[],"class_list":["post-1902","post","type-post","status-publish","format-standard","has-post-thumbnail","hentry","category-ankety","category-pr"],"_links":{"self":[{"href":"https:\/\/www.automakers.cz\/index.php?rest_route=\/wp\/v2\/posts\/1902","targetHints":{"allow":["GET"]}}],"collection":[{"href":"https:\/\/www.automakers.cz\/index.php?rest_route=\/wp\/v2\/posts"}],"about":[{"href":"https:\/\/www.automakers.cz\/index.php?rest_route=\/wp\/v2\/types\/post"}],"author":[{"embeddable":true,"href":"https:\/\/www.automakers.cz\/index.php?rest_route=\/wp\/v2\/users\/1"}],"replies":[{"embeddable":true,"href":"https:\/\/www.automakers.cz\/index.php?rest_route=%2Fwp%2Fv2%2Fcomments&post=1902"}],"version-history":[{"count":5,"href":"https:\/\/www.automakers.cz\/index.php?rest_route=\/wp\/v2\/posts\/1902\/revisions"}],"predecessor-version":[{"id":1916,"href":"https:\/\/www.automakers.cz\/index.php?rest_route=\/wp\/v2\/posts\/1902\/revisions\/1916"}],"wp:featuredmedia":[{"embeddable":true,"href":"https:\/\/www.automakers.cz\/index.php?rest_route=\/wp\/v2\/media\/1796"}],"wp:attachment":[{"href":"https:\/\/www.automakers.cz\/index.php?rest_route=%2Fwp%2Fv2%2Fmedia&parent=1902"}],"wp:term":[{"taxonomy":"category","embeddable":true,"href":"https:\/\/www.automakers.cz\/index.php?rest_route=%2Fwp%2Fv2%2Fcategories&post=1902"},{"taxonomy":"post_tag","embeddable":true,"href":"https:\/\/www.automakers.cz\/index.php?rest_route=%2Fwp%2Fv2%2Ftags&post=1902"}],"curies":[{"name":"wp","href":"https:\/\/api.w.org\/{rel}","templated":true}]}}