{"id":19122,"date":"2026-01-22T07:50:44","date_gmt":"2026-01-22T07:50:44","guid":{"rendered":"https:\/\/www.automakers.cz\/?p=19122"},"modified":"2026-01-22T07:51:28","modified_gmt":"2026-01-22T07:51:28","slug":"sue-ryder-prevzala-transporter-od-vwfs","status":"publish","type":"post","link":"https:\/\/www.automakers.cz\/?p=19122","title":{"rendered":"Sue Ryder p\u0159evzala Transporter od VWFS"},"content":{"rendered":"<p><strong>Neziskov\u00e1 organizace Sue Ryder p\u0159evzala od Volkswagen Financial Services a Porsche \u010cesk\u00e1 republika za zv\u00fdhodn\u011bn\u00fdch podm\u00ednek model Volkswagen Transporter 6.1. V\u016fz bude slou\u017eit k\u202fp\u0159eprav\u011b materi\u00e1lu a zbo\u017e\u00ed mezi osmi dobro\u010dinn\u00fdmi obchody, kter\u00e9 organizace v\u202fPraze provozuje s\u202fc\u00edlem financovat p\u00e9\u010di o seniory.\u00a0\u00a0<\/strong><!--more--><\/p>\n<p>\u201ePomoc senior\u016fm a zlep\u0161ov\u00e1n\u00ed p\u00e9\u010de o n\u011b pova\u017eujeme za velmi d\u016fle\u017eitou a smysluplnou z\u00e1le\u017eitost. Je to z\u00e1vazek, kter\u00fdm chceme p\u0159isp\u011bt ke zlep\u0161en\u00ed\u202fmezigenera\u010dn\u00ed solidarity a celkov\u00e9mu posunu v\u202ft\u00e9to oblasti,\u201c \u0159ekl <strong>Vratislav Stra\u0161il, gener\u00e1ln\u00ed \u0159editel Volkswagen Financial Services<\/strong>. \u201eJsem p\u0159esv\u011bd\u010den\u00fd, \u017ee pr\u00e1v\u011b sk\u0159\u00ed\u0148ov\u00fd Transporter 6.1 s dlouh\u00fdm rozvorem,\u00a0motorem\u00a02.0\u00a0TDI 110 kW a automatickou p\u0159evodovkou pom\u016f\u017ee Sue Ryder v\u202fka\u017edodenn\u00ed \u010dinnosti a v\u00fdrazn\u011b ulev\u00ed v\u0161em zam\u011bstnanc\u016fm, p\u0159\u00edznivc\u016fm a dobrovoln\u00edk\u016fm.\u201c<\/p>\n<figure id=\"attachment_323\" aria-describedby=\"caption-attachment-323\" style=\"width: 500px\" class=\"wp-caption alignnone\"><img loading=\"lazy\" decoding=\"async\" class=\"size-full wp-image-323\" src=\"http:\/\/www.automakers.cz\/wp-content\/uploads\/2023\/11\/Strasil-Vratislav-ridic-e1678266008285.png\" alt=\"\" width=\"500\" height=\"333\" \/><figcaption id=\"caption-attachment-323\" class=\"wp-caption-text\">Jednatel Volkswagen Financial Services Vratislav Stra\u0161il<\/figcaption><\/figure>\n<p>\u201eHlavn\u00ed my\u0161lenkou dobro\u010dinn\u00fdch obchod\u016f je fungovat jako m\u00edsto, kde m\u016f\u017eete darem, \u010di n\u00e1kupem pomoci\u00a0financovat p\u00e9\u010di\u00a0o seniory,\u201c \u0159ekl p\u0159i p\u0159eb\u00edr\u00e1n\u00ed vozu<strong> Mat\u011bj\u00a0Lejsal, \u0159editel neziskov\u00e9 organizace\u00a0Sue\u00a0Ryder.<\/strong><\/p>\n<p>\u201eJedna z\u202fnejn\u00e1ro\u010dn\u011bj\u0161\u00edch \u010dinnost\u00ed je pro n\u00e1s p\u0159evoz materi\u00e1lu a v\u0161eho, co pot\u0159ebujeme k\u202fb\u011b\u017en\u00e9mu provozu obchod\u016f.\u00a0Transporter\u00a0n\u00e1m v\u00fdrazn\u011b pom\u016f\u017ee s\u202flogistikou a my se budeme moci je\u0161t\u011b v\u00edce soust\u0159edit na aktivity sm\u011b\u0159uj\u00edc\u00ed k\u202fsamotn\u00e9 podpo\u0159e senior\u016f, za co\u017e jsme moc r\u00e1di,\u201c \u0159\u00edk\u00e1 Mat\u011bj\u00a0Lejsal. \u201eTransporter\u00a0je ji\u017e druh\u00fdm vozem, kter\u00fd jsme p\u0159evzali od VWFS a Porsche \u010cesk\u00e1 republika. \u00a0Prvn\u00edm vozem byl speci\u00e1ln\u011b upraven\u00fd Volkswagen\u00a0Caddy, kter\u00fd slou\u017e\u00ed pro p\u0159epravu\u00a0senior\u016f,\u201c dopl\u0148uje\u00a0Lejsal.<\/p>\n<p>V\u00fdznam daru zd\u016fraznila i <strong>Mirka Cimrov\u00e1, vedouc\u00ed divize Volkswagen U\u017eitkov\u00e9 vozy spole\u010dnosti Porsche \u010cesk\u00e1 republika.<\/strong> \u201eTransporter 6.1 je v\u00fdbornou volbou pro organizace, kter\u00e9 pot\u0159ebuj\u00ed robustn\u00ed a spolehliv\u00fd v\u016fz, s\u202fd\u016frazem na logistiku. T\u011b\u0161\u00ed m\u011b, \u017ee m\u016f\u017eeme p\u0159isp\u011bt k tomu, aby se v\u202fprojektu Sue Ryder dobro\u010dinn\u00e9 obchody dostalo v\u0161e tam, kam je pot\u0159eba, s\u202fmaxim\u00e1ln\u00edm komfortem a bezpe\u010d\u00edm,\u201c popsala.<\/p>\n<p><img loading=\"lazy\" decoding=\"async\" class=\"alignnone size-medium wp-image-13649\" src=\"http:\/\/www.automakers.cz\/wp-content\/uploads\/2025\/06\/VW-Transporter-Cimrova-tiskovka-900x506.jpeg\" alt=\"\" width=\"900\" height=\"506\" srcset=\"https:\/\/www.automakers.cz\/wp-content\/uploads\/2025\/06\/VW-Transporter-Cimrova-tiskovka-900x506.jpeg 900w, https:\/\/www.automakers.cz\/wp-content\/uploads\/2025\/06\/VW-Transporter-Cimrova-tiskovka-1024x576.jpeg 1024w, https:\/\/www.automakers.cz\/wp-content\/uploads\/2025\/06\/VW-Transporter-Cimrova-tiskovka-768x432.jpeg 768w, https:\/\/www.automakers.cz\/wp-content\/uploads\/2025\/06\/VW-Transporter-Cimrova-tiskovka-1536x864.jpeg 1536w, https:\/\/www.automakers.cz\/wp-content\/uploads\/2025\/06\/VW-Transporter-Cimrova-tiskovka-1280x720.jpeg 1280w, https:\/\/www.automakers.cz\/wp-content\/uploads\/2025\/06\/VW-Transporter-Cimrova-tiskovka.jpeg 2048w\" sizes=\"auto, (max-width: 900px) 100vw, 900px\" \/>Podpora znev\u00fdhodn\u011bn\u00fdch\u00a0a hendikepovan\u00fdch\u00a0skupin je pro\u00a0Volkswagen Financial Services\u00a0dlouhodobou\u00a0z\u00e1le\u017eitost\u00ed. \u201eSpolupr\u00e1ce s\u00a0charitativn\u00ed organizac\u00ed\u00a0Sue Ryder\u00a0pat\u0159\u00ed mezi\u00a0pil\u00ed\u0159e \u0161iroce rozkro\u010den\u00fdch\u00a0CSR\u00a0aktivit. Chceme zlep\u0161ovat mobilitu, a to nejen b\u011b\u017en\u00fdm z\u00e1kazn\u00edk\u016fm VWFS, ale i lidem, kte\u0159\u00ed jsou odk\u00e1z\u00e1ni na pomoc druh\u00fdch,\u201c uzav\u0159el <strong>Vratislav\u00a0Stra\u0161il.<\/strong><\/p>\n<p>Zdroj: VWFS<\/p>\n<p><strong>Mana\u017ee\u0159i Volkswagen FS v lednu bilancovali lo\u0148sk\u00fd rok v pra\u017esk\u00e9 Vile Richter<\/strong><\/p>\n<figure id=\"attachment_18994\" aria-describedby=\"caption-attachment-18994\" style=\"width: 900px\" class=\"wp-caption alignnone\"><img loading=\"lazy\" decoding=\"async\" class=\"size-medium wp-image-18994\" src=\"http:\/\/www.automakers.cz\/wp-content\/uploads\/2026\/01\/VWFS-vyrocni-Strasil-2026-orez-900x599.jpg\" alt=\"\" width=\"900\" height=\"599\" srcset=\"https:\/\/www.automakers.cz\/wp-content\/uploads\/2026\/01\/VWFS-vyrocni-Strasil-2026-orez-900x599.jpg 900w, https:\/\/www.automakers.cz\/wp-content\/uploads\/2026\/01\/VWFS-vyrocni-Strasil-2026-orez-1024x682.jpg 1024w, https:\/\/www.automakers.cz\/wp-content\/uploads\/2026\/01\/VWFS-vyrocni-Strasil-2026-orez-768x511.jpg 768w, https:\/\/www.automakers.cz\/wp-content\/uploads\/2026\/01\/VWFS-vyrocni-Strasil-2026-orez-1536x1023.jpg 1536w, https:\/\/www.automakers.cz\/wp-content\/uploads\/2026\/01\/VWFS-vyrocni-Strasil-2026-orez.jpg 1907w\" sizes=\"auto, (max-width: 900px) 100vw, 900px\" \/><figcaption id=\"caption-attachment-18994\" class=\"wp-caption-text\">V\u00fdsledky prezentovali (zleva) Ji\u0159\u00ed Ol\u0161a, Ji\u0159\u00ed Beran, Vratislav Stra\u0161il, Erk\u00edn Kudratov a Dan Toma<\/figcaption><\/figure>\n","protected":false},"excerpt":{"rendered":"<p>Neziskov\u00e1 organizace Sue Ryder p\u0159evzala od Volkswagen Financial Services a Porsche \u010cesk\u00e1 republika za zv\u00fdhodn\u011bn\u00fdch&#8230;<\/p>\n","protected":false},"author":1,"featured_media":19124,"comment_status":"closed","ping_status":"closed","sticky":false,"template":"","format":"standard","meta":{"footnotes":""},"categories":[16,26,33],"tags":[],"class_list":["post-19122","post","type-post","status-publish","format-standard","has-post-thumbnail","hentry","category-csr","category-eventy","category-leasing"],"_links":{"self":[{"href":"https:\/\/www.automakers.cz\/index.php?rest_route=\/wp\/v2\/posts\/19122","targetHints":{"allow":["GET"]}}],"collection":[{"href":"https:\/\/www.automakers.cz\/index.php?rest_route=\/wp\/v2\/posts"}],"about":[{"href":"https:\/\/www.automakers.cz\/index.php?rest_route=\/wp\/v2\/types\/post"}],"author":[{"embeddable":true,"href":"https:\/\/www.automakers.cz\/index.php?rest_route=\/wp\/v2\/users\/1"}],"replies":[{"embeddable":true,"href":"https:\/\/www.automakers.cz\/index.php?rest_route=%2Fwp%2Fv2%2Fcomments&post=19122"}],"version-history":[{"count":4,"href":"https:\/\/www.automakers.cz\/index.php?rest_route=\/wp\/v2\/posts\/19122\/revisions"}],"predecessor-version":[{"id":19127,"href":"https:\/\/www.automakers.cz\/index.php?rest_route=\/wp\/v2\/posts\/19122\/revisions\/19127"}],"wp:featuredmedia":[{"embeddable":true,"href":"https:\/\/www.automakers.cz\/index.php?rest_route=\/wp\/v2\/media\/19124"}],"wp:attachment":[{"href":"https:\/\/www.automakers.cz\/index.php?rest_route=%2Fwp%2Fv2%2Fmedia&parent=19122"}],"wp:term":[{"taxonomy":"category","embeddable":true,"href":"https:\/\/www.automakers.cz\/index.php?rest_route=%2Fwp%2Fv2%2Fcategories&post=19122"},{"taxonomy":"post_tag","embeddable":true,"href":"https:\/\/www.automakers.cz\/index.php?rest_route=%2Fwp%2Fv2%2Ftags&post=19122"}],"curies":[{"name":"wp","href":"https:\/\/api.w.org\/{rel}","templated":true}]}}