{"id":19163,"date":"2026-01-23T10:43:44","date_gmt":"2026-01-23T10:43:44","guid":{"rendered":"https:\/\/www.automakers.cz\/?p=19163"},"modified":"2026-01-23T10:44:35","modified_gmt":"2026-01-23T10:44:35","slug":"fuchsova-ceskemu-volvu-se-podarilo-nahradit-diesely-elektrinou","status":"publish","type":"post","link":"https:\/\/www.automakers.cz\/?p=19163","title":{"rendered":"Fuchsov\u00e1: \u010desk\u00e9mu Volvu se poda\u0159ilo nahradit diesely elekt\u0159inou"},"content":{"rendered":"<p><strong>Gener\u00e1ln\u00ed \u0159editelka \u010desk\u00e9ho Volvo Cars \u0160\u00e1rka Heyna Fuchsov\u00e1 vyu\u017eila premi\u00e9ru nov\u00e9ho modelu EX60 v pra\u017esk\u00e9m kin\u011b Imax k hodnocen\u00ed v\u00fdsledk\u016f zna\u010dky v roce 2025. Leitmotivem minul\u00e9ho roku bylo podle n\u00ed vyrovn\u00e1n\u00ed se s koncem dieselov\u00fdch pohon\u016f.<\/strong><!--more--><\/p>\n<p>&#8222;Loni jsme v \u010cesk\u00e9 republice prodali 4501 voz\u016f. Nebyl to n\u00e1\u0161 nejlep\u0161\u00ed rok, p\u0159edloni se n\u00e1m poda\u0159ilo um\u00edstit na trh 5022 voz\u016f. P\u0159esto minul\u00fd rok vid\u00edme jako dobr\u00fd v\u00fdsledek a to d\u00edky nov\u00e9 skladb\u011b prodan\u00fdch model\u016f,&#8220; \u0159ekla Fuchsov\u00e1.<\/p>\n<p>Zm\u00ednila skute\u010dnost, \u017ee v letech p\u0159edch\u00e1zej\u00edc\u00edch <strong>se je\u0161t\u011b doprod\u00e1valy diesely, jejich\u017e v\u00fdrobu \u0161v\u00e9dsk\u00e1 automobilka ukon\u010dila.<\/strong> Nav\u00edc mohli z\u00e1kazn\u00edci po\u010d\u00edtat s podporou st\u00e1tu pro n\u00e1kup elektrick\u00fdch voz\u016f. To se dohromady pod\u00edlelo na v\u00fdsledku zna\u010dky pln\u00fdmi \u010dty\u0159iceti procenty.<\/p>\n<p>&#8222;Do roku 25 jsme \u0161li nerv\u00f3zn\u00ed, proto\u017ee s naftov\u00fdmi motory zmizelo 40 procent na\u0161\u00ed nab\u00eddky. Konkurence je p\u0159itom z\u00e1visl\u00e1 ze 60 procent na dieselech, m\u00e1me snad nejv\u011bt\u0161\u00ed pod\u00edl diesel\u016f v Evrop\u011b. Nakonec se n\u00e1m ale poda\u0159ilo ud\u011blat slu\u0161n\u00e1 \u010d\u00edsla i bez naftov\u00fdch pohon\u016f,&#8220; hodnotila obt\u00ed\u017en\u00fd rok Fuchsov\u00e1.<\/p>\n<p><strong>Nejv\u00edce elektrifikovan\u00e1 zna\u010dka na trhu<\/strong><\/p>\n<p>\u010cesk\u00e9mu Volvu se podle jej\u00edch slov poda\u0159ilo nahradit diesely elektrifikovan\u00fdmi modely. &#8222;Auta s kabelem, tedy \u010dist\u011b elektrick\u00e9 vozy a plug-in hybridy, letos tvo\u0159\u00ed dohromady 36 procent na\u0161eho portfolia. <strong>Jsme nejv\u00edce elektrifikovan\u00e1 zna\u010dky v \u010cesku<\/strong>,&#8220; uzav\u00edr\u00e1 \u0161\u00e9fov\u00e1 importu s t\u00edm, \u017ee si hodn\u011b slibuje od nov\u00e9ho elektromobilu EX60, kter\u00fd byl pr\u00e1v\u011b p\u0159edstaven ve Stockholmu.<\/p>\n<div class=\"f_bt speakable\" data-dot=\"mol-paragraph\">\n<p class=\"c_bt\"><span class=\"c_gc\"><strong>Jeho vrcholn\u00e1 verze s pohonem v\u0161ech kol<\/strong> dos\u00e1hne dojezdu a\u017e 810 kilometr\u016f na jedno nabit\u00ed \u2013 co\u017e m\u00e1 b\u00fdt nejlep\u0161\u00ed parametr v dan\u00e9 t\u0159\u00edd\u011b. <\/span><span class=\"c_gc\"><strong>Z\u00e1kladn\u00ed verze<\/strong> nab\u00eddne nejvy\u0161\u0161\u00ed v\u00fdkon 275 kW, prost\u0159edn\u00ed 375 kW a vrcholn\u00e1 verze 500 kW. Cena startuje na 1,5 milionu korun.\u00a0<\/span><\/p>\n<p class=\"c_bt\"><strong>Elektromobil by se m\u011bl u \u010desk\u00fdch dealer\u016f objevit ve druh\u00e9 polovin\u011b roku 2026.<\/strong><\/p>\n<p class=\"c_bt\"><strong> (Viz dal\u0161\u00ed p\u0159\u00edsp\u011bvek)<\/strong><\/p>\n<p><img loading=\"lazy\" decoding=\"async\" class=\"alignnone size-medium wp-image-19129\" src=\"http:\/\/www.automakers.cz\/wp-content\/uploads\/2026\/01\/Volvo-EX60-Imax-kino-orez-900x505.jpg\" alt=\"\" width=\"900\" height=\"505\" srcset=\"https:\/\/www.automakers.cz\/wp-content\/uploads\/2026\/01\/Volvo-EX60-Imax-kino-orez-900x505.jpg 900w, https:\/\/www.automakers.cz\/wp-content\/uploads\/2026\/01\/Volvo-EX60-Imax-kino-orez-1024x575.jpg 1024w, https:\/\/www.automakers.cz\/wp-content\/uploads\/2026\/01\/Volvo-EX60-Imax-kino-orez-768x431.jpg 768w, https:\/\/www.automakers.cz\/wp-content\/uploads\/2026\/01\/Volvo-EX60-Imax-kino-orez-1536x862.jpg 1536w, https:\/\/www.automakers.cz\/wp-content\/uploads\/2026\/01\/Volvo-EX60-Imax-kino-orez-1280x720.jpg 1280w, https:\/\/www.automakers.cz\/wp-content\/uploads\/2026\/01\/Volvo-EX60-Imax-kino-orez.jpg 1708w\" sizes=\"auto, (max-width: 900px) 100vw, 900px\" \/><\/p>\n<\/div>\n<p>&nbsp;<\/p>\n","protected":false},"excerpt":{"rendered":"<p>Gener\u00e1ln\u00ed \u0159editelka \u010desk\u00e9ho Volvo Cars \u0160\u00e1rka Heyna Fuchsov\u00e1 vyu\u017eila premi\u00e9ru nov\u00e9ho modelu EX60 v pra\u017esk\u00e9m&#8230;<\/p>\n","protected":false},"author":1,"featured_media":17863,"comment_status":"closed","ping_status":"closed","sticky":false,"template":"","format":"standard","meta":{"footnotes":""},"categories":[96,9,12,20],"tags":[],"class_list":["post-19163","post","type-post","status-publish","format-standard","has-post-thumbnail","hentry","category-bilance","category-elektromobily","category-premiery","category-tiskovky"],"_links":{"self":[{"href":"https:\/\/www.automakers.cz\/index.php?rest_route=\/wp\/v2\/posts\/19163","targetHints":{"allow":["GET"]}}],"collection":[{"href":"https:\/\/www.automakers.cz\/index.php?rest_route=\/wp\/v2\/posts"}],"about":[{"href":"https:\/\/www.automakers.cz\/index.php?rest_route=\/wp\/v2\/types\/post"}],"author":[{"embeddable":true,"href":"https:\/\/www.automakers.cz\/index.php?rest_route=\/wp\/v2\/users\/1"}],"replies":[{"embeddable":true,"href":"https:\/\/www.automakers.cz\/index.php?rest_route=%2Fwp%2Fv2%2Fcomments&post=19163"}],"version-history":[{"count":5,"href":"https:\/\/www.automakers.cz\/index.php?rest_route=\/wp\/v2\/posts\/19163\/revisions"}],"predecessor-version":[{"id":19168,"href":"https:\/\/www.automakers.cz\/index.php?rest_route=\/wp\/v2\/posts\/19163\/revisions\/19168"}],"wp:featuredmedia":[{"embeddable":true,"href":"https:\/\/www.automakers.cz\/index.php?rest_route=\/wp\/v2\/media\/17863"}],"wp:attachment":[{"href":"https:\/\/www.automakers.cz\/index.php?rest_route=%2Fwp%2Fv2%2Fmedia&parent=19163"}],"wp:term":[{"taxonomy":"category","embeddable":true,"href":"https:\/\/www.automakers.cz\/index.php?rest_route=%2Fwp%2Fv2%2Fcategories&post=19163"},{"taxonomy":"post_tag","embeddable":true,"href":"https:\/\/www.automakers.cz\/index.php?rest_route=%2Fwp%2Fv2%2Ftags&post=19163"}],"curies":[{"name":"wp","href":"https:\/\/api.w.org\/{rel}","templated":true}]}}