{"id":19215,"date":"2026-01-27T09:06:21","date_gmt":"2026-01-27T09:06:21","guid":{"rendered":"https:\/\/www.automakers.cz\/?p=19215"},"modified":"2026-01-27T09:06:21","modified_gmt":"2026-01-27T09:06:21","slug":"vlada-schvalila-letosni-rozpocet-sfdi","status":"publish","type":"post","link":"https:\/\/www.automakers.cz\/?p=19215","title":{"rendered":"Vl\u00e1da schv\u00e1lila leto\u0161n\u00ed rozpo\u010det SFDI"},"content":{"rendered":"<p class=\"xmprfx_MsoNormal\"><b>Vl\u00e1da schv\u00e1lila 26. ledna n\u00e1vrh rozpo\u010dtu St\u00e1tn\u00edho fondu dopravn\u00ed infrastruktury, kter\u00fd by m\u011bl v leto\u0161n\u00edm roce pracovat s \u010d\u00e1stkou 169,3 miliardy korun, co\u017e je o 9 miliard v\u00edce, ne\u017e byl schv\u00e1len\u00fd rozpo\u010det fondu pro rok 2025.<\/b><!--more--><\/p>\n<p class=\"xmprfx_MsoNormal\">Finan\u010dn\u00ed prost\u0159edky p\u016fjdou na v\u00fdstavbu nov\u00fdch d\u00e1lnic a silnic I. t\u0159\u00edd, pokra\u010dov\u00e1n\u00ed kl\u00ed\u010dov\u00fdch \u017eelezni\u010dn\u00edch staveb a zaji\u0161t\u011bn\u00ed oprav a \u00fadr\u017eby dopravn\u00ed infrastruktury. Rovn\u011b\u017e je zaji\u0161t\u011bno financov\u00e1n\u00ed \u00faprav dopravn\u00ed infrastruktury v souvislosti s v\u00fdstavbou nov\u00e9ho jadern\u00e9ho zdroje v elektr\u00e1rn\u011b Dukovany a p\u0159\u00edsp\u011bvk\u016f zam\u011b\u0159en\u00fdch na zvy\u0161ov\u00e1n\u00ed bezpe\u010dnosti pro m\u011bsta a obce.<\/p>\n<p class=\"xmprfx_MsoNormal\">Oproti p\u016fvodn\u011b navrhovan\u00e9mu rozpo\u010dtu SFDI minulou vl\u00e1dou doch\u00e1z\u00ed k\u00a0pos\u00edlen\u00ed n\u00e1rodn\u00edch zdroj\u016f o \u010d\u00e1stku 26 miliard korun.<\/p>\n<p class=\"xmprfx_MsoNormal\"><i>\u201ePoda\u0159ilo se n\u00e1m sestavit proinvesti\u010dn\u00ed, a p\u0159edev\u0161\u00edm udr\u017eiteln\u00fd rozpo\u010det na dopravu. C\u00edlem toti\u017e nem\u00e1 b\u00fdt namalovat si rekordn\u00ed v\u00fddaje a pak p\u0159em\u00fd\u0161let, jestli na n\u011b m\u00e1me pen\u00edze, ale p\u0159ipravit vyv\u00e1\u017een\u00fd a rozumn\u00fd pl\u00e1n investic, kter\u00fd m\u00e1 pozitivn\u00ed dopad pro ob\u010dany, bezpe\u010dnost a ekonomiku. Meziro\u010dn\u011b zved\u00e1me rozpo\u010det \u0158editelstv\u00ed silnic a d\u00e1lnic i Spr\u00e1vy \u017eeleznic a investujeme do prioritn\u00edch staveb,\u201c\u00a0<\/i>\u0159\u00edk\u00e1 ministr dopravy\u00a0<b>Ivan Bedn\u00e1rik<\/b>.<\/p>\n<p class=\"xmprfx_MsoNormal\">Rozpo\u010det SFDI je navrhovan\u00fd jako siln\u011b proinvesti\u010dn\u00ed, kdy\u00a0<b>investi\u010dn\u00ed v\u00fddaje dosahuj\u00ed 119,5 miliard korun<\/b>\u00a0(+ 9 miliard korun oproti schv\u00e1len\u00e9mu rozpo\u010dtu SFDI pro rok 2025) a neinvesti\u010dn\u00ed jsou 49,8 miliard korun (opravy, \u00fadr\u017eba a provozov\u00e1n\u00ed dopravn\u00ed infrastruktury v\u010detn\u011b provozn\u00ed \u010dinnosti investorsk\u00fdch organizac\u00ed).<\/p>\n<p class=\"xmprfx_MsoNormal\"><i>\u201eJedn\u00e1 se o rekordn\u00ed rozpo\u010det na dopravn\u00ed infrastrukturu, kter\u00fdm navazujeme na rostouc\u00ed trend minul\u00fdch let. N\u00e1rodn\u00ed zdroje \u010din\u00ed 144 mld. K\u010d a po\u010d\u00edt\u00e1 se zapojen\u00edm evropsk\u00fdch zdroj\u016f v celkov\u00e9 v\u00fd\u0161i 25,3 mld. K\u010d, a to zejm\u00e9na z\u00a0Opera\u010dn\u00edho programu Doprava a N\u00e1stroje pro propojen\u00ed Evropy, tzv. CEF,\u201c\u00a0<\/i>\u0159\u00edk\u00e1 \u0159editel St\u00e1tn\u00edho fondu dopravn\u00ed infrastruktury\u00a0<b>Zbyn\u011bk Ho\u0159elica<\/b>.<\/p>\n<p><img loading=\"lazy\" decoding=\"async\" class=\"alignnone size-medium wp-image-19218\" src=\"http:\/\/www.automakers.cz\/wp-content\/uploads\/2026\/01\/Vystavba-bagr-dalnice-900x600.jpg\" alt=\"\" width=\"900\" height=\"600\" srcset=\"https:\/\/www.automakers.cz\/wp-content\/uploads\/2026\/01\/Vystavba-bagr-dalnice-900x600.jpg 900w, https:\/\/www.automakers.cz\/wp-content\/uploads\/2026\/01\/Vystavba-bagr-dalnice-1024x683.jpg 1024w, https:\/\/www.automakers.cz\/wp-content\/uploads\/2026\/01\/Vystavba-bagr-dalnice-768x512.jpg 768w, https:\/\/www.automakers.cz\/wp-content\/uploads\/2026\/01\/Vystavba-bagr-dalnice-1536x1024.jpg 1536w, https:\/\/www.automakers.cz\/wp-content\/uploads\/2026\/01\/Vystavba-bagr-dalnice-2048x1365.jpg 2048w\" sizes=\"auto, (max-width: 900px) 100vw, 900px\" \/>Z celkov\u00e9 \u010d\u00e1stky rozpo\u010dtu je pro\u00a0<b>\u0158editelstv\u00ed silnic a d\u00e1lnic vy\u010dlen\u011bno 81,1 miliard korun<\/b>\u00a0a\u00a0pro\u00a0<b>Spr\u00e1vu \u017eeleznic 72,2 miliard korun<\/b>\u00a0na pokryt\u00ed investi\u010dn\u00edch a neinvesti\u010dn\u00edch akc\u00ed.<\/p>\n<p>Zdroj: MD<\/p>\n","protected":false},"excerpt":{"rendered":"<p>Vl\u00e1da schv\u00e1lila 26. ledna n\u00e1vrh rozpo\u010dtu St\u00e1tn\u00edho fondu dopravn\u00ed infrastruktury, kter\u00fd by m\u011bl v leto\u0161n\u00edm&#8230;<\/p>\n","protected":false},"author":1,"featured_media":19217,"comment_status":"closed","ping_status":"closed","sticky":false,"template":"","format":"standard","meta":{"footnotes":""},"categories":[47,3],"tags":[],"class_list":["post-19215","post","type-post","status-publish","format-standard","has-post-thumbnail","hentry","category-doprava","category-investice"],"_links":{"self":[{"href":"https:\/\/www.automakers.cz\/index.php?rest_route=\/wp\/v2\/posts\/19215","targetHints":{"allow":["GET"]}}],"collection":[{"href":"https:\/\/www.automakers.cz\/index.php?rest_route=\/wp\/v2\/posts"}],"about":[{"href":"https:\/\/www.automakers.cz\/index.php?rest_route=\/wp\/v2\/types\/post"}],"author":[{"embeddable":true,"href":"https:\/\/www.automakers.cz\/index.php?rest_route=\/wp\/v2\/users\/1"}],"replies":[{"embeddable":true,"href":"https:\/\/www.automakers.cz\/index.php?rest_route=%2Fwp%2Fv2%2Fcomments&post=19215"}],"version-history":[{"count":3,"href":"https:\/\/www.automakers.cz\/index.php?rest_route=\/wp\/v2\/posts\/19215\/revisions"}],"predecessor-version":[{"id":19220,"href":"https:\/\/www.automakers.cz\/index.php?rest_route=\/wp\/v2\/posts\/19215\/revisions\/19220"}],"wp:featuredmedia":[{"embeddable":true,"href":"https:\/\/www.automakers.cz\/index.php?rest_route=\/wp\/v2\/media\/19217"}],"wp:attachment":[{"href":"https:\/\/www.automakers.cz\/index.php?rest_route=%2Fwp%2Fv2%2Fmedia&parent=19215"}],"wp:term":[{"taxonomy":"category","embeddable":true,"href":"https:\/\/www.automakers.cz\/index.php?rest_route=%2Fwp%2Fv2%2Fcategories&post=19215"},{"taxonomy":"post_tag","embeddable":true,"href":"https:\/\/www.automakers.cz\/index.php?rest_route=%2Fwp%2Fv2%2Ftags&post=19215"}],"curies":[{"name":"wp","href":"https:\/\/api.w.org\/{rel}","templated":true}]}}