{"id":19225,"date":"2026-01-27T12:37:40","date_gmt":"2026-01-27T12:37:40","guid":{"rendered":"https:\/\/www.automakers.cz\/?p=19225"},"modified":"2026-01-27T12:37:40","modified_gmt":"2026-01-27T12:37:40","slug":"mitsubishi-grandis-se-ukazalo-v-highlightu","status":"publish","type":"post","link":"https:\/\/www.automakers.cz\/?p=19225","title":{"rendered":"Mitsubishi Grandis se uk\u00e1zalo v Highlightu"},"content":{"rendered":"<div class=\"mb-5\">\n<p><strong>Zna\u010dka Mitsubishi sezvala novin\u00e1\u0159e do konferen\u010dn\u00edho centra Highlight v Hlubo\u010depech na n\u00e1rodn\u00ed premi\u00e9ru nov\u00e9ho modelu Grandis. Novinku prezentovali \u0161\u00e9f obchodu Vladim\u00edr Hejna, mluv\u010d\u00ed zna\u010dky Adam Pr\u016f\u0161a a dal\u0161\u00ed mana\u017ee\u0159i M Motors.<\/strong><\/p>\n<p>&#8222;Grandis je kompaktn\u00ed SUV vyvinut\u00e9 speci\u00e1ln\u011b pro Evropu s c\u00edlem postavit se soupe\u0159\u016fm v nejv\u011bt\u0161\u00edm segmentu trhu. P\u0159in\u00e1\u0161\u00ed charakteristick\u00fd design zna\u010dky, kompletn\u00ed sestavu modern\u00edch elektrifikovan\u00fdch pohon\u016f, nejnov\u011bj\u0161\u00ed syst\u00e9my ADAS a konektivitu v\u010detn\u011b integrovan\u00fdch slu\u017eeb Google,&#8220; uvedli mana\u017ee\u0159i importu.<\/p>\n<p><iframe loading=\"lazy\"  id=\"_ytid_41170\"  width=\"640\" height=\"360\"  data-origwidth=\"640\" data-origheight=\"360\" src=\"https:\/\/www.youtube.com\/embed\/-MraFrwQOUo?enablejsapi=1&#038;autoplay=0&#038;cc_load_policy=0&#038;cc_lang_pref=&#038;iv_load_policy=1&#038;loop=0&#038;modestbranding=0&#038;rel=1&#038;fs=1&#038;playsinline=0&#038;autohide=2&#038;theme=dark&#038;color=red&#038;controls=1&#038;\" class=\"__youtube_prefs__  epyt-is-override  no-lazyload\" title=\"YouTube player\"  allow=\"accelerometer; autoplay; clipboard-write; encrypted-media; gyroscope; picture-in-picture\" allowfullscreen data-no-lazy=\"1\" data-skipgform_ajax_framebjll=\"\"><\/iframe><\/p>\n<p><strong>V\u016fz c\u00edl\u00ed na mlad\u00e9 rodiny<\/strong>, kter\u00e9 chce oslovit prostorem a v\u0161estrannost\u00ed, provozn\u00ed hospod\u00e1rnost\u00ed a v\u00fdkonem, a to v\u010detn\u011b nejnov\u011bj\u0161\u00edch technologi\u00ed a stylov\u00e9ho designu. Mild-hybridn\u00ed (MHEV) a pln\u011b hybridn\u00ed (HEV) pohonn\u00e9 jednotky podle automobilky poskytuj\u00ed j\u00edzdn\u00ed schopnosti a n\u00edzkou spot\u0159ebu, \u010d\u00edm\u017e sni\u017euj\u00ed emise i provozn\u00ed n\u00e1klady.<\/p>\n<figure id=\"attachment_19172\" aria-describedby=\"caption-attachment-19172\" style=\"width: 900px\" class=\"wp-caption alignnone\"><img loading=\"lazy\" decoding=\"async\" class=\"size-medium wp-image-19172\" src=\"http:\/\/www.automakers.cz\/wp-content\/uploads\/2026\/01\/Mitsubishi-Grandis-Highlight-fotografka-orez-900x525.jpg\" alt=\"\" width=\"900\" height=\"525\" srcset=\"https:\/\/www.automakers.cz\/wp-content\/uploads\/2026\/01\/Mitsubishi-Grandis-Highlight-fotografka-orez-900x525.jpg 900w, https:\/\/www.automakers.cz\/wp-content\/uploads\/2026\/01\/Mitsubishi-Grandis-Highlight-fotografka-orez-1024x597.jpg 1024w, https:\/\/www.automakers.cz\/wp-content\/uploads\/2026\/01\/Mitsubishi-Grandis-Highlight-fotografka-orez-768x448.jpg 768w, https:\/\/www.automakers.cz\/wp-content\/uploads\/2026\/01\/Mitsubishi-Grandis-Highlight-fotografka-orez-1536x896.jpg 1536w, https:\/\/www.automakers.cz\/wp-content\/uploads\/2026\/01\/Mitsubishi-Grandis-Highlight-fotografka-orez.jpg 1898w\" sizes=\"auto, (max-width: 900px) 100vw, 900px\" \/><figcaption id=\"caption-attachment-19172\" class=\"wp-caption-text\">Grandis na podiu v Highlightu; Foto: Erich Handl<\/figcaption><\/figure>\n<p>Ke stylov\u00e9mu charakteru p\u0159isp\u00edv\u00e1 \u010delo vozu s typick\u00fdm \u201edynamick\u00fdm \u0161t\u00edtem\u201c, plynule p\u0159ech\u00e1zej\u00edc\u00ed do bok\u016f se sportovn\u00edm a dynamick\u00fdm profilem. Motiv \u201eSculptural Hexagon\u201c (trojrozm\u011brn\u00fd \u0161esti\u00faheln\u00edk) na z\u00e1di vozu evokuje dojem s\u00edly.<\/p>\n<p>Interi\u00e9r zcela nov\u00e9ho SUV Grandis p\u0159in\u00e1\u0161\u00ed podle konstrukt\u00e9r\u016f prakti\u010dnost a u\u017eitnou hodnotu v kombinaci s konektivitou a kvalitou.<\/p>\n<p><img loading=\"lazy\" decoding=\"async\" class=\"alignnone size-full wp-image-19230\" src=\"http:\/\/www.automakers.cz\/wp-content\/uploads\/2026\/01\/Mitsubishi-reditel.jpg\" alt=\"\" width=\"640\" height=\"427\" \/><\/p>\n<p><strong>Pohonn\u00e9 jednotky<\/strong><\/p>\n<p>Nab\u00eddka pohon\u016f zahrnuje jednotku MHEV (mild hybrid) a HEV (full hybrid). Kompaktn\u00ed SUV nab\u00edz\u00ed variantu 1.3 MHEV s manu\u00e1ln\u00ed nebo automatickou p\u0159evodovkou, jako\u017e i pln\u011b hybridn\u00ed proveden\u00ed 1,8 litru, kter\u00e9 p\u0159in\u00e1\u0161\u00ed akceleraci, rekuperaci energie, ni\u017e\u0161\u00ed emise CO2 a p\u0159\u00edkladn\u011b n\u00edzkou spot\u0159ebu paliva.<\/p>\n<p>Nov\u00fd Grandis l\u00e1k\u00e1 na syst\u00e9my podpory \u0159\u00edzen\u00ed (ADAS) s nejnov\u011bj\u0161\u00edmi technologiemi senzor\u016f \u2013 od syst\u00e9mu MI-PILOT, kter\u00fd pom\u00e1h\u00e1 ulevit na del\u0161\u00edch tras\u00e1ch, a\u017e po automatick\u00e9 nouzov\u00e9 brzd\u011bn\u00ed p\u0159i couv\u00e1n\u00ed (Rear AEB), kter\u00e9 rozpozn\u00e1v\u00e1 mo\u017en\u00e1 rizika kolize b\u011bhem pomalej\u0161\u00edch a slo\u017eit\u011bj\u0161\u00edch man\u00e9vr\u016f. Syst\u00e9my ADAS jsou z\u00e1rukou jistoty v situac\u00edch, kdy je to nejv\u00edce pot\u0159eba.<\/p>\n<p>SUV s vestav\u011bn\u00fdmi slu\u017ebami Google nab\u00edz\u00ed p\u0159\u00edmo v kabin\u011b aplikace v\u010detn\u011b Map Google, Google Play a Asistenta Google. Pr\u00e9miov\u00fd hudebn\u00ed syst\u00e9m Harman Kardon Premium je z\u00e1rukou \u010distoty pod\u00e1n\u00ed ve\u0161ker\u00e9ho obsahu, od hudby a\u017e po podcasty. A s mobiln\u00ed aplikac\u00ed Mitsubishi Motors m\u00e1 u\u017eivatel snadn\u00fd p\u0159\u00edstup ke v\u0161em d\u016fle\u017eit\u00fdm informac\u00edm a slu\u017eb\u00e1m poskytovan\u00fdm na d\u00e1lku v\u010detn\u011b kompletn\u00ed kontroly nad \u0159adou funkc\u00ed.<\/p>\n<p>Grandis se m\u016f\u017ee op\u0159\u00edt o prodlou\u017eenou a\u017e osmiletou z\u00e1ruku Mitsubishi, kter\u00e1 za spln\u011bn\u00ed konkr\u00e9tn\u00edch podm\u00ednek p\u0159id\u00e1v\u00e1 t\u0159i roky nav\u00edc k beztak neuv\u011b\u0159iteln\u00e9 p\u011btilet\u00e9 tov\u00e1rn\u00ed z\u00e1ruce zna\u010dky. To znamen\u00e1, \u017ee z\u00e1kazn\u00edk bude m\u00edt n\u00e1rok na kryt\u00ed po dobu a\u017e osmi let nebo 160 000 km (podle toho, co nastane d\u0159\u00edve).<\/p>\n<p><strong>Z\u00e1ruka Mitsubishi<\/strong><\/p>\n<p>Na Grandis se podobn\u011b jako na v\u0161echna vozidla Mitsubishi Motors prod\u00e1van\u00e1 v Evrop\u011b vztahuje tzv. \u201eZ\u00e1ruka kvality Mitsubishi\u201c, kter\u00e1 zahrnuje:<\/p>\n<ul>\n<li>a\u017e osmiletou z\u00e1ruku (p\u011btiletou tov\u00e1rn\u00ed z\u00e1ruku s omezen\u00edm na 100 000 km plus dal\u0161\u00ed 3 roky z\u00e1ru\u010dn\u00edho kryt\u00ed p\u0159i spln\u011bn\u00ed konkr\u00e9tn\u00edch podm\u00ednek, celkem 8 let \/ 160 000 km),<\/li>\n<li>dvan\u00e1ctiletou z\u00e1ruku proti proreziv\u011bn\u00ed karoserie,<\/li>\n<li>osmiletou z\u00e1ruku na baterii syst\u00e9mu pohonu (s omezen\u00edm na 160 000 km),<\/li>\n<li>asisten\u010dn\u00ed slu\u017eby po dobu a\u017e 15 let (Mitsubishi Assistance Package)<\/li>\n<li>bezplatnou zdravotn\u00ed prohl\u00eddku vozidla<\/li>\n<\/ul>\n<p><strong>Grandis<\/strong> se spolu s <strong>\u010dist\u011b elektrick\u00fdm<\/strong> <strong>Eclipse Cross BEVuk\u00e1zal poprv\u00e9 na listopadov\u00e9m e-Salonu.<\/strong><span id=\"more-18078\"><\/span><\/p>\n<p><strong>Komu ho chce \u0161\u00e9f importu Kamil \u0160ilhav\u00fd prod\u00e1vat:<\/strong><\/p>\n<p>\u201eJe to velk\u00e9 prostorn\u00e9 auto vhodn\u00e9 krom\u011b m\u011bsta i pro j\u00edzdy na chalupu. Tak\u017ee to budoui rodiny s d\u011btmi nebo star\u0161\u00ed p\u00e1ry. R\u00e1d bych aby m\u011blo ambice i ve fleetov\u00fdch obchodech, ale tam jsou na\u0161e o\u010dek\u00e1v\u00e1n\u00ed men\u0161\u00ed,\u201c \u0159ekl pro AUTOmakers \u0161\u00e9f importu.<\/p>\n<p><iframe loading=\"lazy\" id=\"_ytid_32367\" class=\"__youtube_prefs__ epyt-is-override no-lazyload\" title=\"Rozhovory na e-SALONU 2025: Mitsubishi\" src=\"https:\/\/www.youtube.com\/embed\/yYRS9mDtmVg?enablejsapi=1&amp;autoplay=0&amp;cc_load_policy=0&amp;cc_lang_pref=&amp;iv_load_policy=1&amp;loop=0&amp;modestbranding=0&amp;rel=1&amp;fs=1&amp;playsinline=0&amp;autohide=2&amp;theme=dark&amp;color=red&amp;controls=1&amp;\" width=\"640\" height=\"360\" allowfullscreen=\"allowfullscreen\" data-origwidth=\"640\" data-origheight=\"360\" data-no-lazy=\"1\" data-skipgform_ajax_framebjll=\"\" data-mce-fragment=\"1\"><\/iframe><\/p>\n<p><strong>Zdroj: TK Mitsubishi Higlight; e-Salon, Videa: Lud\u011bk Kortus<\/strong><\/p>\n<\/div>\n<p><!--more--><\/p>\n<hr \/>\n","protected":false},"excerpt":{"rendered":"<p>Zna\u010dka Mitsubishi sezvala novin\u00e1\u0159e do konferen\u010dn\u00edho centra Highlight v Hlubo\u010depech na n\u00e1rodn\u00ed premi\u00e9ru nov\u00e9ho modelu&#8230;<\/p>\n","protected":false},"author":1,"featured_media":19228,"comment_status":"closed","ping_status":"closed","sticky":false,"template":"","format":"standard","meta":{"footnotes":""},"categories":[59,83,12,66],"tags":[],"class_list":["post-19225","post","type-post","status-publish","format-standard","has-post-thumbnail","hentry","category-automakers-tv","category-hybridy","category-premiery","category-video"],"_links":{"self":[{"href":"https:\/\/www.automakers.cz\/index.php?rest_route=\/wp\/v2\/posts\/19225","targetHints":{"allow":["GET"]}}],"collection":[{"href":"https:\/\/www.automakers.cz\/index.php?rest_route=\/wp\/v2\/posts"}],"about":[{"href":"https:\/\/www.automakers.cz\/index.php?rest_route=\/wp\/v2\/types\/post"}],"author":[{"embeddable":true,"href":"https:\/\/www.automakers.cz\/index.php?rest_route=\/wp\/v2\/users\/1"}],"replies":[{"embeddable":true,"href":"https:\/\/www.automakers.cz\/index.php?rest_route=%2Fwp%2Fv2%2Fcomments&post=19225"}],"version-history":[{"count":5,"href":"https:\/\/www.automakers.cz\/index.php?rest_route=\/wp\/v2\/posts\/19225\/revisions"}],"predecessor-version":[{"id":19232,"href":"https:\/\/www.automakers.cz\/index.php?rest_route=\/wp\/v2\/posts\/19225\/revisions\/19232"}],"wp:featuredmedia":[{"embeddable":true,"href":"https:\/\/www.automakers.cz\/index.php?rest_route=\/wp\/v2\/media\/19228"}],"wp:attachment":[{"href":"https:\/\/www.automakers.cz\/index.php?rest_route=%2Fwp%2Fv2%2Fmedia&parent=19225"}],"wp:term":[{"taxonomy":"category","embeddable":true,"href":"https:\/\/www.automakers.cz\/index.php?rest_route=%2Fwp%2Fv2%2Fcategories&post=19225"},{"taxonomy":"post_tag","embeddable":true,"href":"https:\/\/www.automakers.cz\/index.php?rest_route=%2Fwp%2Fv2%2Ftags&post=19225"}],"curies":[{"name":"wp","href":"https:\/\/api.w.org\/{rel}","templated":true}]}}