{"id":19235,"date":"2026-01-27T15:46:06","date_gmt":"2026-01-27T15:46:06","guid":{"rendered":"https:\/\/www.automakers.cz\/?p=19235"},"modified":"2026-01-29T08:50:59","modified_gmt":"2026-01-29T08:50:59","slug":"cupra-na-steroidech-abt-otevira-v-praze-novy-showroom-a-uvadi-brutalni-edice-se-zarukou","status":"publish","type":"post","link":"https:\/\/www.automakers.cz\/?p=19235","title":{"rendered":"ABT otev\u00edr\u00e1 v Praze nov\u00fd showroom"},"content":{"rendered":"<div id=\"model-response-message-contentr_a66ef777048ee64f\" class=\"markdown markdown-main-panel stronger enable-updated-hr-color\" dir=\"ltr\" aria-live=\"polite\">\n<p data-path-to-node=\"1\"><strong>Milovn\u00edci ostr\u00fdch \u0161pan\u011blsk\u00fdch voz\u016f maj\u00ed d\u016fvod k oslav\u011b. <span class=\"citation-49\">V Praze se otev\u00edr\u00e1 br\u00e1na do sv\u011bta nekompromisn\u00edho tuningu, kter\u00fd spojuje n\u011bmeckou preciznost s temperamentem zna\u010dky CUPRA \u2013 a to v\u0161e bez obav o tov\u00e1rn\u00ed z\u00e1ruku.<\/span><\/strong><\/p>\n<p data-path-to-node=\"3\"><span data-path-to-node=\"3,1\"><span class=\"citation-48\">Praha se v pond\u011bl\u00ed 26. ledna 2026 stala centrem pozornosti v\u0161ech fanou\u0161k\u016f rychl\u00fdch kol<\/span><\/span><span data-path-to-node=\"3,3\">. <\/span><span data-path-to-node=\"3,5\"><span class=\"citation-47\">Spole\u010dnost <\/span><b data-path-to-node=\"3,5\" data-index-in-node=\"11\"><span class=\"citation-47\">ABT Czech<\/span><\/b><span class=\"citation-47\"> zde slavnostn\u011b otev\u0159ela sv\u016fj nov\u00fd showroom a rovnou p\u0159edstavila exkluzivn\u00ed edice <\/span><b data-path-to-node=\"3,5\" data-index-in-node=\"102\"><span class=\"citation-47\">CUPRA x ABT<\/span><\/b><span class=\"citation-47\"> vytvo\u0159en\u00e9 speci\u00e1ln\u011b pro \u010desk\u00fd trh<\/span><\/span><span data-path-to-node=\"3,7\">. <\/span><span data-path-to-node=\"3,9\"><span class=\"citation-46\">V\u00fdznam ud\u00e1losti podtrhla i osobn\u00ed \u00fa\u010dast nejvy\u0161\u0161\u00edho veden\u00ed: do Prahy dorazil Thomas Biermaier, CEO ABT Sportsline, a Tom\u00e1\u0161 Navr\u00e1til, \u0161\u00e9f divize SEAT\/CUPRA v \u010cR a tak\u00e9 jeho \u0161\u00e9f Julian Rumswinkel, v\u00fdkonn\u00fd \u0159editel Porsche \u010cesk\u00e1 republika s.r.o.<\/span><\/span><\/p>\n<div class=\"source-inline-chip-container ng-star-inserted\">\n<figure id=\"attachment_19236\" aria-describedby=\"caption-attachment-19236\" style=\"width: 900px\" class=\"wp-caption alignnone\"><img loading=\"lazy\" decoding=\"async\" class=\"size-medium wp-image-19236\" src=\"http:\/\/www.automakers.cz\/wp-content\/uploads\/2026\/01\/DSC04852-900x600.jpg\" alt=\"\" width=\"900\" height=\"600\" srcset=\"https:\/\/www.automakers.cz\/wp-content\/uploads\/2026\/01\/DSC04852-900x600.jpg 900w, https:\/\/www.automakers.cz\/wp-content\/uploads\/2026\/01\/DSC04852-1024x683.jpg 1024w, https:\/\/www.automakers.cz\/wp-content\/uploads\/2026\/01\/DSC04852-768x512.jpg 768w, https:\/\/www.automakers.cz\/wp-content\/uploads\/2026\/01\/DSC04852-1536x1024.jpg 1536w, https:\/\/www.automakers.cz\/wp-content\/uploads\/2026\/01\/DSC04852-2048x1365.jpg 2048w\" sizes=\"auto, (max-width: 900px) 100vw, 900px\" \/><figcaption id=\"caption-attachment-19236\" class=\"wp-caption-text\">Julian Rumswinkel &#8211; managing director Porsche \u010cesk\u00e1 republika s.r.o., Thomas Biermaier &#8211; CEO ABT Sportsline GmbH, Tobias L\u00f6scher &#8211; Bereichslaitung Vertrieb Export ABT Sportsline GmbH, Jan Kliment &#8211; hlavn\u00ed mechanik ABT-czech s.r.o., Tom\u00e1\u0161 Navr\u00e1til &#8211; vedouc\u00ed divize SEAT\/ CUPRA Porsche \u010cesk\u00e1 republika s.r.o., Zde\u0148ek Hoffman &#8211; sales manager ABT-czech s.r.o., Elias Hatt &#8211; Export Area Sales Manager ABT Sportsline GmbH<\/figcaption><\/figure>\n<\/div>\n<h3 data-path-to-node=\"4\">V\u00fdkon pod kontrolou a v pln\u00e9 z\u00e1ruce<\/h3>\n<p data-path-to-node=\"5\"><span data-path-to-node=\"5,0\">Zapome\u0148te na pochybn\u00fd aftermarket. <\/span><span data-path-to-node=\"5,2\"><span class=\"citation-45\">Tyto edice jsou ucelen\u00fdm \u0159e\u0161en\u00edm, kter\u00e9 lad\u00ed v\u00fdkon, aerodynamiku i design do jednoho harmonick\u00e9ho celku<\/span><\/span><span data-path-to-node=\"5,4\">. <\/span><span data-path-to-node=\"5,6\"><span class=\"citation-44\">Kl\u00ed\u010dov\u00fdm benefitem je, \u017ee i po \u00faprav\u011b <\/span><b data-path-to-node=\"5,6\" data-index-in-node=\"38\"><span class=\"citation-44\">z\u016fst\u00e1v\u00e1 zachov\u00e1na pln\u00e1 p\u011btilet\u00e1 tov\u00e1rn\u00ed z\u00e1ruka<\/span><\/b><span class=\"citation-44\"> na v\u016fz<\/span><\/span><span data-path-to-node=\"5,8\">.<\/span><\/p>\n<blockquote data-path-to-node=\"6\">\n<p data-path-to-node=\"6,0\"><span data-path-to-node=\"6,0,1\"><span class=\"citation-43\">\u201eObsah \u010desk\u00fdch edic jsme nastavili podle re\u00e1ln\u00fdch podm\u00ednek na \u010desk\u00fdch silnic\u00edch,\u201c <\/span><\/span><span data-path-to-node=\"6,0,3\"> vysv\u011btluj\u00ed z\u00e1stupci ABT Czech. <\/span><span data-path-to-node=\"6,0,5\"><span class=\"citation-42\">\u201eNa\u0161\u00edm c\u00edlem je bezpe\u010dnost a maxim\u00e1ln\u00ed u\u017eitn\u00e1 hodnota pro z\u00e1kazn\u00edky \u2013 d\u00edky spolupr\u00e1ci se n\u00e1m poda\u0159ilo sn\u00ed\u017eit cenu za pr\u00e9miov\u00e1 kola \u0159ady GR v tuningov\u00e9m paketu na \u00farove\u0148 z\u00e1kladn\u00ed \u0159ady Prime.\u201c<\/span><\/span><\/p>\n<\/blockquote>\n<p data-path-to-node=\"7\"><span data-path-to-node=\"7,0\">Pr\u00e1v\u011b kola <b data-path-to-node=\"7,0\" data-index-in-node=\"11\">ABT Sport GR<\/b> jsou specifikem \u010desk\u00e9 nab\u00eddky. <\/span><span data-path-to-node=\"7,2\"><span class=\"citation-41\">Jejich konstrukce je odoln\u011bj\u0161\u00ed, aby l\u00e9pe zvl\u00e1dala drsn\u011bj\u0161\u00ed povrch tuzemsk\u00fdch cest<\/span><\/span><span data-path-to-node=\"7,4\">.<\/span><\/p>\n<figure id=\"attachment_19242\" aria-describedby=\"caption-attachment-19242\" style=\"width: 900px\" class=\"wp-caption alignnone\"><img loading=\"lazy\" decoding=\"async\" class=\"size-medium wp-image-19242\" src=\"http:\/\/www.automakers.cz\/wp-content\/uploads\/2026\/01\/IMG_5107-900x506.jpeg\" alt=\"\" width=\"900\" height=\"506\" srcset=\"https:\/\/www.automakers.cz\/wp-content\/uploads\/2026\/01\/IMG_5107-900x506.jpeg 900w, https:\/\/www.automakers.cz\/wp-content\/uploads\/2026\/01\/IMG_5107-1024x576.jpeg 1024w, https:\/\/www.automakers.cz\/wp-content\/uploads\/2026\/01\/IMG_5107-768x432.jpeg 768w, https:\/\/www.automakers.cz\/wp-content\/uploads\/2026\/01\/IMG_5107-1536x864.jpeg 1536w, https:\/\/www.automakers.cz\/wp-content\/uploads\/2026\/01\/IMG_5107-2048x1152.jpeg 2048w, https:\/\/www.automakers.cz\/wp-content\/uploads\/2026\/01\/IMG_5107-1280x720.jpeg 1280w\" sizes=\"auto, (max-width: 900px) 100vw, 900px\" \/><figcaption id=\"caption-attachment-19242\" class=\"wp-caption-text\">Tom\u00e1\u0161 Navr\u00e1til<\/figcaption><\/figure>\n<h3 data-path-to-node=\"8\">P\u0159ehled v\u00fdkonov\u00fdch variant<\/h3>\n<p data-path-to-node=\"9\"><span data-path-to-node=\"9,1\"><span class=\"citation-40\">Nov\u00e9 bal\u00ed\u010dky jsou dostupn\u00e9 pro modely Formentor, Terramar a Leon (v\u010detn\u011b verz\u00ed Sportstourer a Limousine)<\/span><\/span><span data-path-to-node=\"9,3\">.<\/span><\/p>\n<table data-path-to-node=\"10\">\n<thead>\n<tr>\n<td><strong>Model<\/strong><\/td>\n<td><strong>S\u00e9riov\u00fd v\u00fdkon<\/strong><\/td>\n<td><strong>ABT Power<\/strong><\/td>\n<td><strong>To\u010div\u00fd moment (ABT)<\/strong><\/td>\n<\/tr>\n<\/thead>\n<tbody>\n<tr>\n<td><span data-path-to-node=\"10,1,0,0\"><b data-path-to-node=\"10,1,0,0\" data-index-in-node=\"0\">Formentor VZ 2.0 TSI<\/b><\/span><\/td>\n<td><span data-path-to-node=\"10,1,1,0\">333 k (245 kW)<\/span><\/td>\n<td><span data-path-to-node=\"10,1,2,0\"><b data-path-to-node=\"10,1,2,0\" data-index-in-node=\"0\">400 k (294 kW)<\/b><\/span><\/td>\n<td>\n<p data-path-to-node=\"10,1,3,0\"><span data-path-to-node=\"10,1,3,0,1\"><span class=\"citation-39\">\u00a0 <\/span><\/span><span data-path-to-node=\"10,1,3,0,1\"><span class=\"citation-39\">470 Nm <\/span><\/span><\/p>\n<div class=\"source-inline-chip-container ng-star-inserted\"><\/div>\n<div class=\"source-inline-chip-container ng-star-inserted\"><\/div>\n<div class=\"source-inline-chip-container ng-star-inserted\"><\/div>\n<div class=\"source-inline-chip-container ng-star-inserted\"><\/div>\n<p>&nbsp;<\/td>\n<\/tr>\n<tr>\n<td><span data-path-to-node=\"10,2,0,0\"><b data-path-to-node=\"10,2,0,0\" data-index-in-node=\"0\">Terramar VZ 2.0 TSI<\/b><\/span><\/td>\n<td><span data-path-to-node=\"10,2,1,0\">265 k (195 kW)<\/span><\/td>\n<td><span data-path-to-node=\"10,2,2,0\"><b data-path-to-node=\"10,2,2,0\" data-index-in-node=\"0\">325 k (239 kW)<\/b><\/span><\/td>\n<td>\n<p data-path-to-node=\"10,2,3,0\"><span data-path-to-node=\"10,2,3,0,1\"><span class=\"citation-38\">\u00a0450 Nm <\/span><\/span><\/p>\n<div class=\"source-inline-chip-container ng-star-inserted\"><\/div>\n<div class=\"source-inline-chip-container ng-star-inserted\"><\/div>\n<div class=\"source-inline-chip-container ng-star-inserted\"><\/div>\n<p>&nbsp;<\/td>\n<\/tr>\n<tr>\n<td><span data-path-to-node=\"10,3,0,0\"><b data-path-to-node=\"10,3,0,0\" data-index-in-node=\"0\">Leon Limousine VZ<\/b><\/span><\/td>\n<td><span data-path-to-node=\"10,3,1,0\">300 k (221 kW)<\/span><\/td>\n<td><span data-path-to-node=\"10,3,2,0\"><b data-path-to-node=\"10,3,2,0\" data-index-in-node=\"0\">360 k (265 kW)<\/b><\/span><\/td>\n<td>\n<p data-path-to-node=\"10,3,3,0\"><span data-path-to-node=\"10,3,3,0,1\"><span class=\"citation-37\">\u00a0450 Nm <\/span><\/span><\/p>\n<div class=\"source-inline-chip-container ng-star-inserted\"><\/div>\n<div class=\"source-inline-chip-container ng-star-inserted\"><\/div>\n<p>&nbsp;<\/td>\n<\/tr>\n<\/tbody>\n<\/table>\n<p data-path-to-node=\"12\"><span data-path-to-node=\"12,0\"><span class=\"citation-36\">Pozn\u00e1mka: \u00dapravy jsou dostupn\u00e9 i pro dal\u0161\u00ed motorizace, v\u010detn\u011b 1.5 TSI a hybridn\u00edch verz\u00ed<\/span><\/span><span data-path-to-node=\"12,2\">.<\/span><\/p>\n<p><iframe loading=\"lazy\"  id=\"_ytid_24443\"  width=\"640\" height=\"360\"  data-origwidth=\"640\" data-origheight=\"360\" src=\"https:\/\/www.youtube.com\/embed\/V6Lr8mqLTHg?enablejsapi=1&#038;autoplay=0&#038;cc_load_policy=0&#038;cc_lang_pref=&#038;iv_load_policy=1&#038;loop=0&#038;modestbranding=0&#038;rel=1&#038;fs=1&#038;playsinline=0&#038;autohide=2&#038;theme=dark&#038;color=red&#038;controls=1&#038;\" class=\"__youtube_prefs__  epyt-is-override  no-lazyload\" title=\"YouTube player\"  allow=\"accelerometer; autoplay; clipboard-write; encrypted-media; gyroscope; picture-in-picture\" allowfullscreen data-no-lazy=\"1\" data-skipgform_ajax_framebjll=\"\"><\/iframe><\/p>\n<h3 data-path-to-node=\"14\">Co v\u0161echno v edici z\u00edsk\u00e1te?<\/h3>\n<p data-path-to-node=\"15\"><span data-path-to-node=\"15,1\"><span class=\"citation-35\">Krom\u011b citeln\u00e9ho n\u00e1r\u016fstu v\u00fdkonu d\u00edky jednotce <\/span><b data-path-to-node=\"15,1\" data-index-in-node=\"45\"><span class=\"citation-35\">ABT Power<\/span><\/b><span class=\"citation-35\"> obsahuj\u00ed bal\u00ed\u010dky i vizu\u00e1ln\u00ed a funk\u010dn\u00ed vylep\u0161en\u00ed<\/span><\/span><span data-path-to-node=\"15,3\">:<\/span><\/p>\n<ul data-path-to-node=\"16\">\n<li>\n<p data-path-to-node=\"16,0,1\"><span data-path-to-node=\"16,0,1,0\"><b data-path-to-node=\"16,0,1,0\" data-index-in-node=\"0\"><span class=\"citation-34\">Aerodynamick\u00e9 prvky:<\/span><\/b><span class=\"citation-34\"> P\u0159edn\u00ed a zadn\u00ed spoilery (podle modelu)<\/span><\/span><span data-path-to-node=\"16,0,1,2\">.<\/span><\/p>\n<\/li>\n<li>\n<p data-path-to-node=\"16,1,1\"><span data-path-to-node=\"16,1,1,0\"><b data-path-to-node=\"16,1,1,0\" data-index-in-node=\"0\"><span class=\"citation-33\">Pr\u00e9miov\u00e1 kola:<\/span><\/b><span class=\"citation-33\"> ABT Sport GR v rozm\u011brech 20&#8243; nebo 21&#8243;<\/span><\/span><span data-path-to-node=\"16,1,1,2\">.<\/span><\/p>\n<\/li>\n<li>\n<p data-path-to-node=\"16,2,1\"><span data-path-to-node=\"16,2,1,0\"><b data-path-to-node=\"16,2,1,0\" data-index-in-node=\"0\"><span class=\"citation-32\">Interi\u00e9rov\u00e9 detaily:<\/span><\/b><span class=\"citation-32\"> Start\/stop tla\u010d\u00edtko a exkluzivn\u00ed sada kobere\u010dk\u016f<\/span><\/span><span data-path-to-node=\"16,2,1,2\">.<\/span><\/p>\n<\/li>\n<li>\n<p data-path-to-node=\"16,3,1\"><span data-path-to-node=\"16,3,1,0\"><b data-path-to-node=\"16,3,1,0\" data-index-in-node=\"0\"><span class=\"citation-31\">Voliteln\u011b:<\/span><\/b><span class=\"citation-31\"> Sn\u00ed\u017een\u00ed podvozku o 30 mm nebo \u0159adic\u00ed p\u00e1dla pod volantem<\/span><\/span><span data-path-to-node=\"16,3,1,2\">.<\/span><\/p>\n<\/li>\n<\/ul>\n<h3 data-path-to-node=\"17\">Dostupnost a mont\u00e1\u017e<\/h3>\n<p data-path-to-node=\"18\"><span data-path-to-node=\"18,1\"><span class=\"citation-30\">Zat\u00edmco objedn\u00e1vku m\u016f\u017eete vy\u0159\u00eddit u autorizovan\u00e9ho prodejce <\/span><b data-path-to-node=\"18,1\" data-index-in-node=\"60\"><span class=\"citation-30\">Pyramida Pr\u016fhonice<\/span><\/b><span class=\"citation-30\"> nebo p\u0159\u00edmo v <\/span><b data-path-to-node=\"18,1\" data-index-in-node=\"92\"><span class=\"citation-30\">ABT Czech<\/span><\/b><span class=\"citation-30\">, samotn\u00e1 odborn\u00e1 instalace prob\u00edh\u00e1 v\u00fdhradn\u011b v certifikovan\u00e9m z\u00e1zem\u00ed ve <\/span><b data-path-to-node=\"18,1\" data-index-in-node=\"173\"><span class=\"citation-30\">Vr\u0161ovic\u00edch<\/span><\/b><span class=\"citation-30\">, aby byla zaru\u010dena nekompromisn\u00ed kvalita<\/span><\/span><span data-path-to-node=\"18,3\">.<\/span><\/p>\n<ul data-path-to-node=\"19\">\n<li>\n<p data-path-to-node=\"19,0,0\"><span data-path-to-node=\"19,0,0,0\"><b data-path-to-node=\"19,0,0,0\" data-index-in-node=\"0\">Cena edice Formentor:<\/b> 197 500 K\u010d v\u010d. <\/span><span data-path-to-node=\"19,0,0,2\"><span class=\"citation-29\">DPH<\/span><\/span><span data-path-to-node=\"19,0,0,4\">.<\/span><\/p>\n<\/li>\n<li>\n<p data-path-to-node=\"19,1,0\"><span data-path-to-node=\"19,1,0,0\"><b data-path-to-node=\"19,1,0,0\" data-index-in-node=\"0\">Cena edice Terramar:<\/b> 207 500 K\u010d v\u010d. <\/span><span data-path-to-node=\"19,1,0,2\"><span class=\"citation-28\">DPH<\/span><\/span><span data-path-to-node=\"19,1,0,4\">.<\/span><\/p>\n<\/li>\n<li>\n<p data-path-to-node=\"19,2,0\"><span data-path-to-node=\"19,2,0,0\"><b data-path-to-node=\"19,2,0,0\" data-index-in-node=\"0\">Cena edice Leon:<\/b> 155 000 K\u010d v\u010d. <\/span><span data-path-to-node=\"19,2,0,2\"><span class=\"citation-27\">DPH<\/span><\/span><span data-path-to-node=\"19,2,0,4\">.<\/span><\/p>\n<\/li>\n<\/ul>\n<p data-path-to-node=\"20\"><span data-path-to-node=\"20,1\"><span class=\"citation-26\">V nejbli\u017e\u0161\u00edch t\u00fddnech se po\u010d\u00edt\u00e1 s roz\u0161\u00ed\u0159en\u00edm prodejn\u00ed s\u00edt\u011b k dal\u0161\u00edm dealer\u016fm po cel\u00e9 \u010cR<\/span><\/span><span data-path-to-node=\"20,3\">. <\/span><span data-path-to-node=\"20,5\"><span class=\"citation-25\">Pokud tedy tou\u017e\u00edte po unik\u00e1tn\u00edm voze, kter\u00fd vy\u010dn\u00edv\u00e1 z davu, cesta k n\u011bmu je nyn\u00ed jednodu\u0161\u0161\u00ed ne\u017e kdy d\u0159\u00edv<\/span><\/span><span data-path-to-node=\"20,7\">.<\/span><\/p>\n<p>&nbsp;<\/p>\n<\/div>\n<p><!--more--><\/p>\n","protected":false},"excerpt":{"rendered":"<p>Milovn\u00edci ostr\u00fdch \u0161pan\u011blsk\u00fdch voz\u016f maj\u00ed d\u016fvod k oslav\u011b. V Praze se otev\u00edr\u00e1 br\u00e1na do sv\u011bta&#8230;<\/p>\n","protected":false},"author":4,"featured_media":19237,"comment_status":"closed","ping_status":"closed","sticky":false,"template":"","format":"standard","meta":{"footnotes":""},"categories":[59,23,26,11,66],"tags":[],"class_list":["post-19235","post","type-post","status-publish","format-standard","has-post-thumbnail","hentry","category-automakers-tv","category-dodavatele","category-eventy","category-importeri","category-video"],"_links":{"self":[{"href":"https:\/\/www.automakers.cz\/index.php?rest_route=\/wp\/v2\/posts\/19235","targetHints":{"allow":["GET"]}}],"collection":[{"href":"https:\/\/www.automakers.cz\/index.php?rest_route=\/wp\/v2\/posts"}],"about":[{"href":"https:\/\/www.automakers.cz\/index.php?rest_route=\/wp\/v2\/types\/post"}],"author":[{"embeddable":true,"href":"https:\/\/www.automakers.cz\/index.php?rest_route=\/wp\/v2\/users\/4"}],"replies":[{"embeddable":true,"href":"https:\/\/www.automakers.cz\/index.php?rest_route=%2Fwp%2Fv2%2Fcomments&post=19235"}],"version-history":[{"count":6,"href":"https:\/\/www.automakers.cz\/index.php?rest_route=\/wp\/v2\/posts\/19235\/revisions"}],"predecessor-version":[{"id":19275,"href":"https:\/\/www.automakers.cz\/index.php?rest_route=\/wp\/v2\/posts\/19235\/revisions\/19275"}],"wp:featuredmedia":[{"embeddable":true,"href":"https:\/\/www.automakers.cz\/index.php?rest_route=\/wp\/v2\/media\/19237"}],"wp:attachment":[{"href":"https:\/\/www.automakers.cz\/index.php?rest_route=%2Fwp%2Fv2%2Fmedia&parent=19235"}],"wp:term":[{"taxonomy":"category","embeddable":true,"href":"https:\/\/www.automakers.cz\/index.php?rest_route=%2Fwp%2Fv2%2Fcategories&post=19235"},{"taxonomy":"post_tag","embeddable":true,"href":"https:\/\/www.automakers.cz\/index.php?rest_route=%2Fwp%2Fv2%2Ftags&post=19235"}],"curies":[{"name":"wp","href":"https:\/\/api.w.org\/{rel}","templated":true}]}}