{"id":1927,"date":"2024-02-02T15:10:51","date_gmt":"2024-02-02T15:10:51","guid":{"rendered":"https:\/\/www.automakers.cz\/?p=1927"},"modified":"2024-02-05T19:05:05","modified_gmt":"2024-02-05T19:05:05","slug":"tatra-trucks-chce-vyrabet-2500-aut-rocne","status":"publish","type":"post","link":"https:\/\/www.automakers.cz\/?p=1927","title":{"rendered":"Tatra Trucks chce vyr\u00e1b\u011bt 2500 aut ro\u010dn\u011b"},"content":{"rendered":"<p class=\"xmprfx_MsoNormal\"><b>Za lo\u0148sk\u00fd rok kop\u0159ivnick\u00e1 Tatra Trucks, kterou vlastn\u00ed akcion\u00e1\u0159i z Czechoslovak Group a Promet Group, vyrobila a prodala 1451 vozidel. Loni tak\u00e9 p\u0159edstavila n\u011bkolik nov\u00fdch technologick\u00fdch projekt\u016f, letos p\u0159edstav\u00ed dal\u0161\u00ed novinky ve sv\u00e9 produkci.<\/b><!--more--><\/p>\n<p class=\"xmprfx_MsoNormal\">Tatra Trucks se soust\u0159e\u010fuje p\u0159edev\u0161\u00edm na v\u00fdvoj a v\u00fdrobu pln\u011bpohonn\u00fdch st\u0159edn\u00edch a t\u011b\u017ek\u00fdch n\u00e1kladn\u00edch automobil\u016f pro nejr\u016fzn\u011bj\u0161\u00ed \u00fa\u010dely a pro celou \u0159adu segment\u016f. D\u00edky tomu m\u016f\u017ee diverzifikovat v\u00fdrobu a prodej vozidel, z\u00e1rove\u0148 se ale sna\u017e\u00ed udr\u017eovat rovnov\u00e1hu objemu v\u00fdroby pro civiln\u00ed a obrann\u00fd sektor. To v\u0161e m\u00e1 vliv na postupn\u00fd r\u016fst firmy, kter\u00e1 si klade za c\u00edl do n\u011bkolika let dos\u00e1hnout produkce a\u017e 2500 voz\u016f za rok.<\/p>\n<p class=\"xmprfx_MsoNormal\">V roce 2023 Tatra vyrobila a z\u00e1kazn\u00edk\u016fm dodala 1451 automobil\u016f, co\u017e je o v\u00edce ne\u017e 100 kus\u016f v\u00edce ve srovn\u00e1n\u00ed s rokem p\u0159edch\u00e1zej\u00edc\u00edm. P\u0159edev\u0161\u00edm v lo\u0148sk\u00e9m \u010dtvrt\u00e9m kvart\u00e1lu objem v\u00fdroby v\u00fdrazn\u011b akceleroval a v tomto trendu automobilka pokra\u010duje i v leto\u0161n\u00edm roce. Tatra tak\u00e9 \u00fasp\u011b\u0161n\u011b hospoda\u0159ila po str\u00e1nce tr\u017eeb i EBITDA, jej\u00ed finan\u010dn\u00ed v\u00fdsledky ale budou zve\u0159ejn\u011bny standardn\u011b a\u017e v pr\u016fb\u011bhu roku 2024 spole\u010dn\u011b s v\u00fdro\u010dn\u00ed zpr\u00e1vou.<\/p>\n<p class=\"xmprfx_MsoNormal\">\u201eVloni jsme dodali necelou polovinu prodan\u00fdch vozidel do civiln\u00edho sektoru, nejv\u00edce hasi\u010dsk\u00fdm a z\u00e1chran\u00e1\u0159sk\u00fdm slo\u017ek\u00e1m, d\u00e1le pak do stavebnictv\u00ed, t\u011b\u017eebn\u00edho pr\u016fmyslu, zem\u011bd\u011blstv\u00ed nebo komun\u00e1ln\u00edch slu\u017eeb atd. P\u0159es polovinu produkce pak tvo\u0159ily automobily a podvozky pro obrann\u00e9 a bezpe\u010dnostn\u00ed slo\u017eky, v\u010detn\u011b Arm\u00e1dy \u010cesk\u00e9 republiky, pro kterou je Tatra Trucks dlouhodob\u00fdm strategick\u00fdm partnerem. D\u016fle\u017eitost dom\u00e1c\u00edho trhu pro na\u0161i spole\u010dnost podtrhuje i fakt, \u017ee zhruba 40 procent vyroben\u00fdch vozidel sm\u011b\u0159ovalo pr\u00e1v\u011b k \u010desk\u00fdm z\u00e1kazn\u00edk\u016fm,\u201c \u0159ekl Luk\u00e1\u0161 Andr\u00fdsek, gener\u00e1ln\u00ed \u0159editel Tatra Trucks.<\/p>\n<p class=\"xmprfx_MsoNormal\">Mezi nejv\u011bt\u0161\u00ed odb\u011bratele v zahrani\u010d\u00ed pat\u0159\u00ed tak\u00e9 z\u00e1kazn\u00edci v Indii, Rakousku, Slovensku, Austr\u00e1lii, Polsku, na Ukrajin\u011b, v Srbsku \u010di N\u011bmecku, men\u0161\u00ed po\u010dty speci\u00e1ln\u00edch vozidel putovaly i na dal\u0161\u00ed zaj\u00edmav\u00e9 a siln\u011b konkuren\u010dn\u00ed trhy, jako jsou nap\u0159\u00edklad \u0160v\u00fdcarsko, Francie, Hongkong \u010di Ji\u017en\u00ed Korea.<\/p>\n<p class=\"xmprfx_MsoNormal\"><b>Zak\u00e1zky na hasi\u010dsk\u00e9 speci\u00e1ly a logistick\u00e9 vozy pro Arm\u00e1du \u010cR<\/b><\/p>\n<p class=\"xmprfx_MsoNormal\">Mezi nejv\u00fdznamn\u011bj\u0161\u00ed zak\u00e1zky z minul\u00e9ho roku pat\u0159\u00ed objedn\u00e1vka na v\u00edce ne\u017e dv\u011b stovky hasi\u010dsk\u00fdch speci\u00e1l\u016f na podvozc\u00edch Tatra pro HZS \u010cesk\u00e9 republiky.<\/p>\n<p class=\"xmprfx_MsoNormal\">\u201eNa z\u00e1klad\u011b tohoto kontraktu tak od lo\u0148sk\u00e9ho z\u00e1\u0159\u00ed ve spolupr\u00e1ci s THT Poli\u010dka a KOBIT-THZ pracujeme na dod\u00e1vk\u00e1ch a\u017e 232 automobilov\u00fdch st\u0159\u00edka\u010dek \u010desk\u00fdm hasi\u010d\u016fm. R\u00e1mcov\u00e1 dohoda p\u0159edpokl\u00e1d\u00e1 v\u00fdrobu a\u017e 100 kus\u016f vozidel CAS 20, 45 kus\u016f CAS 30 a 87 kus\u016f st\u0159\u00edka\u010dek CAS 30 pro velkoobjemov\u00e9 ha\u0161en\u00ed v\u010detn\u011b voliteln\u00e9ho po\u017e\u00e1rn\u00edho p\u0159\u00edslu\u0161enstv\u00ed a komunika\u010dn\u00edch prost\u0159edk\u016f,\u201c konstatoval v\u00fdkonn\u00fd \u0159editel automobilky Petr Bur\u0161\u00edk. Tento rozs\u00e1hl\u00fd projekt navazuje na podobnou zak\u00e1zku z podzimu 2022, v r\u00e1mci kter\u00e9 vloni Tatra spole\u010dn\u011b s THT Poli\u010dka zaji\u0161\u0165ovala dod\u00e1vky 100 kus\u016f cisternov\u00fdch st\u0159\u00edka\u010dek CAS 20 rovn\u011b\u017e pro HZS \u010cesk\u00e9 republiky.<\/p>\n<p class=\"xmprfx_MsoNormal\">\u201eVloni na ja\u0159e jsme dodali prvn\u00ed kusy podvozk\u016f Tatra Force 4&#215;4 pro hasi\u010dsk\u00e9 speci\u00e1ly, kter\u00e9 vznikly ve spolupr\u00e1ci s firmou Rosenbauer na z\u00e1klad\u011b objedn\u00e1vky n\u011bmeck\u00e9 arm\u00e1dy. Ta si objednala celkem 77 kus\u016f tatrovek s hasi\u010dsk\u00fdmi n\u00e1stavbami a vybaven\u00edm od tohoto rakousk\u00e9ho v\u00fdrobce. V lo\u0148sk\u00e9m roce Tatra tak\u00e9 zavr\u0161ila kontrakt na 209 valn\u00edk\u016f Tatra Force 6&#215;6 pro Arm\u00e1du \u010cesk\u00e9 republiky, kdy\u017e jsme v srpnu voj\u00e1k\u016fm p\u0159edali posledn\u00ed kusy,\u201c p\u0159ibl\u00ed\u017eil Tom\u00e1\u0161 Mynar\u010d\u00edk, \u0159editel obchodu kop\u0159ivnick\u00e9 automobilky.<\/p>\n<p><img loading=\"lazy\" decoding=\"async\" class=\"alignnone size-medium wp-image-1930\" src=\"http:\/\/www.automakers.cz\/wp-content\/uploads\/2024\/02\/Tatra-Force-6x6-small-900x486.jpg\" alt=\"\" width=\"900\" height=\"486\" srcset=\"https:\/\/www.automakers.cz\/wp-content\/uploads\/2024\/02\/Tatra-Force-6x6-small-900x486.jpg 900w, https:\/\/www.automakers.cz\/wp-content\/uploads\/2024\/02\/Tatra-Force-6x6-small-1024x552.jpg 1024w, https:\/\/www.automakers.cz\/wp-content\/uploads\/2024\/02\/Tatra-Force-6x6-small-768x414.jpg 768w, https:\/\/www.automakers.cz\/wp-content\/uploads\/2024\/02\/Tatra-Force-6x6-small-1536x829.jpg 1536w, https:\/\/www.automakers.cz\/wp-content\/uploads\/2024\/02\/Tatra-Force-6x6-small-2048x1105.jpg 2048w\" sizes=\"auto, (max-width: 900px) 100vw, 900px\" \/><\/p>\n<p class=\"xmprfx_MsoNormal\">Tatra pot\u00e9 arm\u00e1d\u011b dodala je\u0161t\u011b 30 kus\u016f h\u00e1kov\u00fdch naklada\u010d\u016f Tatra Force 8&#215;8, letos na n\u011b nav\u00e1\u017ee v\u00fdroba dal\u0161\u00edch 50 exempl\u00e1\u0159\u016f t\u011bchto voz\u016f. Pokra\u010dovala tak\u00e9 produkce podvozk\u016f vojensk\u00fdch logistick\u00fdch vozidel, kter\u00e1 Tatra ve spolupr\u00e1ci s firmou DAF Trucks dod\u00e1v\u00e1 belgick\u00e9 arm\u00e1d\u011b.<\/p>\n<p class=\"xmprfx_MsoNormal\">Tatra Trucks loni vyrobila nap\u0159\u00edklad n\u011bkolik podvozk\u016f pro obytn\u00e1 a expedi\u010dn\u00ed vozidla nebo unik\u00e1tn\u00ed speci\u00e1l Tatra Phoenix s celkovou hmotnost\u00ed 62 tun p\u0159ipraven\u00fd s australsk\u00fdm dealerem Offroad Trucks Australia pro tamn\u00ed t\u011b\u017ea\u0159skou spole\u010dnost Rio Tinto. Pokra\u010doval tak\u00e9 projekt Tatra do \u0161kol, jeho\u017e prost\u0159ednictv\u00edm automobilka ve spolupr\u00e1ci s dealery a krajsk\u00fdmi samospr\u00e1vami pom\u00e1h\u00e1 rozvoji \u010desk\u00e9ho \u0161kolstv\u00ed v oblasti automotive a servisn\u00edch slu\u017eeb. Projekt z\u00e1rove\u0148 podporuje modernizaci vybaven\u00ed a techniky krajsk\u00fdch spr\u00e1v komunikac\u00ed.<\/p>\n<p class=\"xmprfx_MsoNormal\"><a target=\"_blank\" rel=\"noopener noreferrer\" name=\"_heading=h.gjdgxs\"><\/a><b>Nov\u00e9 projekty a novinky<br \/>\n<\/b><\/p>\n<p class=\"xmprfx_MsoNormal\">Rok 2023 se tak\u00e9 nesl ve znamen\u00ed oslav 100 let existence tatrov\u00e1ck\u00e9 koncepce podvozku s centr\u00e1ln\u00ed nosnou rourou a v\u00fdkyvn\u00fdmi nez\u00e1visle zav\u011b\u0161en\u00fdmi polon\u00e1pravami, kterou Hans Ledwinka poprv\u00e9 pou\u017eil v roce 1923 u typu Tatra 11. Byl to tak\u00e9 10. rok \u00fasp\u011b\u0161n\u00e9ho fungov\u00e1n\u00ed spole\u010dnosti Tatra Trucks pod taktovkou \u010desk\u00fdch akcion\u00e1\u0159\u016f z Czechoslovak Group a Promet Group. Rok 2023 ale tak\u00e9 p\u0159inesl novinky, kter\u00e9 v bl\u00edzk\u00e9 budoucnosti p\u0159inesou v\u00fdrazn\u00e9 zm\u011bny do produktov\u00e9ho portfolia Tatry, je\u017e budou znamenat velk\u00fd p\u0159\u00ednos pro z\u00e1kazn\u00edky.<\/p>\n<p class=\"xmprfx_MsoNormal\">\u201eNejd\u0159\u00edve jsme na veletrhu PYROS 2023 p\u0159edstavili t\u0159et\u00ed generaci modelov\u00e9 \u0159ady Tatra Force, a to v civiln\u00ed verzi pro hasi\u010de, kter\u00e1 p\u0159in\u00e1\u0161\u00ed z\u00e1sadn\u00ed elektronizaci a digitalizaci i nov\u00e1 technick\u00e1 \u0159e\u0161en\u00ed a vylep\u0161en\u00e9 motory. Za\u010d\u00e1tkem podzimu jsme pak ve\u0159ejnosti uk\u00e1zali prototyp nov\u00e9 generace \u0159ady Tatra Force se syst\u00e9mem automatizovan\u00e9ho \u0159\u00edzen\u00ed v jeho prvn\u00ed f\u00e1zi v\u00fdvoje. Tento v\u016fz je mo\u017en\u00e9 \u0159\u00eddit pomoc\u00ed d\u00e1lkov\u00e9ho ovl\u00e1d\u00e1n\u00ed a takto m\u016f\u017ee naj\u00edt vyu\u017eit\u00ed nap\u0159\u00edklad u hasi\u010d\u016f \u010di z\u00e1chran\u00e1\u0159\u016f, p\u0159\u00edpadn\u011b v\u00a0t\u011b\u017eebn\u00edm pr\u016fmyslu. Dal\u0161\u00ed v\u00fdvoj bude sm\u011b\u0159ovat k vozidlu schopn\u00e9mu zcela autonomn\u00ed j\u00edzdy,\u201c p\u0159ibl\u00ed\u017eil novinky Radom\u00edr Smolka, \u0159editel v\u00fdzkumu a v\u00fdvoje kop\u0159ivnick\u00e9 firmy.<\/p>\n<p class=\"xmprfx_MsoNormal\">V \u0159\u00edjnu pak Tatra ve spolupr\u00e1ci s partnery p\u0159edstavila prototyp automobilu Tatra Force e-Drive s pohonem elektrick\u00fdm trak\u010dn\u00edm motorem v\u00a0kombinaci s\u00a0vod\u00edkov\u00fdmi palivov\u00fdmi \u010dl\u00e1nky. V leto\u0161n\u00edm roce se tento prototyp, kter\u00fd je prvn\u00edm elektrick\u00fdm (a tedy lok\u00e1ln\u011b bezemisn\u00edm) t\u011b\u017ek\u00fdm n\u00e1kladn\u00edm vozem zna\u010dky v\u00a0historii, podrob\u00ed dal\u0161\u00edm f\u00e1z\u00edm n\u00e1ro\u010dn\u00fdch zkou\u0161ek v re\u00e1ln\u00fdch provozn\u00edch podm\u00ednk\u00e1ch.<\/p>\n<p><strong>Letos v pl\u00e1nu r\u016fst produkce<\/strong><\/p>\n<p class=\"xmprfx_MsoNormal\">Pro leto\u0161n\u00ed rok Tatra Trucks op\u011bt pl\u00e1nuje n\u00e1r\u016fst objemu v\u00fdroby, \u010demu\u017e maj\u00ed napomoci restrukturaliza\u010dn\u00ed kroky postupn\u011b prov\u00e1d\u011bn\u00e9 od lo\u0148ska. Tatra m\u00e1 pro tento z\u00e1m\u011br dobr\u00e9 p\u0159edpoklady, nebo\u0165 velk\u00e1 \u010d\u00e1st pl\u00e1novan\u00e9 v\u00fdroby je ji\u017e pokryta objedn\u00e1vkami z\u00e1kazn\u00edk\u016f. Tatra tak\u00e9 pl\u00e1nuje p\u0159edstavit v prvn\u00ed polovin\u011b tohoto roku dal\u0161\u00ed z\u00e1sadn\u00ed novinku, a to novou generaci modelov\u00e9 \u0159ady Tatra Phoenix. N\u00e1sledn\u011b, v polovin\u011b roku, tak\u00e9 p\u0159edstav\u00ed vojensk\u00e9 verze t\u0159et\u00ed generace modelu Tatra Force, \u010d\u00edm\u017e se ucel\u00ed z\u00e1kaznick\u00e9 portfolio t\u00e9to st\u011b\u017eejn\u00ed \u0159ady.<\/p>\n<p class=\"xmprfx_MsoNormal\"><b>Tatra Trucks<br \/>\n<\/b><\/p>\n<p class=\"xmprfx_MsoNormal\">Akciov\u00e1 spole\u010dnost Tatra Trucks p\u0159evzala v roce 2013 sv\u011btozn\u00e1mou zna\u010dku a kop\u0159ivnickou automobilku, kter\u00e1 po zm\u011bn\u011b vlastnick\u00e9 struktury pro\u0161la \u00fasp\u011b\u0161nou restrukturalizac\u00ed. Krom\u011b standardizovan\u00fdch modelov\u00fdch \u0159ad vyr\u00e1b\u00ed i speci\u00e1ln\u00ed n\u00e1kladn\u00ed vozidla na m\u00edru po\u017eadavk\u016fm z\u00e1kazn\u00edka. Velmi d\u016fle\u017eit\u00e9 jsou dom\u00e1c\u00ed trhy v \u010cesku a na Slovensku, velk\u00e1 \u010d\u00e1st produkce automobilky je ur\u010dena na export do des\u00edtek zem\u00ed sv\u011bta.<\/p>\n<p class=\"xmprfx_MsoNormal\">Automobilka Tatra Trucks zam\u011bstn\u00e1v\u00e1 v\u00edce ne\u017e 1400 lid\u00ed a dal\u0161\u00edch v\u00edce ne\u017e 700 pracuje v dce\u0159in\u00e9m podniku Tatra Metalurgie a.s. zam\u011b\u0159en\u00e9m zejm\u00e9na na sl\u00e9v\u00e1renstv\u00ed a kov\u00e1renstv\u00ed. Akcion\u00e1\u0159i automobilky Tatra Trucks jsou pr\u016fmyslov\u011b-technologick\u00fd holding Czechoslovak Group a stroj\u00edrensk\u00e1 skupina Promet Group.<\/p>\n","protected":false},"excerpt":{"rendered":"<p>Za lo\u0148sk\u00fd rok kop\u0159ivnick\u00e1 Tatra Trucks, kterou vlastn\u00ed akcion\u00e1\u0159i z Czechoslovak Group a Promet Group,&#8230;<\/p>\n","protected":false},"author":1,"featured_media":1567,"comment_status":"open","ping_status":"open","sticky":false,"template":"","format":"standard","meta":{"footnotes":""},"categories":[10,18],"tags":[],"class_list":["post-1927","post","type-post","status-publish","format-standard","has-post-thumbnail","hentry","category-statistika","category-vyroba"],"_links":{"self":[{"href":"https:\/\/www.automakers.cz\/index.php?rest_route=\/wp\/v2\/posts\/1927","targetHints":{"allow":["GET"]}}],"collection":[{"href":"https:\/\/www.automakers.cz\/index.php?rest_route=\/wp\/v2\/posts"}],"about":[{"href":"https:\/\/www.automakers.cz\/index.php?rest_route=\/wp\/v2\/types\/post"}],"author":[{"embeddable":true,"href":"https:\/\/www.automakers.cz\/index.php?rest_route=\/wp\/v2\/users\/1"}],"replies":[{"embeddable":true,"href":"https:\/\/www.automakers.cz\/index.php?rest_route=%2Fwp%2Fv2%2Fcomments&post=1927"}],"version-history":[{"count":3,"href":"https:\/\/www.automakers.cz\/index.php?rest_route=\/wp\/v2\/posts\/1927\/revisions"}],"predecessor-version":[{"id":1932,"href":"https:\/\/www.automakers.cz\/index.php?rest_route=\/wp\/v2\/posts\/1927\/revisions\/1932"}],"wp:featuredmedia":[{"embeddable":true,"href":"https:\/\/www.automakers.cz\/index.php?rest_route=\/wp\/v2\/media\/1567"}],"wp:attachment":[{"href":"https:\/\/www.automakers.cz\/index.php?rest_route=%2Fwp%2Fv2%2Fmedia&parent=1927"}],"wp:term":[{"taxonomy":"category","embeddable":true,"href":"https:\/\/www.automakers.cz\/index.php?rest_route=%2Fwp%2Fv2%2Fcategories&post=1927"},{"taxonomy":"post_tag","embeddable":true,"href":"https:\/\/www.automakers.cz\/index.php?rest_route=%2Fwp%2Fv2%2Ftags&post=1927"}],"curies":[{"name":"wp","href":"https:\/\/api.w.org\/{rel}","templated":true}]}}