{"id":19271,"date":"2026-01-29T08:49:26","date_gmt":"2026-01-29T08:49:26","guid":{"rendered":"https:\/\/www.automakers.cz\/?p=19271"},"modified":"2026-01-29T08:49:26","modified_gmt":"2026-01-29T08:49:26","slug":"toyota-kolin-ziskala-grant-na-integraci-cizincu","status":"publish","type":"post","link":"https:\/\/www.automakers.cz\/?p=19271","title":{"rendered":"Toyota Kol\u00edn z\u00edskala grant na integraci cizinc\u016f"},"content":{"rendered":"<p><strong>Projekt Toyoty Kol\u00edn z\u00edskal 29\u202f000\u202fEUR z Dr. Van Zyl grantu, d\u00edky \u010demu\u017e m\u016f\u017ee Centrum pro integraci cizinc\u016f roz\u0161\u00ed\u0159it podporu v kol\u00ednsk\u00e9m regionu. Zam\u011b\u0159\u00ed se na mlad\u00e9 cizince a dosp\u011bl\u00e9 migranty s vy\u0161\u0161\u00ed kvalifikac\u00ed, kte\u0159\u00ed v \u010cesku \u010dasto nar\u00e1\u017eej\u00ed na jazykov\u00e9, syst\u00e9mov\u00e9 \u010di profesn\u00ed bari\u00e9ry a pro kter\u00e9 dosud nebyla dostupn\u00e1 ucelen\u00e1 a systematick\u00e1 pomoc.<\/strong><!--more--><\/p>\n<p>Mlad\u00ed cizinci ve v\u011bku od 15 let, kte\u0159\u00ed cht\u011bj\u00ed pokra\u010dovat ve studiu na \u010desk\u00e9 st\u0159edn\u00ed \u0161kole, \u010dasto nar\u00e1\u017eej\u00ed na \u0159adu p\u0159ek\u00e1\u017eek \u2013 od nedostate\u010dn\u00e9 znalosti \u010de\u0161tiny p\u0159es slo\u017eitosti p\u0159ij\u00edmac\u00edho \u0159\u00edzen\u00ed a\u017e po neorientovanost v\u00a0\u010desk\u00e9m vzd\u011bl\u00e1vac\u00edm syst\u00e9mu. Projekt jim proto nab\u00eddne jazykov\u00e9 a\u00a0p\u0159\u00edpravn\u00e9 kurzy, pr\u00e1ci v\u00a0men\u0161\u00edch studijn\u00edch skupin\u00e1ch i\u00a0individu\u00e1ln\u00ed podporu. Ta jim pom\u016f\u017ee p\u0159i v\u00fdb\u011bru \u0161koly, vypl\u0148ov\u00e1n\u00ed p\u0159ihl\u00e1\u0161ek i\u00a0v prvn\u00edch m\u011bs\u00edc\u00edch studia, kdy je adaptace nejn\u00e1ro\u010dn\u011bj\u0161\u00ed.<\/p>\n<p>Dosp\u011bl\u00ed migranti s\u202fodborn\u00fdm nebo vysoko\u0161kolsk\u00fdm vzd\u011bl\u00e1n\u00edm zase \u010dasto pracuj\u00ed v\u00a0manu\u00e1ln\u00edch profes\u00edch, p\u0159esto\u017ee maj\u00ed potenci\u00e1l na kvalifikovan\u011bj\u0161\u00ed pracovn\u00ed uplatn\u011bn\u00ed. Omezuj\u00ed je zejm\u00e9na jazykov\u00e9 bari\u00e9ry, neuznan\u00e9 vzd\u011bl\u00e1n\u00ed, nedostatek informac\u00ed o\u00a0\u010desk\u00e9m pracovn\u00edm trhu i\u00a0zku\u0161enost\u00ed s\u202fv\u00fdb\u011brov\u00fdmi \u0159\u00edzen\u00edmi. Projekt jim nab\u00eddne kari\u00e9rn\u00ed poradenstv\u00ed, odborn\u00e9 semin\u00e1\u0159e a\u00a0podporu p\u0159i hled\u00e1n\u00ed zam\u011bstn\u00e1n\u00ed odpov\u00eddaj\u00edc\u00edho jejich dosavadn\u00ed praxi a\u00a0kvalifikaci.<\/p>\n<p>Podpora projektu navazuje na z\u00e1vazek Toyoty b\u00fdt dobr\u00fdm sousedem a\u00a0aktivn\u011b p\u0159isp\u00edvat k\u00a0rozvoji komunity, ve kter\u00e9 p\u016fsob\u00ed. Program pom\u016f\u017ee l\u00e9pe vyu\u017e\u00edt potenci\u00e1l cizinc\u016f \u017eij\u00edc\u00edch a\u00a0pracuj\u00edc\u00edch v\u00a0Kol\u00edn\u011b, Nymburce a\u00a0Kutn\u00e9 Ho\u0159e a\u00a0podpo\u0159\u00ed jejich uplatn\u011bn\u00ed na trhu pr\u00e1ce i\u00a0soci\u00e1ln\u00ed za\u010dlen\u011bn\u00ed.<\/p>\n<p>\u201eD\u00edky podpo\u0159e Toyoty m\u016f\u017eeme v\u00a0regionu c\u00edlen\u011b pomoci mlad\u00fdm lidem i\u00a0dosp\u011bl\u00fdm, kte\u0159\u00ed maj\u00ed potenci\u00e1l usp\u011bt, ale pot\u0159ebuj\u00ed prov\u00e9st slo\u017eit\u00fdm syst\u00e9mem vzd\u011bl\u00e1v\u00e1n\u00ed a\u00a0zam\u011bstn\u00e1v\u00e1n\u00ed v\u00a0nov\u00e9 zemi. Tento grant n\u00e1m umo\u017en\u00ed nab\u00eddnout slu\u017eby, kter\u00e9 tu dlouhodob\u011b chyb\u011bly a\u00a0kter\u00e9 mohou jednotlivc\u016fm i\u00a0cel\u00fdm rodin\u00e1m z\u00e1sadn\u011b zm\u011bnit \u017eivotn\u00ed perspektivu,\u201c uvedla\u00a0<strong>Michala Musilov\u00e1, mana\u017eerka Centra pro integraci cizinc\u016f.<\/strong><\/p>\n<figure id=\"attachment_1566\" aria-describedby=\"caption-attachment-1566\" style=\"width: 900px\" class=\"wp-caption alignnone\"><img loading=\"lazy\" decoding=\"async\" class=\"size-medium wp-image-1566\" src=\"http:\/\/www.automakers.cz\/wp-content\/uploads\/2024\/01\/TMMCZ_AygoX-Toyota-Yaris-900x600.jpg\" alt=\"\" width=\"900\" height=\"600\" srcset=\"https:\/\/www.automakers.cz\/wp-content\/uploads\/2024\/01\/TMMCZ_AygoX-Toyota-Yaris-900x600.jpg 900w, https:\/\/www.automakers.cz\/wp-content\/uploads\/2024\/01\/TMMCZ_AygoX-Toyota-Yaris-1024x683.jpg 1024w, https:\/\/www.automakers.cz\/wp-content\/uploads\/2024\/01\/TMMCZ_AygoX-Toyota-Yaris-768x512.jpg 768w, https:\/\/www.automakers.cz\/wp-content\/uploads\/2024\/01\/TMMCZ_AygoX-Toyota-Yaris-1536x1024.jpg 1536w, https:\/\/www.automakers.cz\/wp-content\/uploads\/2024\/01\/TMMCZ_AygoX-Toyota-Yaris.jpg 1800w\" sizes=\"auto, (max-width: 900px) 100vw, 900px\" \/><figcaption id=\"caption-attachment-1566\" class=\"wp-caption-text\">Toyota produkuje u Kol\u00edna modely Aygo a Yaris<\/figcaption><\/figure>\n<p>Zdroj: Toyota<\/p>\n","protected":false},"excerpt":{"rendered":"<p>Projekt Toyoty Kol\u00edn z\u00edskal 29\u202f000\u202fEUR z Dr. Van Zyl grantu, d\u00edky \u010demu\u017e m\u016f\u017ee Centrum pro&#8230;<\/p>\n","protected":false},"author":1,"featured_media":19272,"comment_status":"closed","ping_status":"closed","sticky":false,"template":"","format":"standard","meta":{"footnotes":""},"categories":[5,18,46],"tags":[],"class_list":["post-19271","post","type-post","status-publish","format-standard","has-post-thumbnail","hentry","category-personalie","category-vyroba","category-vzdelani"],"_links":{"self":[{"href":"https:\/\/www.automakers.cz\/index.php?rest_route=\/wp\/v2\/posts\/19271","targetHints":{"allow":["GET"]}}],"collection":[{"href":"https:\/\/www.automakers.cz\/index.php?rest_route=\/wp\/v2\/posts"}],"about":[{"href":"https:\/\/www.automakers.cz\/index.php?rest_route=\/wp\/v2\/types\/post"}],"author":[{"embeddable":true,"href":"https:\/\/www.automakers.cz\/index.php?rest_route=\/wp\/v2\/users\/1"}],"replies":[{"embeddable":true,"href":"https:\/\/www.automakers.cz\/index.php?rest_route=%2Fwp%2Fv2%2Fcomments&post=19271"}],"version-history":[{"count":2,"href":"https:\/\/www.automakers.cz\/index.php?rest_route=\/wp\/v2\/posts\/19271\/revisions"}],"predecessor-version":[{"id":19274,"href":"https:\/\/www.automakers.cz\/index.php?rest_route=\/wp\/v2\/posts\/19271\/revisions\/19274"}],"wp:featuredmedia":[{"embeddable":true,"href":"https:\/\/www.automakers.cz\/index.php?rest_route=\/wp\/v2\/media\/19272"}],"wp:attachment":[{"href":"https:\/\/www.automakers.cz\/index.php?rest_route=%2Fwp%2Fv2%2Fmedia&parent=19271"}],"wp:term":[{"taxonomy":"category","embeddable":true,"href":"https:\/\/www.automakers.cz\/index.php?rest_route=%2Fwp%2Fv2%2Fcategories&post=19271"},{"taxonomy":"post_tag","embeddable":true,"href":"https:\/\/www.automakers.cz\/index.php?rest_route=%2Fwp%2Fv2%2Ftags&post=19271"}],"curies":[{"name":"wp","href":"https:\/\/api.w.org\/{rel}","templated":true}]}}