{"id":19277,"date":"2026-01-29T12:51:50","date_gmt":"2026-01-29T12:51:50","guid":{"rendered":"https:\/\/www.automakers.cz\/?p=19277"},"modified":"2026-01-29T12:51:50","modified_gmt":"2026-01-29T12:51:50","slug":"lednovy-toyota-vikend-nalakal-3799-lidi","status":"publish","type":"post","link":"https:\/\/www.automakers.cz\/?p=19277","title":{"rendered":"Lednov\u00fd Toyota V\u00edkend nal\u00e1kal 3799 lid\u00ed"},"content":{"rendered":"<p><strong>Celkem 3799 z\u00e1jemc\u016f si nenechalo uj\u00edt leto\u0161n\u00ed prvn\u00ed Toyota V\u00edkend v tuzemsk\u00fdch showroomech zna\u010dky. Je to nejvy\u0161\u0161\u00ed po\u010det n\u00e1v\u0161t\u011bvn\u00edk\u016f za dobu, co Toyota akci po\u0159\u00e1d\u00e1, a to i p\u0159es relativn\u011b nep\u0159\u00edzniv\u00e9 po\u010das\u00ed. B\u011bhem akce absolvovali 1448 testovac\u00edch j\u00edzd.<\/strong><!--more--><\/p>\n<p>V r\u00e1mci prvn\u00edho Toyota V\u00edkendu v tomto roce si z\u00e1kazn\u00edci od p\u00e1tku 23. ledna do ned\u011ble 25. ledna objednali 272 voz\u016f. Nejprod\u00e1van\u011bj\u0161\u00edm modelem se stala nov\u00e1 generace modelu Aygo X vyr\u00e1b\u011bn\u00e9ho v Kol\u00edn\u011b, kterou si objednalo 56 z\u00e1jemc\u016f. Nov\u00e1 generace modelu nov\u011b p\u0159in\u00e1\u0161\u00ed hybridn\u00ed pohon a t\u00edm m\u011bn\u00ed segment nejmen\u0161\u00edch voz\u016f. Spolu s \u00fasporn\u00fdm hybridem je auto vybaveno na \u00farovni odpov\u00eddaj\u00edc\u00ed b\u011b\u017en\u011b model\u016fm o dv\u011b t\u0159\u00eddy v\u00fd\u0161e.<\/p>\n<p><img loading=\"lazy\" decoding=\"async\" class=\"alignnone wp-image-19281\" src=\"http:\/\/www.automakers.cz\/wp-content\/uploads\/2026\/01\/2024__Yaris_Cross_Urban_Khaki_DPL_Dynamic_26-900x600.jpg\" alt=\"\" width=\"1011\" height=\"674\" \/><\/p>\n<p>\u201e<em>Z\u00e1jem o prohl\u00eddku a vyzkou\u0161en\u00ed si na\u0161ich model\u016f n\u00e1s b\u011bhem prvn\u00edho leto\u0161n\u00edho Toyota V\u00edkendu utvrdil v\u00a0tom, \u017ee pro leto\u0161n\u00ed rok m\u00e1me opravdu nabito. \u010cek\u00e1 n\u00e1s letos osm velk\u00fdch premi\u00e9r, tato byla prvn\u00ed z\u00a0nich. I p\u0159es nep\u0159\u00edze\u0148 po\u010das\u00ed jsme uskute\u010dnili rekordn\u00ed po\u010det testovac\u00edch j\u00edzd. Nejv\u00edc p\u0159itom bodoval v\u00a0\u010cR vyr\u00e1b\u011bn\u00fd model Aygo X, kter\u00fd je aktu\u00e1ln\u011b horkou novinkou na na\u0161ich showroomech,\u201c<\/em> \u0159\u00edk\u00e1 gener\u00e1ln\u00ed \u0159editel Toyota a Lexus Martin Pele\u0161ka.<\/p>\n<p>Z\u00e1jem byl i o dal\u0161\u00ed kompaktn\u00ed model Yaris Cross nebo novou generaci RAV4, na kter\u00e9 podepsalo objedn\u00e1vku 44 respektive 29 z\u00e1jemc\u016f. Mezi u\u017eitkov\u00fdmi modely bodovalo zejm\u00e9na Proace City Verso.<\/p>\n<p><img loading=\"lazy\" decoding=\"async\" class=\"alignnone wp-image-19278\" src=\"http:\/\/www.automakers.cz\/wp-content\/uploads\/2026\/01\/2024_PROACE_CITY_VERSO_DSC06682-900x600.jpg\" alt=\"\" width=\"977\" height=\"651\" \/><\/p>\n","protected":false},"excerpt":{"rendered":"<p>Celkem 3799 z\u00e1jemc\u016f si nenechalo uj\u00edt leto\u0161n\u00ed prvn\u00ed Toyota V\u00edkend v tuzemsk\u00fdch showroomech zna\u010dky. Je&#8230;<\/p>\n","protected":false},"author":2,"featured_media":19280,"comment_status":"closed","ping_status":"closed","sticky":false,"template":"","format":"standard","meta":{"footnotes":""},"categories":[17,26,83,28],"tags":[],"class_list":["post-19277","post","type-post","status-publish","format-standard","has-post-thumbnail","hentry","category-dealeri","category-eventy","category-hybridy","category-testy"],"_links":{"self":[{"href":"https:\/\/www.automakers.cz\/index.php?rest_route=\/wp\/v2\/posts\/19277","targetHints":{"allow":["GET"]}}],"collection":[{"href":"https:\/\/www.automakers.cz\/index.php?rest_route=\/wp\/v2\/posts"}],"about":[{"href":"https:\/\/www.automakers.cz\/index.php?rest_route=\/wp\/v2\/types\/post"}],"author":[{"embeddable":true,"href":"https:\/\/www.automakers.cz\/index.php?rest_route=\/wp\/v2\/users\/2"}],"replies":[{"embeddable":true,"href":"https:\/\/www.automakers.cz\/index.php?rest_route=%2Fwp%2Fv2%2Fcomments&post=19277"}],"version-history":[{"count":3,"href":"https:\/\/www.automakers.cz\/index.php?rest_route=\/wp\/v2\/posts\/19277\/revisions"}],"predecessor-version":[{"id":19288,"href":"https:\/\/www.automakers.cz\/index.php?rest_route=\/wp\/v2\/posts\/19277\/revisions\/19288"}],"wp:featuredmedia":[{"embeddable":true,"href":"https:\/\/www.automakers.cz\/index.php?rest_route=\/wp\/v2\/media\/19280"}],"wp:attachment":[{"href":"https:\/\/www.automakers.cz\/index.php?rest_route=%2Fwp%2Fv2%2Fmedia&parent=19277"}],"wp:term":[{"taxonomy":"category","embeddable":true,"href":"https:\/\/www.automakers.cz\/index.php?rest_route=%2Fwp%2Fv2%2Fcategories&post=19277"},{"taxonomy":"post_tag","embeddable":true,"href":"https:\/\/www.automakers.cz\/index.php?rest_route=%2Fwp%2Fv2%2Ftags&post=19277"}],"curies":[{"name":"wp","href":"https:\/\/api.w.org\/{rel}","templated":true}]}}