{"id":1933,"date":"2024-02-05T09:21:00","date_gmt":"2024-02-05T09:21:00","guid":{"rendered":"https:\/\/www.automakers.cz\/?p=1933"},"modified":"2024-02-05T09:22:13","modified_gmt":"2024-02-05T09:22:13","slug":"ae-mobility-vyhrala-univerzitni-tendr","status":"publish","type":"post","link":"https:\/\/www.automakers.cz\/?p=1933","title":{"rendered":"AE-Mobility vyhr\u00e1la univerzitn\u00ed tendr"},"content":{"rendered":"<p class=\"xmprfx_MsoNormal\"><strong>\u010cesk\u00e1 zem\u011bd\u011blsk\u00e1 univerzita v Praze ned\u00e1vno vypsala v\u00fdb\u011brov\u00e9 \u0159\u00edzen\u00ed na dod\u00e1vku dvou elektromobil\u016f, v tendru usp\u011bla AE-Mobility s dod\u00e1vkou dvou Tesel Model Y LR Dual Motor.<\/strong><!--more--><\/p>\n<p class=\"xmprfx_MsoNormal\">\u201eJe mi nesm\u00edrn\u00fdm pot\u011b\u0161en\u00edm, \u017ee n\u00e1\u0161 projekt AE-MOBILITY, kter\u00fd pod z\u00e1\u0161titou Ministerstva \u017eivotn\u00edho prost\u0159ed\u00ed \u0159e\u0161\u00ed komplexn\u00ed slu\u017ebu v oblasti lok\u00e1ln\u011b bezemisn\u00ed mobility, v t\u00e9to sout\u011b\u017ei usp\u011bl. V posledn\u00edch lednov\u00fdch dnech jsem tak m\u011bl tu \u010dest, p\u0159edat virtu\u00e1ln\u00ed kl\u00ed\u010de od voz\u016f do rukou kvestora \u010cZU Ing. Jakuba Kleindiensta a pop\u0159\u00e1t mnoho \u0161\u0165astn\u00fdch bezemisn\u00edch kilometr\u016f,\u201c pochlubil se zakladatel projektu AE-Mobility Radek Donner.<\/p>\n<p><img loading=\"lazy\" decoding=\"async\" class=\"alignnone size-medium wp-image-1935\" src=\"http:\/\/www.automakers.cz\/wp-content\/uploads\/2024\/02\/AE-Mobility-Donner-Tesla-900x675.png\" alt=\"\" width=\"900\" height=\"675\" \/><\/p>\n","protected":false},"excerpt":{"rendered":"<p>\u010cesk\u00e1 zem\u011bd\u011blsk\u00e1 univerzita v Praze ned\u00e1vno vypsala v\u00fdb\u011brov\u00e9 \u0159\u00edzen\u00ed na dod\u00e1vku dvou elektromobil\u016f, v tendru&#8230;<\/p>\n","protected":false},"author":1,"featured_media":247,"comment_status":"open","ping_status":"open","sticky":false,"template":"","format":"standard","meta":{"footnotes":""},"categories":[9,15],"tags":[],"class_list":["post-1933","post","type-post","status-publish","format-standard","has-post-thumbnail","hentry","category-elektromobily","category-fleety"],"_links":{"self":[{"href":"https:\/\/www.automakers.cz\/index.php?rest_route=\/wp\/v2\/posts\/1933","targetHints":{"allow":["GET"]}}],"collection":[{"href":"https:\/\/www.automakers.cz\/index.php?rest_route=\/wp\/v2\/posts"}],"about":[{"href":"https:\/\/www.automakers.cz\/index.php?rest_route=\/wp\/v2\/types\/post"}],"author":[{"embeddable":true,"href":"https:\/\/www.automakers.cz\/index.php?rest_route=\/wp\/v2\/users\/1"}],"replies":[{"embeddable":true,"href":"https:\/\/www.automakers.cz\/index.php?rest_route=%2Fwp%2Fv2%2Fcomments&post=1933"}],"version-history":[{"count":4,"href":"https:\/\/www.automakers.cz\/index.php?rest_route=\/wp\/v2\/posts\/1933\/revisions"}],"predecessor-version":[{"id":1937,"href":"https:\/\/www.automakers.cz\/index.php?rest_route=\/wp\/v2\/posts\/1933\/revisions\/1937"}],"wp:featuredmedia":[{"embeddable":true,"href":"https:\/\/www.automakers.cz\/index.php?rest_route=\/wp\/v2\/media\/247"}],"wp:attachment":[{"href":"https:\/\/www.automakers.cz\/index.php?rest_route=%2Fwp%2Fv2%2Fmedia&parent=1933"}],"wp:term":[{"taxonomy":"category","embeddable":true,"href":"https:\/\/www.automakers.cz\/index.php?rest_route=%2Fwp%2Fv2%2Fcategories&post=1933"},{"taxonomy":"post_tag","embeddable":true,"href":"https:\/\/www.automakers.cz\/index.php?rest_route=%2Fwp%2Fv2%2Ftags&post=1933"}],"curies":[{"name":"wp","href":"https:\/\/api.w.org\/{rel}","templated":true}]}}