{"id":1945,"date":"2024-02-05T11:04:22","date_gmt":"2024-02-05T11:04:22","guid":{"rendered":"https:\/\/www.automakers.cz\/?p=1945"},"modified":"2024-02-05T11:20:35","modified_gmt":"2024-02-05T11:20:35","slug":"dlouha-lhota-hostila-premieru-vw-id-7","status":"publish","type":"post","link":"https:\/\/www.automakers.cz\/?p=1945","title":{"rendered":"Dlouh\u00e1 Lhota hostila premi\u00e9ru VW ID.7 (VIDEO)"},"content":{"rendered":"<p><strong>Elektrick\u00fd Volkswagen ID.7 pro\u0161el v lednu provozn\u011b servisn\u00edm \u0161kolen\u00edm pro dealerskou s\u00ed\u0165 a na Panstv\u00ed Dlouh\u00e1 Lhota u P\u0159\u00edbrami si v posledn\u00edm lednov\u00e9m dnu odbyl produktovou prezentaci a novin\u00e1\u0159sk\u00e9 testovac\u00ed j\u00edzdy.<\/strong><!--more--><\/p>\n<p>Dealersk\u00e9 \u0161kolen\u00ed nov\u00e9ho elektromobilu trvalo dva dny a \u00fa\u010dastnilo se ho 190 lid\u00ed. Novin\u00e1\u0159i se stihli sezn\u00e1mit se z\u00e1kladn\u00edmi informacemi za 40 minut. Pak se \u00fa\u010dastn\u00edci vydali na testovac\u00ed j\u00edzdy po okoln\u00edch p\u0159\u00edbramsk\u00fdch okresk\u00e1ch.<\/p>\n<figure class=\"wp-block-embed wp-block-embed-youtube is-type-video is-provider-youtube epyt-figure\"><div class=\"wp-block-embed__wrapper\"><iframe loading=\"lazy\"  id=\"_ytid_25140\"  width=\"640\" height=\"360\"  data-origwidth=\"640\" data-origheight=\"360\" src=\"https:\/\/www.youtube.com\/embed\/aIdfxJiaB_4?enablejsapi=1&autoplay=0&cc_load_policy=0&cc_lang_pref=&iv_load_policy=1&loop=0&modestbranding=0&rel=1&fs=1&playsinline=0&autohide=2&theme=dark&color=red&controls=1&\" class=\"__youtube_prefs__  no-lazyload\" title=\"YouTube player\"  allow=\"accelerometer; autoplay; clipboard-write; encrypted-media; gyroscope; picture-in-picture\" allowfullscreen data-no-lazy=\"1\" data-skipgform_ajax_framebjll=\"\"><\/iframe><\/div><\/figure>\n<p>&#8222;Nov\u00fd elektromobil je posledn\u00edm p\u0159\u00edr\u016fstkem \u0159ady ID, ker\u00e1 se objevila v roce 2021 na trhu v podob\u011b modelu ID.4. D\u00e1le jsem uvedli ID.5, model ID.Buzz, loni ID.3 a letos vrchol\u00edme velkou limuz\u00ednou,&#8220; uvedl mluv\u010d\u00ed zna\u010dky David Valenta s t\u00edm, \u017ee brzy p\u0159ijde k prodejc\u016fm i prostorn\u011bj\u0161\u00ed verze Tourer.<\/p>\n<p><img loading=\"lazy\" decoding=\"async\" class=\"alignnone size-medium wp-image-1951\" src=\"http:\/\/www.automakers.cz\/wp-content\/uploads\/2024\/02\/VW-TK-ID7-Dloha-Lhota-Valenta-900x675.jpg\" alt=\"\" width=\"900\" height=\"675\" srcset=\"https:\/\/www.automakers.cz\/wp-content\/uploads\/2024\/02\/VW-TK-ID7-Dloha-Lhota-Valenta-900x675.jpg 900w, https:\/\/www.automakers.cz\/wp-content\/uploads\/2024\/02\/VW-TK-ID7-Dloha-Lhota-Valenta-1024x768.jpg 1024w, https:\/\/www.automakers.cz\/wp-content\/uploads\/2024\/02\/VW-TK-ID7-Dloha-Lhota-Valenta-768x576.jpg 768w, https:\/\/www.automakers.cz\/wp-content\/uploads\/2024\/02\/VW-TK-ID7-Dloha-Lhota-Valenta-1536x1152.jpg 1536w, https:\/\/www.automakers.cz\/wp-content\/uploads\/2024\/02\/VW-TK-ID7-Dloha-Lhota-Valenta.jpg 2040w\" sizes=\"auto, (max-width: 900px) 100vw, 900px\" \/><\/p>\n<p>&#8222;V\u016fz s hmotnost\u00ed p\u0159es 2 tuny a v\u00fdkonem 300 kon\u00ed se dob\u0159e dr\u017e\u00ed na silnici d\u00edky modern\u00edm asisten\u010dn\u00edm syst\u00e9m\u016fm, m\u016f\u017ee bez obav i na d\u00e1lnici d\u00edky propracovan\u00e9 aerodynamice. Baterie (400 voltov\u00e1) nab\u00edz\u00ed dob\u00edjen\u00edi a\u017e 180 kw. Devades\u00e1tikilov\u00fd t\u0159\u00edf\u00e1zov\u00fd synchronn\u00ed motor s permanentn\u00edmi magnety je \u00fasporn\u011bj\u0161\u00ed ne\u017e u dal\u0161\u00edch elektromobil\u016f \u0159ady ID, poda\u0159ilo se to sn\u00ed\u017een\u00edm ot\u00e1\u010dek pro zv\u00fd\u0161en\u00ed dojezdu,&#8220; uvedl \u0161kolitel Volkswagenu Radim Sad\u00edlek.<\/p>\n<p><img loading=\"lazy\" decoding=\"async\" class=\"alignnone size-medium wp-image-1954\" src=\"http:\/\/www.automakers.cz\/wp-content\/uploads\/2024\/02\/VW-ID7-Busta-900x675.jpg\" alt=\"\" width=\"900\" height=\"675\" srcset=\"https:\/\/www.automakers.cz\/wp-content\/uploads\/2024\/02\/VW-ID7-Busta-900x675.jpg 900w, https:\/\/www.automakers.cz\/wp-content\/uploads\/2024\/02\/VW-ID7-Busta-1024x768.jpg 1024w, https:\/\/www.automakers.cz\/wp-content\/uploads\/2024\/02\/VW-ID7-Busta-768x576.jpg 768w, https:\/\/www.automakers.cz\/wp-content\/uploads\/2024\/02\/VW-ID7-Busta-1536x1152.jpg 1536w, https:\/\/www.automakers.cz\/wp-content\/uploads\/2024\/02\/VW-ID7-Busta.jpg 2040w\" sizes=\"auto, (max-width: 900px) 100vw, 900px\" \/><\/p>\n<p><strong>Michal Busta z Business Caru zkontroloval v r\u00e1mci testovac\u00ed j\u00edzdy &#8222;motorov\u00fd prostor&#8220; vozu.<\/strong><\/p>\n<p>Hmotnost vozu sni\u017euje hlin\u00edkov\u00e1 karoserie, matrixov\u00e1 sv\u011btla se chlub\u00ed 55 diodami v ka\u017ed\u00e9m sv\u011btlometu. ID.7 se vyr\u00e1b\u00ed v n\u011bmeck\u00e9m Emdenu, baterie poch\u00e1zej\u00ed od extern\u00edch asijsk\u00fdch dodavatel\u016f.<\/p>\n<p>ID.7, v\u011bt\u0161\u00ed ne\u017e VW Passat, m\u00ed\u0159\u00ed hlavn\u011b do fleetov\u00e9ho segmentu, ale prodejci VW s\u00e1zej\u00ed i na ak\u010dn\u00ed verzi modelu s n\u00e1zvem People za 1,6 milionu korun, kter\u00e1 k z\u00e1kladu p\u0159id\u00e1v\u00e1 za p\u0159\u00edplatek 50 tis\u00edc korun v\u00fdbavu za 180 tis\u00edc korun.<\/p>\n<p><strong>Erich Handl, TK VW, Panstv\u00ed Dlouh\u00e1 Lhota<\/strong><\/p>\n<p><img loading=\"lazy\" decoding=\"async\" class=\"alignnone size-medium wp-image-1950\" src=\"http:\/\/www.automakers.cz\/wp-content\/uploads\/2024\/02\/VW-ID7-Dlohha-Lhota-900x600.jpg\" alt=\"\" width=\"900\" height=\"600\" srcset=\"https:\/\/www.automakers.cz\/wp-content\/uploads\/2024\/02\/VW-ID7-Dlohha-Lhota-900x600.jpg 900w, https:\/\/www.automakers.cz\/wp-content\/uploads\/2024\/02\/VW-ID7-Dlohha-Lhota-1024x682.jpg 1024w, https:\/\/www.automakers.cz\/wp-content\/uploads\/2024\/02\/VW-ID7-Dlohha-Lhota-768x512.jpg 768w, https:\/\/www.automakers.cz\/wp-content\/uploads\/2024\/02\/VW-ID7-Dlohha-Lhota.jpg 1238w\" sizes=\"auto, (max-width: 900px) 100vw, 900px\" \/><\/p>\n<p>&nbsp;<\/p>\n<p>&nbsp;<\/p>\n<p>&nbsp;<\/p>\n","protected":false},"excerpt":{"rendered":"<p>Elektrick\u00fd Volkswagen ID.7 pro\u0161el v lednu provozn\u011b servisn\u00edm \u0161kolen\u00edm pro dealerskou s\u00ed\u0165 a na Panstv\u00ed&#8230;<\/p>\n","protected":false},"author":1,"featured_media":1948,"comment_status":"open","ping_status":"open","sticky":false,"template":"","format":"standard","meta":{"footnotes":""},"categories":[9,12,28],"tags":[],"class_list":["post-1945","post","type-post","status-publish","format-standard","has-post-thumbnail","hentry","category-elektromobily","category-premiery","category-testy"],"_links":{"self":[{"href":"https:\/\/www.automakers.cz\/index.php?rest_route=\/wp\/v2\/posts\/1945","targetHints":{"allow":["GET"]}}],"collection":[{"href":"https:\/\/www.automakers.cz\/index.php?rest_route=\/wp\/v2\/posts"}],"about":[{"href":"https:\/\/www.automakers.cz\/index.php?rest_route=\/wp\/v2\/types\/post"}],"author":[{"embeddable":true,"href":"https:\/\/www.automakers.cz\/index.php?rest_route=\/wp\/v2\/users\/1"}],"replies":[{"embeddable":true,"href":"https:\/\/www.automakers.cz\/index.php?rest_route=%2Fwp%2Fv2%2Fcomments&post=1945"}],"version-history":[{"count":12,"href":"https:\/\/www.automakers.cz\/index.php?rest_route=\/wp\/v2\/posts\/1945\/revisions"}],"predecessor-version":[{"id":1953,"href":"https:\/\/www.automakers.cz\/index.php?rest_route=\/wp\/v2\/posts\/1945\/revisions\/1953"}],"wp:featuredmedia":[{"embeddable":true,"href":"https:\/\/www.automakers.cz\/index.php?rest_route=\/wp\/v2\/media\/1948"}],"wp:attachment":[{"href":"https:\/\/www.automakers.cz\/index.php?rest_route=%2Fwp%2Fv2%2Fmedia&parent=1945"}],"wp:term":[{"taxonomy":"category","embeddable":true,"href":"https:\/\/www.automakers.cz\/index.php?rest_route=%2Fwp%2Fv2%2Fcategories&post=1945"},{"taxonomy":"post_tag","embeddable":true,"href":"https:\/\/www.automakers.cz\/index.php?rest_route=%2Fwp%2Fv2%2Ftags&post=1945"}],"curies":[{"name":"wp","href":"https:\/\/api.w.org\/{rel}","templated":true}]}}