{"id":19460,"date":"2026-02-06T09:18:35","date_gmt":"2026-02-06T09:18:35","guid":{"rendered":"https:\/\/www.automakers.cz\/?p=19460"},"modified":"2026-02-06T09:18:58","modified_gmt":"2026-02-06T09:18:58","slug":"auto-roku-2026-v-cr-bude-vyhlaseno-10-unora","status":"publish","type":"post","link":"https:\/\/www.automakers.cz\/?p=19460","title":{"rendered":"Auto roku 2026 v \u010cR bude vyhl\u00e1\u0161eno 10. \u00fanora"},"content":{"rendered":"<p><strong>U\u017e jen p\u00e1r dn\u016f bude trvat kralov\u00e1n\u00ed lo\u0148sk\u00e9ho v\u00edt\u011bze, Mercedesu-Benz t\u0159\u00eddy G, a na pomysln\u00fd tr\u016fn se postav\u00ed nov\u00fd v\u00edt\u011bz ankety Auto roku 2026 v \u010cesk\u00e9 republice, jej\u00edm\u017e vyhla\u0161ovatelem je Svaz dovozc\u016f automobil\u016f.<\/strong><!--more--><\/p>\n<p>Odborn\u00e1 porota slo\u017een\u00e1 z 19 \u010desk\u00fdch motoristick\u00fdch novin\u00e1\u0159\u016f ji\u017e odevzdala sv\u00e9 hlasovac\u00ed l\u00edstky a nezb\u00fdv\u00e1 ne\u017e po\u010dkat na slavnostn\u00ed vyhl\u00e1\u0161en\u00ed v\u00fdsledk\u016f ankety Auto roku 2026 v \u010cesk\u00e9 republice. P\u011bt finalist\u016f \u2013 Audi A6, BMW iX3, Dacia Bigster, Mercedes-Benz CLA a \u0160koda Elroq \u2013 p\u0159i postupu z prvn\u00edho kola d\u011blily pouh\u00e9 \u010dty\u0159i body a rovn\u011b\u017e hlasov\u00e1n\u00ed ve druh\u00e9m<br \/>\nkole bylo neb\u00fdvale vyrovnan\u00e9.<\/p>\n<p>Ka\u017ed\u00fd z porotc\u016f m\u011bl k dispozici 25 bod\u016f, jednomu vozu mohl ud\u011blit maxim\u00e1ln\u011b 10 a svou volbu musel zd\u016fvodnit slovn\u00edm hodnocen\u00edm.<\/p>\n<p>Slavnostn\u00ed vyhl\u00e1\u0161en\u00ed se odehraje 10. \u00fanora od 11:00. Sou\u010d\u00e1st\u00ed programu je odborn\u00fd semin\u00e1\u0159 na t\u00e9ma V\u00fdvoj ve\u0159ejn\u00e9 dob\u00edjec\u00ed infrastruktury v \u010cesk\u00e9 republice v Evropsk\u00e9m kontextu, kter\u00fd povede Luk\u00e1\u0161 Kadula z Centra dopravn\u00edho v\u00fdzkumu, uveden\u00ed nov\u00e9ho \u010dlena do S\u00edn\u011b sl\u00e1vy SDA, kter\u00fd se v\u00fdznamn\u011b pod\u00edlel na rozvoji automobilov\u00e9ho trhu v \u010cesk\u00e9 republice a d\u00e1le<br \/>\nvyhl\u00e1\u0161en\u00ed Dodavatele pro Auto roku 2026 v \u010cesk\u00e9 republice p\u0159ipravovan\u00e9 ve spolupr\u00e1ci s AutoSAP a tak\u00e9 vyhl\u00e1\u0161en\u00ed ankety PR roku, na n\u011bm\u017e SDA spolupracuje s Klubem motoristick\u00fdch novin\u00e1\u0159\u016f.<\/p>\n<p>Premi\u00e9rov\u011b bude slavnostn\u00ed vyhl\u00e1\u0161en\u00ed \u017eiv\u011b p\u0159en\u00e1\u0161eno na YouTube kan\u00e1lu SDA a na facebookov\u00e9m profilu Auto roku.<\/p>\n<p><strong>Zdroj: SDA, Petr Hor\u00e1k<\/strong><\/p>\n<p><strong>Testovac\u00ed j\u00edzdy s kandid\u00e1tsk\u00fdmi automobily se konaly 8. ledna v \u010certousech<\/strong><\/p>\n<p><img loading=\"lazy\" decoding=\"async\" class=\"alignnone size-medium wp-image-18842\" src=\"http:\/\/www.automakers.cz\/wp-content\/uploads\/2026\/01\/Auto-roku-2026-Certousy-Elroq-orez-900x506.jpg\" alt=\"\" width=\"900\" height=\"506\" srcset=\"https:\/\/www.automakers.cz\/wp-content\/uploads\/2026\/01\/Auto-roku-2026-Certousy-Elroq-orez-900x506.jpg 900w, https:\/\/www.automakers.cz\/wp-content\/uploads\/2026\/01\/Auto-roku-2026-Certousy-Elroq-orez-1024x576.jpg 1024w, https:\/\/www.automakers.cz\/wp-content\/uploads\/2026\/01\/Auto-roku-2026-Certousy-Elroq-orez-768x432.jpg 768w, https:\/\/www.automakers.cz\/wp-content\/uploads\/2026\/01\/Auto-roku-2026-Certousy-Elroq-orez-1536x864.jpg 1536w, https:\/\/www.automakers.cz\/wp-content\/uploads\/2026\/01\/Auto-roku-2026-Certousy-Elroq-orez-1280x720.jpg 1280w, https:\/\/www.automakers.cz\/wp-content\/uploads\/2026\/01\/Auto-roku-2026-Certousy-Elroq-orez.jpg 2048w\" sizes=\"auto, (max-width: 900px) 100vw, 900px\" \/><\/p>\n","protected":false},"excerpt":{"rendered":"<p>U\u017e jen p\u00e1r dn\u016f bude trvat kralov\u00e1n\u00ed lo\u0148sk\u00e9ho v\u00edt\u011bze, Mercedesu-Benz t\u0159\u00eddy G, a na pomysln\u00fd&#8230;<\/p>\n","protected":false},"author":1,"featured_media":15974,"comment_status":"closed","ping_status":"closed","sticky":false,"template":"","format":"standard","meta":{"footnotes":""},"categories":[32,11,21],"tags":[],"class_list":["post-19460","post","type-post","status-publish","format-standard","has-post-thumbnail","hentry","category-ankety","category-importeri","category-pr"],"_links":{"self":[{"href":"https:\/\/www.automakers.cz\/index.php?rest_route=\/wp\/v2\/posts\/19460","targetHints":{"allow":["GET"]}}],"collection":[{"href":"https:\/\/www.automakers.cz\/index.php?rest_route=\/wp\/v2\/posts"}],"about":[{"href":"https:\/\/www.automakers.cz\/index.php?rest_route=\/wp\/v2\/types\/post"}],"author":[{"embeddable":true,"href":"https:\/\/www.automakers.cz\/index.php?rest_route=\/wp\/v2\/users\/1"}],"replies":[{"embeddable":true,"href":"https:\/\/www.automakers.cz\/index.php?rest_route=%2Fwp%2Fv2%2Fcomments&post=19460"}],"version-history":[{"count":1,"href":"https:\/\/www.automakers.cz\/index.php?rest_route=\/wp\/v2\/posts\/19460\/revisions"}],"predecessor-version":[{"id":19461,"href":"https:\/\/www.automakers.cz\/index.php?rest_route=\/wp\/v2\/posts\/19460\/revisions\/19461"}],"wp:featuredmedia":[{"embeddable":true,"href":"https:\/\/www.automakers.cz\/index.php?rest_route=\/wp\/v2\/media\/15974"}],"wp:attachment":[{"href":"https:\/\/www.automakers.cz\/index.php?rest_route=%2Fwp%2Fv2%2Fmedia&parent=19460"}],"wp:term":[{"taxonomy":"category","embeddable":true,"href":"https:\/\/www.automakers.cz\/index.php?rest_route=%2Fwp%2Fv2%2Fcategories&post=19460"},{"taxonomy":"post_tag","embeddable":true,"href":"https:\/\/www.automakers.cz\/index.php?rest_route=%2Fwp%2Fv2%2Ftags&post=19460"}],"curies":[{"name":"wp","href":"https:\/\/api.w.org\/{rel}","templated":true}]}}