{"id":19726,"date":"2026-02-18T09:45:39","date_gmt":"2026-02-18T09:45:39","guid":{"rendered":"https:\/\/www.automakers.cz\/?p=19726"},"modified":"2026-02-18T11:05:06","modified_gmt":"2026-02-18T11:05:06","slug":"fiat-chce-letos-zvysit-prodeje-o-115-procent","status":"publish","type":"post","link":"https:\/\/www.automakers.cz\/?p=19726","title":{"rendered":"Fiat chce letos zv\u00fd\u0161it prodeje o 115 procent"},"content":{"rendered":"<p><span style=\"color: #000000;\"><span style=\"font-family: Times New Roman, serif;\"><span style=\"font-size: large;\"><b>B\u0159eznov\u00fd import\u00e9rsk\u00fd speci\u00e1l chyst\u00e1 rozhovory s mana\u017eery zna\u010dek FIAT, JEEP a ALFA\u00a0 ROMEO, kte\u0159\u00ed ned\u00e1vno bilancovali rok 2025 v r\u00e1mci novin\u00e1\u0159sk\u00e9ho setk\u00e1n\u00ed ve sm\u00edchovsk\u00e9m Wine Foodu. Alf\u011b Romeo se loni podle zve\u0159ejn\u011bn\u00fdch \u010d\u00edsel loni da\u0159ilo, zna\u010dky Fiat a Jeep ale evidovaly pokles prodej\u016f. Letos se to m\u00e1 ale razantn\u011b zm\u011bnit!<\/b><\/span><\/span><\/span><!--more--><\/p>\n<p><span style=\"color: #000000;\"><span style=\"font-family: Times New Roman, serif;\"><span style=\"font-size: large;\">Lo\u0148sk\u00e9 v\u00fdkony zna\u010dek osobn\u00edch voz\u016f FCA komentoval \u0159editel<strong> F Automobil Importu Jarom\u00edr He\u0159mansk\u00fd<\/strong>. Podle jeho statistik zaznamenala zna\u010dka<strong> Fiat<\/strong> meziro\u010dn\u00ed pokles o 26 procent na 477 registrac\u00ed, prodeje t\u00e1hl model 600, kter\u00fd zajistil t\u00e9m\u011b\u0159 t\u0159etinu uveden\u00fdch \u010d\u00edsel.<\/span><\/span><\/span><\/p>\n<p>Ani<strong> Jeepu<\/strong> se neda\u0159ilo, prodeje klesly o 17 procent na 355 kus\u016f, prodeje t\u00e1hl Avenger.<\/p>\n<p>Jen <strong>Alfa Romeo l<\/strong>oni prodejn\u011b vyrostla o 9 procent. Registrovala 241 aut, neprod\u00e1van\u011bj\u0161\u00ed bylo Stelvio. &#8222;Byl to nejlep\u0161\u00ed v\u00fdkon Alfy za posledn\u00edch 14 let,&#8220; uvedl He\u0159mansk\u00fd.<\/p>\n<p>Podle jeho slov mohl za prodejn\u00ed propady Fiatu a Jeepu hlavn\u011b nedostatek nov\u00fdch model\u016f. Neda\u0159ilo se r\u016fst ani u\u017eitkov\u00fdm Fiat\u016fm!<\/p>\n<p><img loading=\"lazy\" decoding=\"async\" class=\"alignnone size-medium wp-image-19729\" src=\"http:\/\/www.automakers.cz\/wp-content\/uploads\/2026\/02\/Fiat-pokles-2025-orez-900x601.jpg\" alt=\"\" width=\"900\" height=\"601\" srcset=\"https:\/\/www.automakers.cz\/wp-content\/uploads\/2026\/02\/Fiat-pokles-2025-orez-900x601.jpg 900w, https:\/\/www.automakers.cz\/wp-content\/uploads\/2026\/02\/Fiat-pokles-2025-orez-1024x684.jpg 1024w, https:\/\/www.automakers.cz\/wp-content\/uploads\/2026\/02\/Fiat-pokles-2025-orez-768x513.jpg 768w, https:\/\/www.automakers.cz\/wp-content\/uploads\/2026\/02\/Fiat-pokles-2025-orez.jpg 1399w\" sizes=\"auto, (max-width: 900px) 100vw, 900px\" \/><strong>Na jak\u00e1 \u010d\u00edsla chce v oblasti osobn\u00edch aut c\u00edlit F Automobil Import letos?<\/strong> V showromech se m\u00e1 objevit \u0159ada novinek a tak He\u0159mansk\u00fd pl\u00e1nuje procentu\u00e1ln\u011b vysok\u00e9 n\u00e1r\u016fsty.<\/p>\n<p>Pro Fiat je v pl\u00e1nu<strong> 950 kus\u016f, co\u017e by znamenalo vysok\u00fd 115% r\u016fst<\/strong>! Pomoci by m\u011bly nov\u00e9 modely Ulysse, F2X a F2U. K tomu se maj\u00ed objevit na trhu nov\u00e9 motorizace a nov\u00e1 dealerstv\u00ed v Jihlav\u011b a Liberci.<\/p>\n<p>Prodejn\u00ed r\u016fst pl\u00e1nuje pro p\u0159\u00ed\u0161t\u00ed rok i zna\u010dka Jeep!<\/p>\n<p><strong>Erich Handl, Wine Food<\/strong><\/p>\n<p><img loading=\"lazy\" decoding=\"async\" class=\"alignnone size-medium wp-image-19731\" src=\"http:\/\/www.automakers.cz\/wp-content\/uploads\/2026\/02\/Fiat-cile-2026-orez-900x589.jpg\" alt=\"\" width=\"900\" height=\"589\" srcset=\"https:\/\/www.automakers.cz\/wp-content\/uploads\/2026\/02\/Fiat-cile-2026-orez-900x589.jpg 900w, https:\/\/www.automakers.cz\/wp-content\/uploads\/2026\/02\/Fiat-cile-2026-orez-1024x670.jpg 1024w, https:\/\/www.automakers.cz\/wp-content\/uploads\/2026\/02\/Fiat-cile-2026-orez-768x503.jpg 768w, https:\/\/www.automakers.cz\/wp-content\/uploads\/2026\/02\/Fiat-cile-2026-orez.jpg 1346w\" sizes=\"auto, (max-width: 900px) 100vw, 900px\" \/><\/p>\n","protected":false},"excerpt":{"rendered":"<p>B\u0159eznov\u00fd import\u00e9rsk\u00fd speci\u00e1l chyst\u00e1 rozhovory s mana\u017eery zna\u010dek FIAT, JEEP a ALFA\u00a0 ROMEO, kte\u0159\u00ed ned\u00e1vno&#8230;<\/p>\n","protected":false},"author":1,"featured_media":19261,"comment_status":"closed","ping_status":"closed","sticky":false,"template":"","format":"standard","meta":{"footnotes":""},"categories":[96,11,48],"tags":[],"class_list":["post-19726","post","type-post","status-publish","format-standard","has-post-thumbnail","hentry","category-bilance","category-importeri","category-registrace"],"_links":{"self":[{"href":"https:\/\/www.automakers.cz\/index.php?rest_route=\/wp\/v2\/posts\/19726","targetHints":{"allow":["GET"]}}],"collection":[{"href":"https:\/\/www.automakers.cz\/index.php?rest_route=\/wp\/v2\/posts"}],"about":[{"href":"https:\/\/www.automakers.cz\/index.php?rest_route=\/wp\/v2\/types\/post"}],"author":[{"embeddable":true,"href":"https:\/\/www.automakers.cz\/index.php?rest_route=\/wp\/v2\/users\/1"}],"replies":[{"embeddable":true,"href":"https:\/\/www.automakers.cz\/index.php?rest_route=%2Fwp%2Fv2%2Fcomments&post=19726"}],"version-history":[{"count":11,"href":"https:\/\/www.automakers.cz\/index.php?rest_route=\/wp\/v2\/posts\/19726\/revisions"}],"predecessor-version":[{"id":19751,"href":"https:\/\/www.automakers.cz\/index.php?rest_route=\/wp\/v2\/posts\/19726\/revisions\/19751"}],"wp:featuredmedia":[{"embeddable":true,"href":"https:\/\/www.automakers.cz\/index.php?rest_route=\/wp\/v2\/media\/19261"}],"wp:attachment":[{"href":"https:\/\/www.automakers.cz\/index.php?rest_route=%2Fwp%2Fv2%2Fmedia&parent=19726"}],"wp:term":[{"taxonomy":"category","embeddable":true,"href":"https:\/\/www.automakers.cz\/index.php?rest_route=%2Fwp%2Fv2%2Fcategories&post=19726"},{"taxonomy":"post_tag","embeddable":true,"href":"https:\/\/www.automakers.cz\/index.php?rest_route=%2Fwp%2Fv2%2Ftags&post=19726"}],"curies":[{"name":"wp","href":"https:\/\/api.w.org\/{rel}","templated":true}]}}